{"id":625342,"date":"2021-04-27T06:53:00","date_gmt":"2021-04-27T09:53:00","guid":{"rendered":"http:\/\/diario5.com.ar\/?p=625342"},"modified":"2021-05-22T15:36:09","modified_gmt":"2021-05-22T18:36:09","slug":"625342","status":"publish","type":"post","link":"https:\/\/www.diario5.com.ar\/es\/625342\/","title":{"rendered":"Sistema saturado"},"content":{"rendered":"<h2 class=\"sub-title-primary\">Para evitar un colapso de la estructura de salud de la Ciudad, el gobierno va girando en su posici\u00f3n hacia la indefectiblemente necesaria reedici\u00f3n de las restricciones mayores del a\u00f1o pasado. .<\/h2> <p><!--googleoff:index--><br \/>\nYa se anunci\u00f3 que no se descartan medidas m\u00e1s restrictivas si siguen aumentando los casos.<br \/>\nLo anunciaron el ministro de Salud, Fernan Quir\u00f3s y el vicejefe de Gobierno, Diego Santilli. Son acciones que procuran evitar la saturaci\u00f3n del sistema de salud.<\/p>\n<p>El Gobierno porte\u00f1o no descarta tomar nuevas medidas restrictivas si no disminuyen los casos de coronavirus en la Ciudad en un momento en el que el sistema sanitario del distrito ya se encuentra al borde de la saturaci\u00f3n, lo que genera la derivaci\u00f3n de pacientes a hospitales de la provincia de Buenos Aires.<\/p>\n<p>Quir\u00f3s adelant\u00f3 que podr\u00eda haber nuevas medidas<\/p>\n<p>\u201cSi los casos siguen en un valor alto, vamos a tener que tomar nuevas medidas\u201d, admiti\u00f3 este lunes el ministro de Salud porte\u00f1o, Fern\u00e1n Quir\u00f3s, en declaraciones a Radio Con Vos.<\/p>\n<p>Agreg\u00f3 que de ser necesarias medidas m\u00e1s restrictivas, hablar\u00e1n \u201ccon la Provincia y la Naci\u00f3n\u201d, al tiempo que aclar\u00f3 que nunca dejaron \u00abde hablar con el Gobierno nacional a nivel sanitario\u00bb.<br \/>\n<!--googleon:index--><\/p>\n<p><img decoding=\"async\" loading=\"lazy\" class=\"alignnone size-full wp-image-627048\" src=\"https:\/\/www.diario5.com.ar\/wp-content\/uploads\/2021\/04\/5f0c306e87ae0_1004x56520210427.jpg\" width=\"850\" height=\"478\" alt=\"Sistema saturado\" title=\"Sistema saturado\" srcset=\"https:\/\/www.diario5.com.ar\/wp-content\/uploads\/2021\/04\/5f0c306e87ae0_1004x56520210427.jpg 850w, https:\/\/www.diario5.com.ar\/wp-content\/uploads\/2021\/04\/5f0c306e87ae0_1004x56520210427-300x169.jpg 300w, https:\/\/www.diario5.com.ar\/wp-content\/uploads\/2021\/04\/5f0c306e87ae0_1004x56520210427-768x432.jpg 768w\" sizes=\"(max-width: 850px) 100vw, 850px\" \/><\/p>\n<p><img decoding=\"async\" loading=\"lazy\" class=\"alignnone size-large wp-image-627049\" src=\"https:\/\/www.diario5.com.ar\/wp-content\/uploads\/2021\/04\/ar_cronista20210427-756x1024.jpg\" width=\"756\" height=\"1024\" alt=\"Sistema saturado\" title=\"Sistema saturado\" srcset=\"https:\/\/www.diario5.com.ar\/wp-content\/uploads\/2021\/04\/ar_cronista20210427-756x1024.jpg 756w, https:\/\/www.diario5.com.ar\/wp-content\/uploads\/2021\/04\/ar_cronista20210427-221x300.jpg 221w, https:\/\/www.diario5.com.ar\/wp-content\/uploads\/2021\/04\/ar_cronista20210427.jpg 764w\" sizes=\"(max-width: 756px) 100vw, 756px\" \/><\/p>\n<p><img decoding=\"async\" loading=\"lazy\" class=\"alignnone size-full wp-image-627050\" src=\"https:\/\/www.diario5.com.ar\/wp-content\/uploads\/2021\/04\/buenosaires_economico20210427.jpg\" width=\"850\" height=\"1012\" alt=\"Sistema saturado\" title=\"Sistema saturado\" srcset=\"https:\/\/www.diario5.com.ar\/wp-content\/uploads\/2021\/04\/buenosaires_economico20210427.jpg 850w, https:\/\/www.diario5.com.ar\/wp-content\/uploads\/2021\/04\/buenosaires_economico20210427-252x300.jpg 252w, https:\/\/www.diario5.com.ar\/wp-content\/uploads\/2021\/04\/buenosaires_economico20210427-768x914.jpg 768w\" sizes=\"(max-width: 850px) 100vw, 850px\" \/><\/p>\n<p><img decoding=\"async\" loading=\"lazy\" class=\"alignnone size-large wp-image-627051\" src=\"https:\/\/www.diario5.com.ar\/wp-content\/uploads\/2021\/04\/ar_eldia20210427-688x1024.jpg\" width=\"688\" height=\"1024\" alt=\"Sistema saturado\" title=\"Sistema saturado\" srcset=\"https:\/\/www.diario5.com.ar\/wp-content\/uploads\/2021\/04\/ar_eldia20210427-688x1024.jpg 688w, https:\/\/www.diario5.com.ar\/wp-content\/uploads\/2021\/04\/ar_eldia20210427-201x300.jpg 201w, https:\/\/www.diario5.com.ar\/wp-content\/uploads\/2021\/04\/ar_eldia20210427-768x1144.jpg 768w, https:\/\/www.diario5.com.ar\/wp-content\/uploads\/2021\/04\/ar_eldia20210427.jpg 850w\" sizes=\"(max-width: 688px) 100vw, 688px\" \/><\/p>\n<p><img decoding=\"async\" loading=\"lazy\" class=\"alignnone size-large wp-image-627052\" src=\"https:\/\/www.diario5.com.ar\/wp-content\/uploads\/2021\/04\/ar_hoy20210427-776x1024.jpg\" width=\"776\" height=\"1024\" alt=\"Sistema saturado\" title=\"Sistema saturado\" srcset=\"https:\/\/www.diario5.com.ar\/wp-content\/uploads\/2021\/04\/ar_hoy20210427-776x1024.jpg 776w, https:\/\/www.diario5.com.ar\/wp-content\/uploads\/2021\/04\/ar_hoy20210427-227x300.jpg 227w, https:\/\/www.diario5.com.ar\/wp-content\/uploads\/2021\/04\/ar_hoy20210427-768x1013.jpg 768w, https:\/\/www.diario5.com.ar\/wp-content\/uploads\/2021\/04\/ar_hoy20210427.jpg 850w\" sizes=\"(max-width: 776px) 100vw, 776px\" \/><\/p>\n<p><img decoding=\"async\" loading=\"lazy\" class=\"alignnone size-large wp-image-627053\" src=\"https:\/\/www.diario5.com.ar\/wp-content\/uploads\/2021\/04\/ar_ancasti20210427-756x1024.jpg\" width=\"756\" height=\"1024\" alt=\"Sistema saturado\" title=\"Sistema saturado\" srcset=\"https:\/\/www.diario5.com.ar\/wp-content\/uploads\/2021\/04\/ar_ancasti20210427-756x1024.jpg 756w, https:\/\/www.diario5.com.ar\/wp-content\/uploads\/2021\/04\/ar_ancasti20210427-221x300.jpg 221w, https:\/\/www.diario5.com.ar\/wp-content\/uploads\/2021\/04\/ar_ancasti20210427-768x1041.jpg 768w, https:\/\/www.diario5.com.ar\/wp-content\/uploads\/2021\/04\/ar_ancasti20210427.jpg 850w\" sizes=\"(max-width: 756px) 100vw, 756px\" \/><\/p>\n<p><img decoding=\"async\" loading=\"lazy\" class=\"alignnone size-large wp-image-627049\" src=\"https:\/\/www.diario5.com.ar\/wp-content\/uploads\/2021\/04\/ar_cronista20210427-756x1024.jpg\" width=\"756\" height=\"1024\" alt=\"Sistema saturado\" title=\"Sistema saturado\" srcset=\"https:\/\/www.diario5.com.ar\/wp-content\/uploads\/2021\/04\/ar_cronista20210427-756x1024.jpg 756w, https:\/\/www.diario5.com.ar\/wp-content\/uploads\/2021\/04\/ar_cronista20210427-221x300.jpg 221w, https:\/\/www.diario5.com.ar\/wp-content\/uploads\/2021\/04\/ar_cronista20210427.jpg 764w\" sizes=\"(max-width: 756px) 100vw, 756px\" \/><\/p>\n<p><img decoding=\"async\" loading=\"lazy\" class=\"alignnone size-large wp-image-627052\" src=\"https:\/\/www.diario5.com.ar\/wp-content\/uploads\/2021\/04\/ar_hoy20210427-776x1024.jpg\" width=\"776\" height=\"1024\" alt=\"Sistema saturado\" title=\"Sistema saturado\" srcset=\"https:\/\/www.diario5.com.ar\/wp-content\/uploads\/2021\/04\/ar_hoy20210427-776x1024.jpg 776w, https:\/\/www.diario5.com.ar\/wp-content\/uploads\/2021\/04\/ar_hoy20210427-227x300.jpg 227w, https:\/\/www.diario5.com.ar\/wp-content\/uploads\/2021\/04\/ar_hoy20210427-768x1013.jpg 768w, https:\/\/www.diario5.com.ar\/wp-content\/uploads\/2021\/04\/ar_hoy20210427.jpg 850w\" sizes=\"(max-width: 776px) 100vw, 776px\" \/><\/p>","protected":false},"excerpt":{"rendered":"<p>Para evitar un colapso de la estructura de salud de la Ciudad, el gobierno va girando en su posici\u00f3n hacia la indefectiblemente necesaria reedici\u00f3n de las restricciones mayores del a\u00f1o pasado. . Ya se anunci\u00f3 que no se descartan medidas m\u00e1s restrictivas si siguen aumentando los casos. Lo anunciaron el ministro de Salud, Fernan Quir\u00f3s [&hellip;]<\/p>","protected":false},"author":1,"featured_media":627048,"comment_status":"open","ping_status":"open","sticky":false,"template":"","format":"standard","meta":[],"categories":[1],"tags":[],"series":[],"_links":{"self":[{"href":"https:\/\/www.diario5.com.ar\/es\/wp-json\/wp\/v2\/posts\/625342"}],"collection":[{"href":"https:\/\/www.diario5.com.ar\/es\/wp-json\/wp\/v2\/posts"}],"about":[{"href":"https:\/\/www.diario5.com.ar\/es\/wp-json\/wp\/v2\/types\/post"}],"author":[{"embeddable":true,"href":"https:\/\/www.diario5.com.ar\/es\/wp-json\/wp\/v2\/users\/1"}],"replies":[{"embeddable":true,"href":"https:\/\/www.diario5.com.ar\/es\/wp-json\/wp\/v2\/comments?post=625342"}],"version-history":[{"count":4,"href":"https:\/\/www.diario5.com.ar\/es\/wp-json\/wp\/v2\/posts\/625342\/revisions"}],"predecessor-version":[{"id":627073,"href":"https:\/\/www.diario5.com.ar\/es\/wp-json\/wp\/v2\/posts\/625342\/revisions\/627073"}],"wp:featuredmedia":[{"embeddable":true,"href":"https:\/\/www.diario5.com.ar\/es\/wp-json\/wp\/v2\/media\/627048"}],"wp:attachment":[{"href":"https:\/\/www.diario5.com.ar\/es\/wp-json\/wp\/v2\/media?parent=625342"}],"wp:term":[{"taxonomy":"category","embeddable":true,"href":"https:\/\/www.diario5.com.ar\/es\/wp-json\/wp\/v2\/categories?post=625342"},{"taxonomy":"post_tag","embeddable":true,"href":"https:\/\/www.diario5.com.ar\/es\/wp-json\/wp\/v2\/tags?post=625342"},{"taxonomy":"series","embeddable":true,"href":"https:\/\/www.diario5.com.ar\/es\/wp-json\/wp\/v2\/series?post=625342"}],"curies":[{"name":"wp","href":"https:\/\/api.w.org\/{rel}","templated":true}]}}