{"id":625340,"date":"2021-04-25T08:10:00","date_gmt":"2021-04-25T11:10:00","guid":{"rendered":"http:\/\/diario5.com.ar\/?p=625340"},"modified":"2021-06-01T15:43:15","modified_gmt":"2021-06-01T18:43:15","slug":"625340","status":"publish","type":"post","link":"https:\/\/www.diario5.com.ar\/es\/625340\/","title":{"rendered":"Pepe alude a la totalidad y Alberto avizora la mitad"},"content":{"rendered":"<h2 class=\"sub-title-primary\">Nadie quiere asumir el preludio \"Argentina duele\", que precede a la referencia por la enfermedad de odio, por parte de Pepe Mujica<\/h2> <p>Pepe mira las burbujas del odio.<\/p>\n<p>No es que sea un descubrimiento del propio ex presidente, el uruguayo m\u00e1s popular.. S\u00f3lo que con su prestigio, consigui\u00f3 decir lo que muchos aqu\u00ed gritamos todos los d\u00edas y somos escuchados por menos cantidad de hambrientos de verdades. Lo peor es que su observaci\u00f3n ya es reutilizada para hacer m\u00e1s pol\u00edtica r\u00e1pida, escu\u00e1lida y al mango, incluso por parte de los que dicen que los que politiquean son los otros. Siempre los buenos son los nuestros y los malos nunca tienen nuestra camiseta.<\/p>\n<p>Alberto Fern\u00e1ndez, que en los \u00faltimos d\u00edas hace mucha referencia a la mitad de la repugnancia argentina que le corresponde a sus adversarios, ensay\u00f3 po\u00e9ticamente: \u201cel odio nos est\u00e1 llevando al peor de los mundos\u201d, entendiendo que los que no son de su palo \u00abhacen un debate pol\u00edtico y judicializan\u00bb las medidas restrictivas que llevan su firma.<\/p>\n<p>\u00abEl odio es algo muy perverso; el odio nos est\u00e1 llevando al peor de los mundos\u201d, acert\u00f3 el presidente. No estamos seguros si hace referencia a la totalidad del odio o s\u00f3lo al que se observa desde su vereda, cuando se trata de que emana desde la de enfrente. Pues bien, desde esta tribuna, el odio que que se vislumbra desde la trinchera af\u00edn al mandatario, se alcanza a ver con la misma claridad con que se percibe el que a \u00e9l le resulta ajeno. Curioso.<\/p>\n<p>S\u00ed, efectivamente, el ex mandatario uruguayo, Jos\u00e9 \u2018Pepe\u2019 Mujica, cuando dijo: \u201cLos argentinos est\u00e1n enfermos de odio\u201d, no se refer\u00eda exclusivamente a los opositores al presidente Fern\u00e1ndez. A Pepe no se le escapa ni una iguana y, si se le pidiera que sea m\u00e1s espec\u00edfico, se aferrar\u00eda m\u00e1s a\u00fan al preludio con el que abri\u00f3, genialmente, el paraguas; \u00abArgentina duele\u00bb.<\/p>\n<p>Pero el mandam\u00e1s argento acelera en el estilo que parec\u00eda no tentarlo cuando asumi\u00f3. Se refiere a la oposici\u00f3n como \u201clos mismos que me denunciaron por envenenar a la gente\u201d. La referencia es a la compra de la vacuna rusa. Fern\u00e1ndez completa con un \u201cahora dicen que nunca dijeron eso\u201d, aludiendo a Elisa Carri\u00f3 y su presentaci\u00f3n judicial.<\/p>\n<p>\u00c9l tiene raz\u00f3n. Mejor dicho, tiene la mitad de ella, ya que la oposici\u00f3n vomita el 50% del odio que se destila en la Argentina. Adivinen qui\u00e9nes descargan la otra mitad.<\/p>\n<p>Si bien esta cosa de tomar por pelotuda a la sociedad no se va a terminar tan f\u00e1cilmente por parte de los detentores del poder, vale la pena escracharlos para ir haci\u00e9ndole ver a quien lo desee y de primera mano, que siempre que no se trate de n\u00fameros concretos, hechos visibles y evidencias insoslayables, los mensajes de los gobernantes y de quienes aspiran sucederlos, pecan de falaces. <\/p>\n<p>&nbsp;<\/p>\n<p><img decoding=\"async\" loading=\"lazy\" class=\"alignnone size-full wp-image-627003\" title=\"Pepe alude a la totalidad y Alberto avizora la mitad\" src=\"https:\/\/www.diario5.com.ar\/wp-content\/uploads\/2021\/04\/ar_perfil20210425.jpg\" alt=\"Pepe alude a la totalidad y Alberto avizora la mitad\" width=\"764\" height=\"1025\" srcset=\"https:\/\/www.diario5.com.ar\/wp-content\/uploads\/2021\/04\/ar_perfil20210425.jpg 764w, https:\/\/www.diario5.com.ar\/wp-content\/uploads\/2021\/04\/ar_perfil20210425-224x300.jpg 224w\" sizes=\"(max-width: 764px) 100vw, 764px\" \/><\/p>\n<p><img decoding=\"async\" loading=\"lazy\" class=\"alignnone size-large wp-image-626985\" title=\"Pepe alude a la totalidad y Alberto avizora la mitad\" src=\"https:\/\/www.diario5.com.ar\/wp-content\/uploads\/2021\/04\/ar_eldia20210425-692x1024.jpg\" alt=\"Pepe alude a la totalidad y Alberto avizora la mitad\" width=\"692\" height=\"1024\" srcset=\"https:\/\/www.diario5.com.ar\/wp-content\/uploads\/2021\/04\/ar_eldia20210425-692x1024.jpg 692w, https:\/\/www.diario5.com.ar\/wp-content\/uploads\/2021\/04\/ar_eldia20210425-203x300.jpg 203w, https:\/\/www.diario5.com.ar\/wp-content\/uploads\/2021\/04\/ar_eldia20210425-768x1137.jpg 768w, https:\/\/www.diario5.com.ar\/wp-content\/uploads\/2021\/04\/ar_eldia20210425.jpg 850w\" sizes=\"(max-width: 692px) 100vw, 692px\" \/><\/p>\n<p><img decoding=\"async\" loading=\"lazy\" class=\"alignnone size-large wp-image-626986\" title=\"Pepe alude a la totalidad y Alberto avizora la mitad\" src=\"https:\/\/www.diario5.com.ar\/wp-content\/uploads\/2021\/04\/ar_hoy20210425-776x1024.jpg\" alt=\"Pepe alude a la totalidad y Alberto avizora la mitad\" width=\"776\" height=\"1024\" srcset=\"https:\/\/www.diario5.com.ar\/wp-content\/uploads\/2021\/04\/ar_hoy20210425-776x1024.jpg 776w, https:\/\/www.diario5.com.ar\/wp-content\/uploads\/2021\/04\/ar_hoy20210425-227x300.jpg 227w, https:\/\/www.diario5.com.ar\/wp-content\/uploads\/2021\/04\/ar_hoy20210425-768x1014.jpg 768w, https:\/\/www.diario5.com.ar\/wp-content\/uploads\/2021\/04\/ar_hoy20210425.jpg 850w\" sizes=\"(max-width: 776px) 100vw, 776px\" \/><\/p>\n<p>&nbsp;<\/p>\n<p><img decoding=\"async\" loading=\"lazy\" class=\"alignnone size-large wp-image-627004\" title=\"Pepe alude a la totalidad y Alberto avizora la mitad\" src=\"https:\/\/www.diario5.com.ar\/wp-content\/uploads\/2021\/04\/la_capital20210425-763x1024.jpg\" alt=\"Pepe alude a la totalidad y Alberto avizora la mitad\" width=\"763\" height=\"1024\" srcset=\"https:\/\/www.diario5.com.ar\/wp-content\/uploads\/2021\/04\/la_capital20210425-763x1024.jpg 763w, https:\/\/www.diario5.com.ar\/wp-content\/uploads\/2021\/04\/la_capital20210425-223x300.jpg 223w, https:\/\/www.diario5.com.ar\/wp-content\/uploads\/2021\/04\/la_capital20210425-768x1031.jpg 768w, https:\/\/www.diario5.com.ar\/wp-content\/uploads\/2021\/04\/la_capital20210425.jpg 850w\" sizes=\"(max-width: 763px) 100vw, 763px\" \/><\/p>\n<p>&nbsp;<\/p>\n<p><img decoding=\"async\" loading=\"lazy\" class=\"alignnone size-large wp-image-626987\" title=\"Pepe alude a la totalidad y Alberto avizora la mitad\" src=\"https:\/\/www.diario5.com.ar\/wp-content\/uploads\/2021\/04\/ar_ancasti20210425-760x1024.jpg\" alt=\"Pepe alude a la totalidad y Alberto avizora la mitad\" width=\"760\" height=\"1024\" srcset=\"https:\/\/www.diario5.com.ar\/wp-content\/uploads\/2021\/04\/ar_ancasti20210425-760x1024.jpg 760w, https:\/\/www.diario5.com.ar\/wp-content\/uploads\/2021\/04\/ar_ancasti20210425-223x300.jpg 223w, https:\/\/www.diario5.com.ar\/wp-content\/uploads\/2021\/04\/ar_ancasti20210425-768x1035.jpg 768w, https:\/\/www.diario5.com.ar\/wp-content\/uploads\/2021\/04\/ar_ancasti20210425.jpg 850w\" sizes=\"(max-width: 760px) 100vw, 760px\" \/><\/p>\n<p>&nbsp;<\/p>\n<p><img decoding=\"async\" loading=\"lazy\" class=\"alignnone size-full wp-image-627005\" title=\"Pepe alude a la totalidad y Alberto avizora la mitad\" src=\"https:\/\/www.diario5.com.ar\/wp-content\/uploads\/2021\/04\/ar_diario_norte20210425.jpg\" alt=\"Pepe alude a la totalidad y Alberto avizora la mitad\" width=\"783\" height=\"984\" srcset=\"https:\/\/www.diario5.com.ar\/wp-content\/uploads\/2021\/04\/ar_diario_norte20210425.jpg 783w, https:\/\/www.diario5.com.ar\/wp-content\/uploads\/2021\/04\/ar_diario_norte20210425-239x300.jpg 239w, https:\/\/www.diario5.com.ar\/wp-content\/uploads\/2021\/04\/ar_diario_norte20210425-768x965.jpg 768w\" sizes=\"(max-width: 783px) 100vw, 783px\" \/><\/p>\n<p><img decoding=\"async\" loading=\"lazy\" class=\"alignnone size-large wp-image-626988\" title=\"Pepe alude a la totalidad y Alberto avizora la mitad\" src=\"https:\/\/www.diario5.com.ar\/wp-content\/uploads\/2021\/04\/voz_chaco20210425-829x1024.jpg\" alt=\"Pepe alude a la totalidad y Alberto avizora la mitad\" width=\"829\" height=\"1024\" srcset=\"https:\/\/www.diario5.com.ar\/wp-content\/uploads\/2021\/04\/voz_chaco20210425-829x1024.jpg 829w, https:\/\/www.diario5.com.ar\/wp-content\/uploads\/2021\/04\/voz_chaco20210425-243x300.jpg 243w, https:\/\/www.diario5.com.ar\/wp-content\/uploads\/2021\/04\/voz_chaco20210425-768x949.jpg 768w, https:\/\/www.diario5.com.ar\/wp-content\/uploads\/2021\/04\/voz_chaco20210425.jpg 850w\" sizes=\"(max-width: 829px) 100vw, 829px\" \/><\/p>\n<p>&nbsp;<\/p>\n<p><img decoding=\"async\" loading=\"lazy\" class=\"alignnone size-large wp-image-626989\" title=\"Pepe alude a la totalidad y Alberto avizora la mitad\" src=\"https:\/\/www.diario5.com.ar\/wp-content\/uploads\/2021\/04\/ar_chubut20210425-801x1024.jpg\" alt=\"Pepe alude a la totalidad y Alberto avizora la mitad\" width=\"801\" height=\"1024\" srcset=\"https:\/\/www.diario5.com.ar\/wp-content\/uploads\/2021\/04\/ar_chubut20210425-801x1024.jpg 801w, https:\/\/www.diario5.com.ar\/wp-content\/uploads\/2021\/04\/ar_chubut20210425-235x300.jpg 235w, https:\/\/www.diario5.com.ar\/wp-content\/uploads\/2021\/04\/ar_chubut20210425-768x982.jpg 768w, https:\/\/www.diario5.com.ar\/wp-content\/uploads\/2021\/04\/ar_chubut20210425.jpg 850w\" sizes=\"(max-width: 801px) 100vw, 801px\" \/><\/p>\n<p>&nbsp;<\/p>\n<p><img decoding=\"async\" loading=\"lazy\" class=\"alignnone size-large wp-image-626990\" title=\"Pepe alude a la totalidad y Alberto avizora la mitad\" src=\"https:\/\/www.diario5.com.ar\/wp-content\/uploads\/2021\/04\/ar_litoral20210425-787x1024.jpg\" alt=\"Pepe alude a la totalidad y Alberto avizora la mitad\" width=\"787\" height=\"1024\" srcset=\"https:\/\/www.diario5.com.ar\/wp-content\/uploads\/2021\/04\/ar_litoral20210425-787x1024.jpg 787w, https:\/\/www.diario5.com.ar\/wp-content\/uploads\/2021\/04\/ar_litoral20210425-231x300.jpg 231w, https:\/\/www.diario5.com.ar\/wp-content\/uploads\/2021\/04\/ar_litoral20210425-768x999.jpg 768w, https:\/\/www.diario5.com.ar\/wp-content\/uploads\/2021\/04\/ar_litoral20210425.jpg 849w\" sizes=\"(max-width: 787px) 100vw, 787px\" \/><\/p>\n<p>&nbsp;<\/p>\n<p>&nbsp;<\/p>\n<p><img decoding=\"async\" loading=\"lazy\" class=\"alignnone size-large wp-image-627006\" title=\"Pepe alude a la totalidad y Alberto avizora la mitad\" src=\"https:\/\/www.diario5.com.ar\/wp-content\/uploads\/2021\/04\/ar_diario_pampa20210425-761x1024.jpg\" alt=\"Pepe alude a la totalidad y Alberto avizora la mitad\" width=\"761\" height=\"1024\" srcset=\"https:\/\/www.diario5.com.ar\/wp-content\/uploads\/2021\/04\/ar_diario_pampa20210425-761x1024.jpg 761w, https:\/\/www.diario5.com.ar\/wp-content\/uploads\/2021\/04\/ar_diario_pampa20210425-223x300.jpg 223w, https:\/\/www.diario5.com.ar\/wp-content\/uploads\/2021\/04\/ar_diario_pampa20210425-768x1034.jpg 768w, https:\/\/www.diario5.com.ar\/wp-content\/uploads\/2021\/04\/ar_diario_pampa20210425.jpg 850w\" sizes=\"(max-width: 761px) 100vw, 761px\" \/><\/p>\n<p>&nbsp;<\/p>\n<p><img decoding=\"async\" loading=\"lazy\" class=\"alignnone size-large wp-image-626991\" title=\"Pepe alude a la totalidad y Alberto avizora la mitad\" src=\"https:\/\/www.diario5.com.ar\/wp-content\/uploads\/2021\/04\/ar_arena20210425-746x1024.jpg\" alt=\"Pepe alude a la totalidad y Alberto avizora la mitad\" width=\"746\" height=\"1024\" srcset=\"https:\/\/www.diario5.com.ar\/wp-content\/uploads\/2021\/04\/ar_arena20210425-746x1024.jpg 746w, https:\/\/www.diario5.com.ar\/wp-content\/uploads\/2021\/04\/ar_arena20210425-219x300.jpg 219w, https:\/\/www.diario5.com.ar\/wp-content\/uploads\/2021\/04\/ar_arena20210425-768x1054.jpg 768w, https:\/\/www.diario5.com.ar\/wp-content\/uploads\/2021\/04\/ar_arena20210425.jpg 850w\" sizes=\"(max-width: 746px) 100vw, 746px\" \/><\/p>\n<p><img decoding=\"async\" loading=\"lazy\" class=\"alignnone size-large wp-image-626992\" title=\"Pepe alude a la totalidad y Alberto avizora la mitad\" src=\"https:\/\/www.diario5.com.ar\/wp-content\/uploads\/2021\/04\/independiente20210425-744x1024.jpg\" alt=\"Pepe alude a la totalidad y Alberto avizora la mitad\" width=\"744\" height=\"1024\" srcset=\"https:\/\/www.diario5.com.ar\/wp-content\/uploads\/2021\/04\/independiente20210425-744x1024.jpg 744w, https:\/\/www.diario5.com.ar\/wp-content\/uploads\/2021\/04\/independiente20210425-218x300.jpg 218w, https:\/\/www.diario5.com.ar\/wp-content\/uploads\/2021\/04\/independiente20210425-768x1057.jpg 768w, https:\/\/www.diario5.com.ar\/wp-content\/uploads\/2021\/04\/independiente20210425.jpg 814w\" sizes=\"(max-width: 744px) 100vw, 744px\" \/><\/p>\n<p><img decoding=\"async\" loading=\"lazy\" class=\"alignnone size-large wp-image-627007\" title=\"Pepe alude a la totalidad y Alberto avizora la mitad\" src=\"https:\/\/www.diario5.com.ar\/wp-content\/uploads\/2021\/04\/ar_losandes20210425-731x1024.jpg\" alt=\"Pepe alude a la totalidad y Alberto avizora la mitad\" width=\"731\" height=\"1024\" srcset=\"https:\/\/www.diario5.com.ar\/wp-content\/uploads\/2021\/04\/ar_losandes20210425-731x1024.jpg 731w, https:\/\/www.diario5.com.ar\/wp-content\/uploads\/2021\/04\/ar_losandes20210425-214x300.jpg 214w, https:\/\/www.diario5.com.ar\/wp-content\/uploads\/2021\/04\/ar_losandes20210425.jpg 764w\" sizes=\"(max-width: 731px) 100vw, 731px\" \/><\/p>\n<p><img decoding=\"async\" loading=\"lazy\" class=\"alignnone size-full wp-image-626993\" title=\"Pepe alude a la totalidad y Alberto avizora la mitad\" src=\"https:\/\/www.diario5.com.ar\/wp-content\/uploads\/2021\/04\/ar_tribuno20210425.jpg\" alt=\"Pepe alude a la totalidad y Alberto avizora la mitad\" width=\"764\" height=\"1019\" srcset=\"https:\/\/www.diario5.com.ar\/wp-content\/uploads\/2021\/04\/ar_tribuno20210425.jpg 764w, https:\/\/www.diario5.com.ar\/wp-content\/uploads\/2021\/04\/ar_tribuno20210425-225x300.jpg 225w\" sizes=\"(max-width: 764px) 100vw, 764px\" \/><\/p>\n<p>&nbsp;<\/p>\n<p><img decoding=\"async\" loading=\"lazy\" class=\"alignnone size-large wp-image-627008\" title=\"Pepe alude a la totalidad y Alberto avizora la mitad\" src=\"https:\/\/www.diario5.com.ar\/wp-content\/uploads\/2021\/04\/ar_litoral_sfe20210425-764x1024.jpg\" alt=\"Pepe alude a la totalidad y Alberto avizora la mitad\" width=\"764\" height=\"1024\" srcset=\"https:\/\/www.diario5.com.ar\/wp-content\/uploads\/2021\/04\/ar_litoral_sfe20210425-764x1024.jpg 764w, https:\/\/www.diario5.com.ar\/wp-content\/uploads\/2021\/04\/ar_litoral_sfe20210425-224x300.jpg 224w, https:\/\/www.diario5.com.ar\/wp-content\/uploads\/2021\/04\/ar_litoral_sfe20210425-768x1029.jpg 768w, https:\/\/www.diario5.com.ar\/wp-content\/uploads\/2021\/04\/ar_litoral_sfe20210425.jpg 850w\" sizes=\"(max-width: 764px) 100vw, 764px\" \/><\/p>\n<p>&nbsp;<\/p>\n<p><img decoding=\"async\" loading=\"lazy\" class=\"alignnone size-large wp-image-626994\" title=\"Pepe alude a la totalidad y Alberto avizora la mitad\" src=\"https:\/\/www.diario5.com.ar\/wp-content\/uploads\/2021\/04\/ar_mirador_provincial20210425-768x1024.jpg\" alt=\"Pepe alude a la totalidad y Alberto avizora la mitad\" width=\"768\" height=\"1024\" srcset=\"https:\/\/www.diario5.com.ar\/wp-content\/uploads\/2021\/04\/ar_mirador_provincial20210425-768x1024.jpg 768w, https:\/\/www.diario5.com.ar\/wp-content\/uploads\/2021\/04\/ar_mirador_provincial20210425-225x300.jpg 225w, https:\/\/www.diario5.com.ar\/wp-content\/uploads\/2021\/04\/ar_mirador_provincial20210425.jpg 850w\" sizes=\"(max-width: 768px) 100vw, 768px\" \/><\/p>\n<p><img decoding=\"async\" loading=\"lazy\" class=\"alignnone size-large wp-image-626995\" title=\"Pepe alude a la totalidad y Alberto avizora la mitad\" src=\"https:\/\/www.diario5.com.ar\/wp-content\/uploads\/2021\/04\/ar_gaceta20210425-618x1024.jpg\" alt=\"Pepe alude a la totalidad y Alberto avizora la mitad\" width=\"618\" height=\"1024\" srcset=\"https:\/\/www.diario5.com.ar\/wp-content\/uploads\/2021\/04\/ar_gaceta20210425-618x1024.jpg 618w, https:\/\/www.diario5.com.ar\/wp-content\/uploads\/2021\/04\/ar_gaceta20210425-181x300.jpg 181w, https:\/\/www.diario5.com.ar\/wp-content\/uploads\/2021\/04\/ar_gaceta20210425-768x1272.jpg 768w, https:\/\/www.diario5.com.ar\/wp-content\/uploads\/2021\/04\/ar_gaceta20210425.jpg 850w\" sizes=\"(max-width: 618px) 100vw, 618px\" \/><\/p>\n<p><img decoding=\"async\" loading=\"lazy\" class=\"alignnone size-large wp-image-626996\" title=\"Pepe alude a la totalidad y Alberto avizora la mitad\" src=\"https:\/\/www.diario5.com.ar\/wp-content\/uploads\/2021\/04\/ar_cronica20210425-841x1024.jpg\" alt=\"Pepe alude a la totalidad y Alberto avizora la mitad\" width=\"841\" height=\"1024\" srcset=\"https:\/\/www.diario5.com.ar\/wp-content\/uploads\/2021\/04\/ar_cronica20210425-841x1024.jpg 841w, https:\/\/www.diario5.com.ar\/wp-content\/uploads\/2021\/04\/ar_cronica20210425-246x300.jpg 246w, https:\/\/www.diario5.com.ar\/wp-content\/uploads\/2021\/04\/ar_cronica20210425-768x935.jpg 768w, https:\/\/www.diario5.com.ar\/wp-content\/uploads\/2021\/04\/ar_cronica20210425.jpg 850w\" sizes=\"(max-width: 841px) 100vw, 841px\" \/><\/p>\n<p><img decoding=\"async\" loading=\"lazy\" class=\"alignnone size-large wp-image-626997\" title=\"Pepe alude a la totalidad y Alberto avizora la mitad\" src=\"https:\/\/www.diario5.com.ar\/wp-content\/uploads\/2021\/04\/ar_clarin20210425-743x1024.jpg\" alt=\"Pepe alude a la totalidad y Alberto avizora la mitad\" width=\"743\" height=\"1024\" srcset=\"https:\/\/www.diario5.com.ar\/wp-content\/uploads\/2021\/04\/ar_clarin20210425-743x1024.jpg 743w, https:\/\/www.diario5.com.ar\/wp-content\/uploads\/2021\/04\/ar_clarin20210425-218x300.jpg 218w, https:\/\/www.diario5.com.ar\/wp-content\/uploads\/2021\/04\/ar_clarin20210425-768x1059.jpg 768w, https:\/\/www.diario5.com.ar\/wp-content\/uploads\/2021\/04\/ar_clarin20210425.jpg 850w\" sizes=\"(max-width: 743px) 100vw, 743px\" \/><\/p>\n<p><img decoding=\"async\" loading=\"lazy\" class=\"alignnone size-large wp-image-627009\" title=\"Pepe alude a la totalidad y Alberto avizora la mitad\" src=\"https:\/\/www.diario5.com.ar\/wp-content\/uploads\/2021\/04\/nacion20210425-675x1024.jpg\" alt=\"Pepe alude a la totalidad y Alberto avizora la mitad\" width=\"675\" height=\"1024\" srcset=\"https:\/\/www.diario5.com.ar\/wp-content\/uploads\/2021\/04\/nacion20210425-675x1024.jpg 675w, https:\/\/www.diario5.com.ar\/wp-content\/uploads\/2021\/04\/nacion20210425-198x300.jpg 198w, https:\/\/www.diario5.com.ar\/wp-content\/uploads\/2021\/04\/nacion20210425.jpg 764w\" sizes=\"(max-width: 675px) 100vw, 675px\" \/><\/p>\n<p><img decoding=\"async\" loading=\"lazy\" class=\"alignnone size-full wp-image-627010\" title=\"Pepe alude a la totalidad y Alberto avizora la mitad\" src=\"https:\/\/www.diario5.com.ar\/wp-content\/uploads\/2021\/04\/ar_eco20210425.jpg\" alt=\"Pepe alude a la totalidad y Alberto avizora la mitad\" width=\"790\" height=\"976\" srcset=\"https:\/\/www.diario5.com.ar\/wp-content\/uploads\/2021\/04\/ar_eco20210425.jpg 790w, https:\/\/www.diario5.com.ar\/wp-content\/uploads\/2021\/04\/ar_eco20210425-243x300.jpg 243w, https:\/\/www.diario5.com.ar\/wp-content\/uploads\/2021\/04\/ar_eco20210425-768x949.jpg 768w\" sizes=\"(max-width: 790px) 100vw, 790px\" \/><\/p>\n<p><img decoding=\"async\" loading=\"lazy\" class=\"alignnone size-large wp-image-626998\" title=\"Pepe alude a la totalidad y Alberto avizora la mitad\" src=\"https:\/\/www.diario5.com.ar\/wp-content\/uploads\/2021\/04\/nuevo_diario20210425-743x1024.jpg\" alt=\"Pepe alude a la totalidad y Alberto avizora la mitad\" width=\"743\" height=\"1024\" srcset=\"https:\/\/www.diario5.com.ar\/wp-content\/uploads\/2021\/04\/nuevo_diario20210425-743x1024.jpg 743w, https:\/\/www.diario5.com.ar\/wp-content\/uploads\/2021\/04\/nuevo_diario20210425-218x300.jpg 218w, https:\/\/www.diario5.com.ar\/wp-content\/uploads\/2021\/04\/nuevo_diario20210425.jpg 764w\" sizes=\"(max-width: 743px) 100vw, 743px\" \/><\/p>\n<p><img decoding=\"async\" loading=\"lazy\" class=\"alignnone size-large wp-image-626999\" title=\"Pepe alude a la totalidad y Alberto avizora la mitad\" src=\"https:\/\/www.diario5.com.ar\/wp-content\/uploads\/2021\/04\/uy_republica20210425-704x1024.jpg\" alt=\"Pepe alude a la totalidad y Alberto avizora la mitad\" width=\"704\" height=\"1024\" srcset=\"https:\/\/www.diario5.com.ar\/wp-content\/uploads\/2021\/04\/uy_republica20210425-704x1024.jpg 704w, https:\/\/www.diario5.com.ar\/wp-content\/uploads\/2021\/04\/uy_republica20210425-206x300.jpg 206w, https:\/\/www.diario5.com.ar\/wp-content\/uploads\/2021\/04\/uy_republica20210425-768x1118.jpg 768w, https:\/\/www.diario5.com.ar\/wp-content\/uploads\/2021\/04\/uy_republica20210425.jpg 850w\" sizes=\"(max-width: 704px) 100vw, 704px\" \/><\/p>\n<p>&nbsp;<\/p>\n<p><img decoding=\"async\" loading=\"lazy\" class=\"alignnone size-large wp-image-627000\" title=\"Pepe alude a la totalidad y Alberto avizora la mitad\" src=\"https:\/\/www.diario5.com.ar\/wp-content\/uploads\/2021\/04\/cl_mercurio20210425-559x1024.jpg\" alt=\"Pepe alude a la totalidad y Alberto avizora la mitad\" width=\"559\" height=\"1024\" srcset=\"https:\/\/www.diario5.com.ar\/wp-content\/uploads\/2021\/04\/cl_mercurio20210425-559x1024.jpg 559w, https:\/\/www.diario5.com.ar\/wp-content\/uploads\/2021\/04\/cl_mercurio20210425-164x300.jpg 164w, https:\/\/www.diario5.com.ar\/wp-content\/uploads\/2021\/04\/cl_mercurio20210425-768x1407.jpg 768w, https:\/\/www.diario5.com.ar\/wp-content\/uploads\/2021\/04\/cl_mercurio20210425-839x1536.jpg 839w, https:\/\/www.diario5.com.ar\/wp-content\/uploads\/2021\/04\/cl_mercurio20210425.jpg 850w\" sizes=\"(max-width: 559px) 100vw, 559px\" \/><\/p>\n<p><img decoding=\"async\" loading=\"lazy\" class=\"alignnone size-full wp-image-627001\" title=\"Pepe alude a la totalidad y Alberto avizora la mitad\" src=\"https:\/\/www.diario5.com.ar\/wp-content\/uploads\/2021\/04\/cl_ultimas_noticias20210425.jpg\" alt=\"Pepe alude a la totalidad y Alberto avizora la mitad\" width=\"792\" height=\"970\" srcset=\"https:\/\/www.diario5.com.ar\/wp-content\/uploads\/2021\/04\/cl_ultimas_noticias20210425.jpg 792w, https:\/\/www.diario5.com.ar\/wp-content\/uploads\/2021\/04\/cl_ultimas_noticias20210425-245x300.jpg 245w, https:\/\/www.diario5.com.ar\/wp-content\/uploads\/2021\/04\/cl_ultimas_noticias20210425-768x941.jpg 768w\" sizes=\"(max-width: 792px) 100vw, 792px\" \/><\/p>\n<p>&#8211; &#8211; &#8211;<\/p>","protected":false},"excerpt":{"rendered":"<p>Nadie quiere asumir el preludio \u00abArgentina duele\u00bb, que precede a la referencia por la enfermedad de odio, por parte de Pepe Mujica Pepe mira las burbujas del odio. No es que sea un descubrimiento del propio ex presidente, el uruguayo m\u00e1s popular.. S\u00f3lo que con su prestigio, consigui\u00f3 decir lo que muchos aqu\u00ed gritamos todos [&hellip;]<\/p>","protected":false},"author":23,"featured_media":627002,"comment_status":"open","ping_status":"open","sticky":false,"template":"","format":"standard","meta":[],"categories":[75,45],"tags":[],"series":[],"_links":{"self":[{"href":"https:\/\/www.diario5.com.ar\/es\/wp-json\/wp\/v2\/posts\/625340"}],"collection":[{"href":"https:\/\/www.diario5.com.ar\/es\/wp-json\/wp\/v2\/posts"}],"about":[{"href":"https:\/\/www.diario5.com.ar\/es\/wp-json\/wp\/v2\/types\/post"}],"author":[{"embeddable":true,"href":"https:\/\/www.diario5.com.ar\/es\/wp-json\/wp\/v2\/users\/23"}],"replies":[{"embeddable":true,"href":"https:\/\/www.diario5.com.ar\/es\/wp-json\/wp\/v2\/comments?post=625340"}],"version-history":[{"count":10,"href":"https:\/\/www.diario5.com.ar\/es\/wp-json\/wp\/v2\/posts\/625340\/revisions"}],"predecessor-version":[{"id":628649,"href":"https:\/\/www.diario5.com.ar\/es\/wp-json\/wp\/v2\/posts\/625340\/revisions\/628649"}],"wp:featuredmedia":[{"embeddable":true,"href":"https:\/\/www.diario5.com.ar\/es\/wp-json\/wp\/v2\/media\/627002"}],"wp:attachment":[{"href":"https:\/\/www.diario5.com.ar\/es\/wp-json\/wp\/v2\/media?parent=625340"}],"wp:term":[{"taxonomy":"category","embeddable":true,"href":"https:\/\/www.diario5.com.ar\/es\/wp-json\/wp\/v2\/categories?post=625340"},{"taxonomy":"post_tag","embeddable":true,"href":"https:\/\/www.diario5.com.ar\/es\/wp-json\/wp\/v2\/tags?post=625340"},{"taxonomy":"series","embeddable":true,"href":"https:\/\/www.diario5.com.ar\/es\/wp-json\/wp\/v2\/series?post=625340"}],"curies":[{"name":"wp","href":"https:\/\/api.w.org\/{rel}","templated":true}]}}