{"id":625339,"date":"2021-04-24T06:55:00","date_gmt":"2021-04-24T06:55:00","guid":{"rendered":"http:\/\/diario5.com.ar\/?p=625339"},"modified":"2021-05-22T15:36:50","modified_gmt":"2021-05-22T18:36:50","slug":"625339","status":"publish","type":"post","link":"https:\/\/www.diario5.com.ar\/es\/625339\/","title":{"rendered":"De la joda ilegal a ligar prioridad para el respirador"},"content":{"rendered":"<h2 class=\"sub-title-primary\">Los Comit\u00e9s de \u00c9tica no miden las Fiestas Clandestinas. De esta manera, muchos j\u00f3venes contagiados en circunstancias repudiables, generar\u00edan la muerte de otras personas para que los salven a ellos. <\/h2> <p>Nadie mide la verdadera injusticia criminal que disparan las fiestas clandestinas. Nadie da el mensaje claro de lo que significa que una parva de pendejos se est\u00e9n contagiando unos a otros mientras disfrutan del m\u00e1gico placer de excederse en todo lo que se puede, en nombre de la confusa premisa de \u00abvivir intensamente\u00bb y que generaci\u00f3n tras generaci\u00f3n, deja a millones de adolescentes y j\u00f3venes fuera de toda posibilidad de alcanzar niveles buenos de educaci\u00f3n, desarrollo personal y calidad de vida.<\/p>\n<p>Las campa\u00f1as de concientizaci\u00f3n que se han creado para evitar la propagaci\u00f3n del contagio, no est\u00e1n mal. El problema -m\u00e1s all\u00e1 de que nada es suficiente, nunca- es la falta de escrache. Se\u00f1alar con el dedo a quienes perjudican a la sociedad no es \u00abser bot\u00f3n\u00bb. Mucho m\u00e1s ortibas son son los putos* que ven\u00edan especulando con su edad, ya que pod\u00edan cursar en Covid-19 sin s\u00edntomas. Eso parece alejarse, aunque todav\u00eda no es el tiempo en que se desesperen por cuidarse. Por ahora, se comportan como saben, como los educaron y como les gusta, bien t\u00edpico de los argentos de las generaciones posmenem: cero solidaridad y rapiditos para reclamar derechos.<\/p>\n<p>El problema radica en que estos impunes propagadores de la enfermedad pand\u00e9mica, pueden llegar a obtener prioridad frente a una persona mayor, a la hora de que los m\u00e9dics tengan que decidir a qui\u00e9n se le brinda un respirador artificial y a qui\u00e9n no, si el sistema de terapia intensiva se desborda, como sucedi\u00f3 en varios pa\u00edses el a\u00f1o pasado.<\/p>\n<p>No es f\u00e1cil encontrar una injusticia tan n\u00edtidamente visible y con los culpables viviendo al lado o a la vuelta de nuestra casa.<\/p>\n<p><img decoding=\"async\" loading=\"lazy\" class=\"alignnone size-large wp-image-626952\" title=\"De la joda ilegal a ligar prioridad para el respirador\" src=\"https:\/\/www.diario5.com.ar\/wp-content\/uploads\/2021\/04\/ar_hoy20210424-776x1024.jpg\" alt=\"De la joda ilegal a ligar prioridad para el respirador\" width=\"776\" height=\"1024\" srcset=\"https:\/\/www.diario5.com.ar\/wp-content\/uploads\/2021\/04\/ar_hoy20210424-776x1024.jpg 776w, https:\/\/www.diario5.com.ar\/wp-content\/uploads\/2021\/04\/ar_hoy20210424-227x300.jpg 227w, https:\/\/www.diario5.com.ar\/wp-content\/uploads\/2021\/04\/ar_hoy20210424-768x1014.jpg 768w, https:\/\/www.diario5.com.ar\/wp-content\/uploads\/2021\/04\/ar_hoy20210424.jpg 850w\" sizes=\"(max-width: 776px) 100vw, 776px\" \/><\/p>\n<p><img decoding=\"async\" loading=\"lazy\" class=\"alignnone size-large wp-image-626953\" title=\"De la joda ilegal a ligar prioridad para el respirador\" src=\"https:\/\/www.diario5.com.ar\/wp-content\/uploads\/2021\/04\/ar_nueva_provincia20210424-722x1024.jpg\" alt=\"De la joda ilegal a ligar prioridad para el respirador\" width=\"722\" height=\"1024\" srcset=\"https:\/\/www.diario5.com.ar\/wp-content\/uploads\/2021\/04\/ar_nueva_provincia20210424-722x1024.jpg 722w, https:\/\/www.diario5.com.ar\/wp-content\/uploads\/2021\/04\/ar_nueva_provincia20210424-212x300.jpg 212w, https:\/\/www.diario5.com.ar\/wp-content\/uploads\/2021\/04\/ar_nueva_provincia20210424.jpg 764w\" sizes=\"(max-width: 722px) 100vw, 722px\" \/><\/p>\n<p><img decoding=\"async\" loading=\"lazy\" class=\"alignnone size-large wp-image-626954\" title=\"De la joda ilegal a ligar prioridad para el respirador\" src=\"https:\/\/www.diario5.com.ar\/wp-content\/uploads\/2021\/04\/ar_ancasti20210424-760x1024.jpg\" alt=\"De la joda ilegal a ligar prioridad para el respirador\" width=\"760\" height=\"1024\" srcset=\"https:\/\/www.diario5.com.ar\/wp-content\/uploads\/2021\/04\/ar_ancasti20210424-760x1024.jpg 760w, https:\/\/www.diario5.com.ar\/wp-content\/uploads\/2021\/04\/ar_ancasti20210424-223x300.jpg 223w, https:\/\/www.diario5.com.ar\/wp-content\/uploads\/2021\/04\/ar_ancasti20210424-768x1035.jpg 768w, https:\/\/www.diario5.com.ar\/wp-content\/uploads\/2021\/04\/ar_ancasti20210424.jpg 850w\" sizes=\"(max-width: 760px) 100vw, 760px\" \/><\/p>\n<p><img decoding=\"async\" loading=\"lazy\" class=\"alignnone size-large wp-image-626955\" title=\"De la joda ilegal a ligar prioridad para el respirador\" src=\"https:\/\/www.diario5.com.ar\/wp-content\/uploads\/2021\/04\/voz_chaco20210424-842x1024.jpg\" alt=\"De la joda ilegal a ligar prioridad para el respirador\" width=\"842\" height=\"1024\" srcset=\"https:\/\/www.diario5.com.ar\/wp-content\/uploads\/2021\/04\/voz_chaco20210424-842x1024.jpg 842w, https:\/\/www.diario5.com.ar\/wp-content\/uploads\/2021\/04\/voz_chaco20210424-247x300.jpg 247w, https:\/\/www.diario5.com.ar\/wp-content\/uploads\/2021\/04\/voz_chaco20210424-768x934.jpg 768w, https:\/\/www.diario5.com.ar\/wp-content\/uploads\/2021\/04\/voz_chaco20210424.jpg 850w\" sizes=\"(max-width: 842px) 100vw, 842px\" \/><\/p>\n<p><img decoding=\"async\" loading=\"lazy\" class=\"alignnone size-full wp-image-626956\" title=\"De la joda ilegal a ligar prioridad para el respirador\" src=\"https:\/\/www.diario5.com.ar\/wp-content\/uploads\/2021\/04\/ar_diario_madryn20210424.jpg\" alt=\"De la joda ilegal a ligar prioridad para el respirador\" width=\"764\" height=\"1014\" srcset=\"https:\/\/www.diario5.com.ar\/wp-content\/uploads\/2021\/04\/ar_diario_madryn20210424.jpg 764w, https:\/\/www.diario5.com.ar\/wp-content\/uploads\/2021\/04\/ar_diario_madryn20210424-226x300.jpg 226w\" sizes=\"(max-width: 764px) 100vw, 764px\" \/><\/p>\n<p><img decoding=\"async\" loading=\"lazy\" class=\"alignnone size-large wp-image-626957\" title=\"De la joda ilegal a ligar prioridad para el respirador\" src=\"https:\/\/www.diario5.com.ar\/wp-content\/uploads\/2021\/04\/ar_chubut20210424-794x1024.jpg\" alt=\"De la joda ilegal a ligar prioridad para el respirador\" width=\"794\" height=\"1024\" srcset=\"https:\/\/www.diario5.com.ar\/wp-content\/uploads\/2021\/04\/ar_chubut20210424-794x1024.jpg 794w, https:\/\/www.diario5.com.ar\/wp-content\/uploads\/2021\/04\/ar_chubut20210424-233x300.jpg 233w, https:\/\/www.diario5.com.ar\/wp-content\/uploads\/2021\/04\/ar_chubut20210424-768x990.jpg 768w, https:\/\/www.diario5.com.ar\/wp-content\/uploads\/2021\/04\/ar_chubut20210424.jpg 850w\" sizes=\"(max-width: 794px) 100vw, 794px\" \/><\/p>\n<p><img decoding=\"async\" loading=\"lazy\" class=\"alignnone size-large wp-image-626958\" title=\"De la joda ilegal a ligar prioridad para el respirador\" src=\"https:\/\/www.diario5.com.ar\/wp-content\/uploads\/2021\/04\/ar_litoral20210424-764x1024.jpg\" alt=\"De la joda ilegal a ligar prioridad para el respirador\" width=\"764\" height=\"1024\" srcset=\"https:\/\/www.diario5.com.ar\/wp-content\/uploads\/2021\/04\/ar_litoral20210424-764x1024.jpg 764w, https:\/\/www.diario5.com.ar\/wp-content\/uploads\/2021\/04\/ar_litoral20210424-224x300.jpg 224w, https:\/\/www.diario5.com.ar\/wp-content\/uploads\/2021\/04\/ar_litoral20210424-768x1030.jpg 768w, https:\/\/www.diario5.com.ar\/wp-content\/uploads\/2021\/04\/ar_litoral20210424.jpg 850w\" sizes=\"(max-width: 764px) 100vw, 764px\" \/><\/p>\n<p><img decoding=\"async\" loading=\"lazy\" class=\"alignnone size-large wp-image-626959\" title=\"De la joda ilegal a ligar prioridad para el respirador\" src=\"https:\/\/www.diario5.com.ar\/wp-content\/uploads\/2021\/04\/ar_arena20210424-744x1024.jpg\" alt=\"De la joda ilegal a ligar prioridad para el respirador\" width=\"744\" height=\"1024\" srcset=\"https:\/\/www.diario5.com.ar\/wp-content\/uploads\/2021\/04\/ar_arena20210424-744x1024.jpg 744w, https:\/\/www.diario5.com.ar\/wp-content\/uploads\/2021\/04\/ar_arena20210424-218x300.jpg 218w, https:\/\/www.diario5.com.ar\/wp-content\/uploads\/2021\/04\/ar_arena20210424-768x1057.jpg 768w, https:\/\/www.diario5.com.ar\/wp-content\/uploads\/2021\/04\/ar_arena20210424.jpg 850w\" sizes=\"(max-width: 744px) 100vw, 744px\" \/><\/p>\n<p><img decoding=\"async\" loading=\"lazy\" class=\"alignnone size-large wp-image-626960\" title=\"De la joda ilegal a ligar prioridad para el respirador\" src=\"https:\/\/www.diario5.com.ar\/wp-content\/uploads\/2021\/04\/independiente20210424-737x1024.jpg\" alt=\"De la joda ilegal a ligar prioridad para el respirador\" width=\"737\" height=\"1024\" srcset=\"https:\/\/www.diario5.com.ar\/wp-content\/uploads\/2021\/04\/independiente20210424-737x1024.jpg 737w, https:\/\/www.diario5.com.ar\/wp-content\/uploads\/2021\/04\/independiente20210424-216x300.jpg 216w, https:\/\/www.diario5.com.ar\/wp-content\/uploads\/2021\/04\/independiente20210424-768x1067.jpg 768w, https:\/\/www.diario5.com.ar\/wp-content\/uploads\/2021\/04\/independiente20210424.jpg 814w\" sizes=\"(max-width: 737px) 100vw, 737px\" \/><\/p>\n<p><img decoding=\"async\" loading=\"lazy\" class=\"alignnone size-full wp-image-626961\" title=\"De la joda ilegal a ligar prioridad para el respirador\" src=\"https:\/\/www.diario5.com.ar\/wp-content\/uploads\/2021\/04\/ar_tribuno20210424.jpg\" alt=\"De la joda ilegal a ligar prioridad para el respirador\" width=\"764\" height=\"1002\" srcset=\"https:\/\/www.diario5.com.ar\/wp-content\/uploads\/2021\/04\/ar_tribuno20210424.jpg 764w, https:\/\/www.diario5.com.ar\/wp-content\/uploads\/2021\/04\/ar_tribuno20210424-229x300.jpg 229w\" sizes=\"(max-width: 764px) 100vw, 764px\" \/><\/p>\n<p><img decoding=\"async\" loading=\"lazy\" class=\"alignnone size-full wp-image-626962\" title=\"De la joda ilegal a ligar prioridad para el respirador\" src=\"https:\/\/www.diario5.com.ar\/wp-content\/uploads\/2021\/04\/ar_cronica20210424.jpg\" alt=\"De la joda ilegal a ligar prioridad para el respirador\" width=\"850\" height=\"994\" srcset=\"https:\/\/www.diario5.com.ar\/wp-content\/uploads\/2021\/04\/ar_cronica20210424.jpg 850w, https:\/\/www.diario5.com.ar\/wp-content\/uploads\/2021\/04\/ar_cronica20210424-257x300.jpg 257w, https:\/\/www.diario5.com.ar\/wp-content\/uploads\/2021\/04\/ar_cronica20210424-768x898.jpg 768w\" sizes=\"(max-width: 850px) 100vw, 850px\" \/><\/p>\n<p><img decoding=\"async\" loading=\"lazy\" class=\"alignnone size-large wp-image-626963\" title=\"De la joda ilegal a ligar prioridad para el respirador\" src=\"https:\/\/www.diario5.com.ar\/wp-content\/uploads\/2021\/04\/ar_clarin20210424-746x1024.jpg\" alt=\"De la joda ilegal a ligar prioridad para el respirador\" width=\"746\" height=\"1024\" srcset=\"https:\/\/www.diario5.com.ar\/wp-content\/uploads\/2021\/04\/ar_clarin20210424-746x1024.jpg 746w, https:\/\/www.diario5.com.ar\/wp-content\/uploads\/2021\/04\/ar_clarin20210424-219x300.jpg 219w, https:\/\/www.diario5.com.ar\/wp-content\/uploads\/2021\/04\/ar_clarin20210424-768x1054.jpg 768w, https:\/\/www.diario5.com.ar\/wp-content\/uploads\/2021\/04\/ar_clarin20210424.jpg 850w\" sizes=\"(max-width: 746px) 100vw, 746px\" \/><\/p>\n<p>&#8211; &#8211; &#8211;<\/p>","protected":false},"excerpt":{"rendered":"<p>Los Comit\u00e9s de \u00c9tica no miden las Fiestas Clandestinas. De esta manera, muchos j\u00f3venes contagiados en circunstancias repudiables, generar\u00edan la muerte de otras personas para que los salven a ellos. Nadie mide la verdadera injusticia criminal que disparan las fiestas clandestinas. Nadie da el mensaje claro de lo que significa que una parva de pendejos [&hellip;]<\/p>","protected":false},"author":1,"featured_media":626952,"comment_status":"open","ping_status":"open","sticky":false,"template":"","format":"standard","meta":[],"categories":[75,57,22],"tags":[],"series":[],"_links":{"self":[{"href":"https:\/\/www.diario5.com.ar\/es\/wp-json\/wp\/v2\/posts\/625339"}],"collection":[{"href":"https:\/\/www.diario5.com.ar\/es\/wp-json\/wp\/v2\/posts"}],"about":[{"href":"https:\/\/www.diario5.com.ar\/es\/wp-json\/wp\/v2\/types\/post"}],"author":[{"embeddable":true,"href":"https:\/\/www.diario5.com.ar\/es\/wp-json\/wp\/v2\/users\/1"}],"replies":[{"embeddable":true,"href":"https:\/\/www.diario5.com.ar\/es\/wp-json\/wp\/v2\/comments?post=625339"}],"version-history":[{"count":4,"href":"https:\/\/www.diario5.com.ar\/es\/wp-json\/wp\/v2\/posts\/625339\/revisions"}],"predecessor-version":[{"id":626965,"href":"https:\/\/www.diario5.com.ar\/es\/wp-json\/wp\/v2\/posts\/625339\/revisions\/626965"}],"wp:featuredmedia":[{"embeddable":true,"href":"https:\/\/www.diario5.com.ar\/es\/wp-json\/wp\/v2\/media\/626952"}],"wp:attachment":[{"href":"https:\/\/www.diario5.com.ar\/es\/wp-json\/wp\/v2\/media?parent=625339"}],"wp:term":[{"taxonomy":"category","embeddable":true,"href":"https:\/\/www.diario5.com.ar\/es\/wp-json\/wp\/v2\/categories?post=625339"},{"taxonomy":"post_tag","embeddable":true,"href":"https:\/\/www.diario5.com.ar\/es\/wp-json\/wp\/v2\/tags?post=625339"},{"taxonomy":"series","embeddable":true,"href":"https:\/\/www.diario5.com.ar\/es\/wp-json\/wp\/v2\/series?post=625339"}],"curies":[{"name":"wp","href":"https:\/\/api.w.org\/{rel}","templated":true}]}}