{"id":625326,"date":"2021-04-11T06:52:00","date_gmt":"2021-04-11T09:52:00","guid":{"rendered":"http:\/\/diario5.com.ar\/?p=625326"},"modified":"2021-04-14T00:05:16","modified_gmt":"2021-04-14T03:05:16","slug":"625326","status":"publish","type":"post","link":"https:\/\/www.diario5.com.ar\/es\/625326\/","title":{"rendered":"Intenciones y Resultados en el Plan de Vacunaci\u00f3n"},"content":{"rendered":"<h2 class=\"sub-title-primary\">\"You may say I'm a dreamer\" aparece en la pol\u00edtica a argentina 40 a\u00f1os m\u00e1s tarde de la muerte de John Lennon. <\/h2> <p>El Gobierno asegura que buscar\u00e1 acelerar la vacunaci\u00f3n en las pr\u00f3ximas tres semanas. Pero las estructuras de vacunaci\u00f3n est\u00e1n preparadas para acelerar el proceso, lo que deja m\u00e1s en evidencia que nunca, la imposibilidad de obtener las vacunas en el tiempo en que las autoridades no s\u00f3lo  calcularon, sino que tambi\u00e9n anunciaron a modo de promesa.<\/p>\n<p>Se\u00f1alan que se trata de un movimiento doble: apostar al estricto cumplimiento de las nuevas restricciones para mitigar la circulaci\u00f3n del virus y simult\u00e1neamente vacunar. Lo que no est\u00e1 claro es si realmente habr\u00e1 vacunas durante el lapso en el que el gobierno arma sus planes de vacunaci\u00f3n.<\/p>\n<p>Las nuevas restricciones, con vigencia hasta el 30 de abril pr\u00f3ximo, conforman una apuesta bastante riesgosa, en la medida en que la llegada de nuevas vacunas no sea una realidad.<\/p>\n<p>Hablan de \u00abcontrolar la curva de contagios de coronavirus durante las pr\u00f3ximas tres semanas para acelerar el ritmo de vacunaci\u00f3n y enfocar en ese per\u00edodo la inoculaci\u00f3n de la poblaci\u00f3n de riesgo, mientras se aceleran las negociaciones para la llegada de nuevas remesas desde China y Rusia\u00bb.<\/p>\n<p>El jefe de Gabinete, Santiago Cafiero se arriesg\u00f3 a una dudosa meta para que sea vinculada con un plazo demasiado corto: \u00abQueremos vacunar a toda la poblaci\u00f3n mayor de 70 a\u00f1os. All\u00ed debemos enfocar la vacunaci\u00f3n en las pr\u00f3ximas 3 semanas\u00bb<\/p>\n<p>Claramente, dicen que el plan es vacunar a la totalidad de los mayores de 70 en las pr\u00f3ximas tres semanas, pero -por dar un caso- la viuda del genial violinista Symzia Bajour, Mar\u00eda Teresa \u00abTotona\u00bb Dur\u00f3, de 87 a\u00f1os, sigue esperando que alguien se digne a solucionar su tr\u00e1mite de vacunaci\u00f3n.<\/p>\n<p>Nadie cuestiona que haya buenas intenciones. Estamos remarcando, claramente que s\u00f3lo hay eso. La frase \u00abpodr\u00e1n decir que soy un so\u00f1ador, pero no soy el \u00fanico, ya no es original. La hab\u00eda creado John Lennon en 1975, para su canci\u00f3n Imagine. Habr\u00e1 que argumentar por otro lado, Santi.<\/p>\n<p><img decoding=\"async\" loading=\"lazy\" class=\"alignnone size-full wp-image-626485\" title=\"No soy el \u00fanico\" src=\"https:\/\/www.diario5.com.ar\/wp-content\/uploads\/2021\/04\/Cafiero_Santiago20210411.jpg\" alt=\"No soy el \u00fanico\" width=\"540\" height=\"360\" srcset=\"https:\/\/www.diario5.com.ar\/wp-content\/uploads\/2021\/04\/Cafiero_Santiago20210411.jpg 540w, https:\/\/www.diario5.com.ar\/wp-content\/uploads\/2021\/04\/Cafiero_Santiago20210411-300x200.jpg 300w\" sizes=\"(max-width: 540px) 100vw, 540px\" \/><\/p>\n<p><img decoding=\"async\" loading=\"lazy\" class=\"alignnone size-large wp-image-626486\" title=\"No soy el \u00fanico\" src=\"https:\/\/www.diario5.com.ar\/wp-content\/uploads\/2021\/04\/voz_chaco20210411-842x1024.jpg\" alt=\"No soy el \u00fanico\" width=\"842\" height=\"1024\" srcset=\"https:\/\/www.diario5.com.ar\/wp-content\/uploads\/2021\/04\/voz_chaco20210411-842x1024.jpg 842w, https:\/\/www.diario5.com.ar\/wp-content\/uploads\/2021\/04\/voz_chaco20210411-247x300.jpg 247w, https:\/\/www.diario5.com.ar\/wp-content\/uploads\/2021\/04\/voz_chaco20210411-768x934.jpg 768w, https:\/\/www.diario5.com.ar\/wp-content\/uploads\/2021\/04\/voz_chaco20210411.jpg 850w\" sizes=\"(max-width: 842px) 100vw, 842px\" \/><\/p>\n<p><img decoding=\"async\" loading=\"lazy\" class=\"alignnone size-large wp-image-626487\" title=\"No soy el \u00fanico\" src=\"https:\/\/www.diario5.com.ar\/wp-content\/uploads\/2021\/04\/ar_diario_madryn20210411-772x1024.jpg\" alt=\"No soy el \u00fanico\" width=\"772\" height=\"1024\" srcset=\"https:\/\/www.diario5.com.ar\/wp-content\/uploads\/2021\/04\/ar_diario_madryn20210411-772x1024.jpg 772w, https:\/\/www.diario5.com.ar\/wp-content\/uploads\/2021\/04\/ar_diario_madryn20210411-226x300.jpg 226w, https:\/\/www.diario5.com.ar\/wp-content\/uploads\/2021\/04\/ar_diario_madryn20210411-768x1019.jpg 768w, https:\/\/www.diario5.com.ar\/wp-content\/uploads\/2021\/04\/ar_diario_madryn20210411.jpg 850w\" sizes=\"(max-width: 772px) 100vw, 772px\" \/><\/p>\n<p><img decoding=\"async\" loading=\"lazy\" class=\"alignnone size-large wp-image-626488\" title=\"No soy el \u00fanico\" src=\"https:\/\/www.diario5.com.ar\/wp-content\/uploads\/2021\/04\/ar_chubut20210411-792x1024.jpg\" alt=\"No soy el \u00fanico\" width=\"792\" height=\"1024\" srcset=\"https:\/\/www.diario5.com.ar\/wp-content\/uploads\/2021\/04\/ar_chubut20210411-792x1024.jpg 792w, https:\/\/www.diario5.com.ar\/wp-content\/uploads\/2021\/04\/ar_chubut20210411-232x300.jpg 232w, https:\/\/www.diario5.com.ar\/wp-content\/uploads\/2021\/04\/ar_chubut20210411-768x993.jpg 768w, https:\/\/www.diario5.com.ar\/wp-content\/uploads\/2021\/04\/ar_chubut20210411.jpg 850w\" sizes=\"(max-width: 792px) 100vw, 792px\" \/><\/p>\n<p><img decoding=\"async\" loading=\"lazy\" class=\"alignnone size-large wp-image-626489\" title=\"No soy el \u00fanico\" src=\"https:\/\/www.diario5.com.ar\/wp-content\/uploads\/2021\/04\/ar_litoral20210411-770x1024.jpg\" alt=\"No soy el \u00fanico\" width=\"770\" height=\"1024\" srcset=\"https:\/\/www.diario5.com.ar\/wp-content\/uploads\/2021\/04\/ar_litoral20210411-770x1024.jpg 770w, https:\/\/www.diario5.com.ar\/wp-content\/uploads\/2021\/04\/ar_litoral20210411-226x300.jpg 226w, https:\/\/www.diario5.com.ar\/wp-content\/uploads\/2021\/04\/ar_litoral20210411-768x1021.jpg 768w, https:\/\/www.diario5.com.ar\/wp-content\/uploads\/2021\/04\/ar_litoral20210411.jpg 850w\" sizes=\"(max-width: 770px) 100vw, 770px\" \/><\/p>\n<p><img decoding=\"async\" loading=\"lazy\" class=\"alignnone size-large wp-image-626490\" title=\"No soy el \u00fanico\" src=\"https:\/\/www.diario5.com.ar\/wp-content\/uploads\/2021\/04\/ar_arena20210411-745x1024.jpg\" alt=\"No soy el \u00fanico\" width=\"745\" height=\"1024\" srcset=\"https:\/\/www.diario5.com.ar\/wp-content\/uploads\/2021\/04\/ar_arena20210411-745x1024.jpg 745w, https:\/\/www.diario5.com.ar\/wp-content\/uploads\/2021\/04\/ar_arena20210411-218x300.jpg 218w, https:\/\/www.diario5.com.ar\/wp-content\/uploads\/2021\/04\/ar_arena20210411-768x1056.jpg 768w, https:\/\/www.diario5.com.ar\/wp-content\/uploads\/2021\/04\/ar_arena20210411.jpg 850w\" sizes=\"(max-width: 745px) 100vw, 745px\" \/><\/p>\n<p><img decoding=\"async\" loading=\"lazy\" class=\"alignnone size-large wp-image-626491\" title=\"No soy el \u00fanico\" src=\"https:\/\/www.diario5.com.ar\/wp-content\/uploads\/2021\/04\/independiente20210411-737x1024.jpg\" alt=\"No soy el \u00fanico\" width=\"737\" height=\"1024\" srcset=\"https:\/\/www.diario5.com.ar\/wp-content\/uploads\/2021\/04\/independiente20210411-737x1024.jpg 737w, https:\/\/www.diario5.com.ar\/wp-content\/uploads\/2021\/04\/independiente20210411-216x300.jpg 216w, https:\/\/www.diario5.com.ar\/wp-content\/uploads\/2021\/04\/independiente20210411-768x1067.jpg 768w, https:\/\/www.diario5.com.ar\/wp-content\/uploads\/2021\/04\/independiente20210411.jpg 814w\" sizes=\"(max-width: 737px) 100vw, 737px\" \/><\/p>\n<p><img decoding=\"async\" loading=\"lazy\" class=\"alignnone size-large wp-image-626492\" title=\"No soy el \u00fanico\" src=\"https:\/\/www.diario5.com.ar\/wp-content\/uploads\/2021\/04\/ar_litoral_sfe20210411-759x1024.jpg\" alt=\"No soy el \u00fanico\" width=\"759\" height=\"1024\" srcset=\"https:\/\/www.diario5.com.ar\/wp-content\/uploads\/2021\/04\/ar_litoral_sfe20210411-759x1024.jpg 759w, https:\/\/www.diario5.com.ar\/wp-content\/uploads\/2021\/04\/ar_litoral_sfe20210411-222x300.jpg 222w, https:\/\/www.diario5.com.ar\/wp-content\/uploads\/2021\/04\/ar_litoral_sfe20210411-768x1036.jpg 768w, https:\/\/www.diario5.com.ar\/wp-content\/uploads\/2021\/04\/ar_litoral_sfe20210411.jpg 850w\" sizes=\"(max-width: 759px) 100vw, 759px\" \/><\/p>\n<p><img decoding=\"async\" loading=\"lazy\" class=\"alignnone size-large wp-image-626493\" title=\"No soy el \u00fanico\" src=\"https:\/\/www.diario5.com.ar\/wp-content\/uploads\/2021\/04\/ar_mirador_provincial20210411-768x1024.jpg\" alt=\"No soy el \u00fanico\" width=\"768\" height=\"1024\" srcset=\"https:\/\/www.diario5.com.ar\/wp-content\/uploads\/2021\/04\/ar_mirador_provincial20210411-768x1024.jpg 768w, https:\/\/www.diario5.com.ar\/wp-content\/uploads\/2021\/04\/ar_mirador_provincial20210411-225x300.jpg 225w, https:\/\/www.diario5.com.ar\/wp-content\/uploads\/2021\/04\/ar_mirador_provincial20210411.jpg 850w\" sizes=\"(max-width: 768px) 100vw, 768px\" \/><\/p>\n<p><img decoding=\"async\" loading=\"lazy\" class=\"alignnone size-large wp-image-626494\" title=\"No soy el \u00fanico\" src=\"https:\/\/www.diario5.com.ar\/wp-content\/uploads\/2021\/04\/ar_gaceta20210411-620x1024.jpg\" alt=\"No soy el \u00fanico\" width=\"620\" height=\"1024\" srcset=\"https:\/\/www.diario5.com.ar\/wp-content\/uploads\/2021\/04\/ar_gaceta20210411-620x1024.jpg 620w, https:\/\/www.diario5.com.ar\/wp-content\/uploads\/2021\/04\/ar_gaceta20210411-181x300.jpg 181w, https:\/\/www.diario5.com.ar\/wp-content\/uploads\/2021\/04\/ar_gaceta20210411-768x1269.jpg 768w, https:\/\/www.diario5.com.ar\/wp-content\/uploads\/2021\/04\/ar_gaceta20210411.jpg 850w\" sizes=\"(max-width: 620px) 100vw, 620px\" \/><\/p>\n<p><img decoding=\"async\" loading=\"lazy\" class=\"alignnone size-large wp-image-626495\" title=\"No soy el \u00fanico\" src=\"https:\/\/www.diario5.com.ar\/wp-content\/uploads\/2021\/04\/ar_clarin20210411-743x1024.jpg\" alt=\"No soy el \u00fanico\" width=\"743\" height=\"1024\" srcset=\"https:\/\/www.diario5.com.ar\/wp-content\/uploads\/2021\/04\/ar_clarin20210411-743x1024.jpg 743w, https:\/\/www.diario5.com.ar\/wp-content\/uploads\/2021\/04\/ar_clarin20210411-218x300.jpg 218w, https:\/\/www.diario5.com.ar\/wp-content\/uploads\/2021\/04\/ar_clarin20210411-768x1059.jpg 768w, https:\/\/www.diario5.com.ar\/wp-content\/uploads\/2021\/04\/ar_clarin20210411.jpg 850w\" sizes=\"(max-width: 743px) 100vw, 743px\" \/><\/p>\n<p><img decoding=\"async\" loading=\"lazy\" class=\"alignnone size-large wp-image-626496\" title=\"No soy el \u00fanico\" src=\"https:\/\/www.diario5.com.ar\/wp-content\/uploads\/2021\/04\/ar_eldia20210411-692x1024.jpg\" alt=\"No soy el \u00fanico\" width=\"692\" height=\"1024\" srcset=\"https:\/\/www.diario5.com.ar\/wp-content\/uploads\/2021\/04\/ar_eldia20210411-692x1024.jpg 692w, https:\/\/www.diario5.com.ar\/wp-content\/uploads\/2021\/04\/ar_eldia20210411-203x300.jpg 203w, https:\/\/www.diario5.com.ar\/wp-content\/uploads\/2021\/04\/ar_eldia20210411-768x1137.jpg 768w, https:\/\/www.diario5.com.ar\/wp-content\/uploads\/2021\/04\/ar_eldia20210411.jpg 850w\" sizes=\"(max-width: 692px) 100vw, 692px\" \/><\/p>\n<p><img decoding=\"async\" loading=\"lazy\" class=\"alignnone size-large wp-image-626497\" title=\"No soy el \u00fanico\" src=\"https:\/\/www.diario5.com.ar\/wp-content\/uploads\/2021\/04\/ar_hoy20210411-762x1024.jpg\" alt=\"No soy el \u00fanico\" width=\"762\" height=\"1024\" srcset=\"https:\/\/www.diario5.com.ar\/wp-content\/uploads\/2021\/04\/ar_hoy20210411-762x1024.jpg 762w, https:\/\/www.diario5.com.ar\/wp-content\/uploads\/2021\/04\/ar_hoy20210411-223x300.jpg 223w, https:\/\/www.diario5.com.ar\/wp-content\/uploads\/2021\/04\/ar_hoy20210411-768x1033.jpg 768w, https:\/\/www.diario5.com.ar\/wp-content\/uploads\/2021\/04\/ar_hoy20210411.jpg 850w\" sizes=\"(max-width: 762px) 100vw, 762px\" \/><\/p>\n<p><img decoding=\"async\" loading=\"lazy\" class=\"alignnone size-large wp-image-626503\" src=\"https:\/\/www.diario5.com.ar\/wp-content\/uploads\/2021\/04\/la_capital20210411-758x1024.jpg\" width=\"758\" height=\"1024\" alt=\"No soy el \u00fanico\" title=\"No soy el \u00fanico\" srcset=\"https:\/\/www.diario5.com.ar\/wp-content\/uploads\/2021\/04\/la_capital20210411-758x1024.jpg 758w, https:\/\/www.diario5.com.ar\/wp-content\/uploads\/2021\/04\/la_capital20210411-222x300.jpg 222w, https:\/\/www.diario5.com.ar\/wp-content\/uploads\/2021\/04\/la_capital20210411-768x1038.jpg 768w, https:\/\/www.diario5.com.ar\/wp-content\/uploads\/2021\/04\/la_capital20210411.jpg 850w\" sizes=\"(max-width: 758px) 100vw, 758px\" \/><\/p>\n<p><img decoding=\"async\" loading=\"lazy\" class=\"alignnone size-large wp-image-626498\" title=\"No soy el \u00fanico\" src=\"https:\/\/www.diario5.com.ar\/wp-content\/uploads\/2021\/04\/ar_ancasti20210411-760x1024.jpg\" alt=\"No soy el \u00fanico\" width=\"760\" height=\"1024\" srcset=\"https:\/\/www.diario5.com.ar\/wp-content\/uploads\/2021\/04\/ar_ancasti20210411-760x1024.jpg 760w, https:\/\/www.diario5.com.ar\/wp-content\/uploads\/2021\/04\/ar_ancasti20210411-223x300.jpg 223w, https:\/\/www.diario5.com.ar\/wp-content\/uploads\/2021\/04\/ar_ancasti20210411-768x1035.jpg 768w, https:\/\/www.diario5.com.ar\/wp-content\/uploads\/2021\/04\/ar_ancasti20210411.jpg 850w\" sizes=\"(max-width: 760px) 100vw, 760px\" \/><\/p>\n<p>URUGUAY<br \/>\n<img decoding=\"async\" loading=\"lazy\" class=\"alignnone size-large wp-image-626499\" title=\"No soy el \u00fanico\" src=\"https:\/\/www.diario5.com.ar\/wp-content\/uploads\/2021\/04\/uy_republica20210411-702x1024.jpg\" alt=\"No soy el \u00fanico\" width=\"702\" height=\"1024\" srcset=\"https:\/\/www.diario5.com.ar\/wp-content\/uploads\/2021\/04\/uy_republica20210411-702x1024.jpg 702w, https:\/\/www.diario5.com.ar\/wp-content\/uploads\/2021\/04\/uy_republica20210411-206x300.jpg 206w, https:\/\/www.diario5.com.ar\/wp-content\/uploads\/2021\/04\/uy_republica20210411-768x1120.jpg 768w, https:\/\/www.diario5.com.ar\/wp-content\/uploads\/2021\/04\/uy_republica20210411.jpg 850w\" sizes=\"(max-width: 702px) 100vw, 702px\" \/><\/p>\n<p>&nbsp;<\/p>\n<p><img decoding=\"async\" loading=\"lazy\" class=\"alignnone size-large wp-image-626500\" title=\"No soy el \u00fanico\" src=\"https:\/\/www.diario5.com.ar\/wp-content\/uploads\/2021\/04\/uy_observador20210411-726x1024.jpg\" alt=\"No soy el \u00fanico\" width=\"726\" height=\"1024\" srcset=\"https:\/\/www.diario5.com.ar\/wp-content\/uploads\/2021\/04\/uy_observador20210411-726x1024.jpg 726w, https:\/\/www.diario5.com.ar\/wp-content\/uploads\/2021\/04\/uy_observador20210411-213x300.jpg 213w, https:\/\/www.diario5.com.ar\/wp-content\/uploads\/2021\/04\/uy_observador20210411.jpg 764w\" sizes=\"(max-width: 726px) 100vw, 726px\" \/><\/p>\n<p>CHILE<br \/>\n<img decoding=\"async\" loading=\"lazy\" class=\"alignnone size-large wp-image-626501\" title=\"No soy el \u00fanico\" src=\"https:\/\/www.diario5.com.ar\/wp-content\/uploads\/2021\/04\/cl_mercurio20210411-559x1024.jpg\" alt=\"No soy el \u00fanico\" width=\"559\" height=\"1024\" srcset=\"https:\/\/www.diario5.com.ar\/wp-content\/uploads\/2021\/04\/cl_mercurio20210411-559x1024.jpg 559w, https:\/\/www.diario5.com.ar\/wp-content\/uploads\/2021\/04\/cl_mercurio20210411-164x300.jpg 164w, https:\/\/www.diario5.com.ar\/wp-content\/uploads\/2021\/04\/cl_mercurio20210411-768x1407.jpg 768w, https:\/\/www.diario5.com.ar\/wp-content\/uploads\/2021\/04\/cl_mercurio20210411-839x1536.jpg 839w, https:\/\/www.diario5.com.ar\/wp-content\/uploads\/2021\/04\/cl_mercurio20210411.jpg 850w\" sizes=\"(max-width: 559px) 100vw, 559px\" \/><\/p>\n<p>&nbsp;<\/p>\n<p><img decoding=\"async\" loading=\"lazy\" class=\"alignnone size-full wp-image-626504\" src=\"https:\/\/www.diario5.com.ar\/wp-content\/uploads\/2021\/04\/cl_ultimas_noticias20210411.jpg\" width=\"792\" height=\"979\" alt=\"No soy el \u00fanico\" title=\"No soy el \u00fanico\" srcset=\"https:\/\/www.diario5.com.ar\/wp-content\/uploads\/2021\/04\/cl_ultimas_noticias20210411.jpg 792w, https:\/\/www.diario5.com.ar\/wp-content\/uploads\/2021\/04\/cl_ultimas_noticias20210411-243x300.jpg 243w, https:\/\/www.diario5.com.ar\/wp-content\/uploads\/2021\/04\/cl_ultimas_noticias20210411-768x949.jpg 768w\" sizes=\"(max-width: 792px) 100vw, 792px\" \/><\/p>\n<p>&#8211; &#8211; &#8211;<\/p>","protected":false},"excerpt":{"rendered":"<p>\u00abYou may say I&#8217;m a dreamer\u00bb aparece en la pol\u00edtica a argentina 40 a\u00f1os m\u00e1s tarde de la muerte de John Lennon. El Gobierno asegura que buscar\u00e1 acelerar la vacunaci\u00f3n en las pr\u00f3ximas tres semanas. Pero las estructuras de vacunaci\u00f3n est\u00e1n preparadas para acelerar el proceso, lo que deja m\u00e1s en evidencia que nunca, la [&hellip;]<\/p>","protected":false},"author":2,"featured_media":626485,"comment_status":"open","ping_status":"open","sticky":false,"template":"","format":"standard","meta":[],"categories":[1],"tags":[],"series":[],"_links":{"self":[{"href":"https:\/\/www.diario5.com.ar\/es\/wp-json\/wp\/v2\/posts\/625326"}],"collection":[{"href":"https:\/\/www.diario5.com.ar\/es\/wp-json\/wp\/v2\/posts"}],"about":[{"href":"https:\/\/www.diario5.com.ar\/es\/wp-json\/wp\/v2\/types\/post"}],"author":[{"embeddable":true,"href":"https:\/\/www.diario5.com.ar\/es\/wp-json\/wp\/v2\/users\/2"}],"replies":[{"embeddable":true,"href":"https:\/\/www.diario5.com.ar\/es\/wp-json\/wp\/v2\/comments?post=625326"}],"version-history":[{"count":6,"href":"https:\/\/www.diario5.com.ar\/es\/wp-json\/wp\/v2\/posts\/625326\/revisions"}],"predecessor-version":[{"id":626581,"href":"https:\/\/www.diario5.com.ar\/es\/wp-json\/wp\/v2\/posts\/625326\/revisions\/626581"}],"wp:featuredmedia":[{"embeddable":true,"href":"https:\/\/www.diario5.com.ar\/es\/wp-json\/wp\/v2\/media\/626485"}],"wp:attachment":[{"href":"https:\/\/www.diario5.com.ar\/es\/wp-json\/wp\/v2\/media?parent=625326"}],"wp:term":[{"taxonomy":"category","embeddable":true,"href":"https:\/\/www.diario5.com.ar\/es\/wp-json\/wp\/v2\/categories?post=625326"},{"taxonomy":"post_tag","embeddable":true,"href":"https:\/\/www.diario5.com.ar\/es\/wp-json\/wp\/v2\/tags?post=625326"},{"taxonomy":"series","embeddable":true,"href":"https:\/\/www.diario5.com.ar\/es\/wp-json\/wp\/v2\/series?post=625326"}],"curies":[{"name":"wp","href":"https:\/\/api.w.org\/{rel}","templated":true}]}}