{"id":624611,"date":"2021-03-11T10:00:53","date_gmt":"2021-03-11T13:00:53","guid":{"rendered":"https:\/\/www.diario5.com.ar\/a-100-anos-del-nacimiento-de-astor-piazzolla-la-ciudad-rinde-homenajes-al-gran-maestro\/"},"modified":"2021-04-09T00:36:44","modified_gmt":"2021-04-09T03:36:44","slug":"a-100-anos-del-nacimiento-de-astor-piazzolla-la-ciudad-rinde-homenajes-al-gran-maestro","status":"publish","type":"post","link":"https:\/\/www.diario5.com.ar\/es\/a-100-anos-del-nacimiento-de-astor-piazzolla-la-ciudad-rinde-homenajes-al-gran-maestro\/","title":{"rendered":"Astor 100"},"content":{"rendered":"<h2 class=\"sub-title-primary\"><\/h2> <div>\n<p>El Ministerio de Cultura de la Ciudad de Buenos Aires acompa\u00f1ar\u00e1 a la <strong>Fundaci\u00f3n Astor Piazzolla<\/strong> con una importante programaci\u00f3n art\u00edstica que se llevar\u00e1 a cabo en diferentes espacios culturales y ciudades de todo el mundo durante todo el 2021, para recordar al bandoneonista y compositor argentino, considerado <strong>uno de los m\u00fasicos m\u00e1s importantes del siglo XX y compositores de tango m\u00e1s reconocidos a nivel mundial<\/strong>.<\/p>\n<\/p>\n<p><em>\u201cEstamos orgullosos de poder homenajear a uno de los m\u00e1s grandes compositores argentinos en el centenario de su nacimiento. En diversos espacios del ministerio, realizaremos muchas actividades a lo largo del a\u00f1o, tanto presenciales como virtuales, para volver a vivir las obras del gran Astor Piazzolla. Sus composiciones han marcado una \u00e9poca, un nuevo paradigma musical que nunca perece y le llega a todas las generaciones. Astor es s\u00edmbolo de la cultura porte\u00f1a y una inagotable fuente de inspiraci\u00f3n, tanto para la ciudadan\u00eda como para nuestros hacedores culturales\u201d<\/em>, asegur\u00f3 el ministro de cultura porte\u00f1o, Enrique Avogadro.<\/p>\n<p>Las diferentes propuestas se podr\u00e1n disfrutar de forma presencial en el Teatro Col\u00f3n o Complejo Teatral de Buenos Aires, o de manera virtual a trav\u00e9s de <a href=\"https:\/\/vivamoscultura.buenosaires.gob.ar\/\">Vivamos Cultura<\/a>, la plataforma que re\u00fane todo el contenido cultural de la Ciudad y en el sitio <a href=\"https:\/\/www.piazzolla100official.com\/\">Piazzolla 100<\/a> desarrollada por la Fundaci\u00f3n Astor Piazzolla, cuya vicepresidencia ocupa <strong>Daniel Villaflor Piazolla, nieto de Astor<\/strong>. En este sentido, Daniel asegur\u00f3: <em>\u00abEl gran mensaje que queremos dar con los distintos homenajes, es que Piazzolla es argentino pero su obra pertenece al mundo entero, es un patrimonio de la humanidad. Y con los contenidos de nuestra plataforma Piazzolla100 nos interesa facilitar a la gente el acceso a aspectos m\u00e1s \u00edntimos de su persona, que en definitiva le permitieron componer una m\u00fasica eterna y universal\u201d<\/em>. Adem\u00e1s, la programaci\u00f3n de las diferentes iniciativas cont\u00f3 con la curadur\u00eda de <strong>Daniel \u00abPipi\u00bb Piazzolla, tambi\u00e9n nieto del bandoneonista<\/strong>.<\/p>\n<p>La cita para para recorrer la vida y obra de Piazzolla comenzar\u00e1 en el escenario principal del <strong>Teatro Col\u00f3n que junto con la colaboraci\u00f3n de la Fundaci\u00f3n Astor Piazzolla, rendir\u00e1n homenaje al compositor a partir del viernes 5 hasta el s\u00e1bado 20 de marzo<\/strong>. La obra del reconocido compositor y bandoneonista ser\u00e1 interpretada por artistas y agrupaciones musicales consagrados: <strong>Amelita Baltar, Ra\u00fal Lavi\u00e9, Jairo, Elena Roger, Susana Rinaldi, Gustavo Bergalli, Enrique Roizner, Luis Ceravolo, Ricardo Lew, Chango Spasiuk, la Orquesta Estable del Teatro Col\u00f3n, la Orquesta Filarm\u00f3nica de Buenos Aires, la Camerata Bariloche, el Quinteto Astor Piazzolla, la Orquesta Escuela de Tango Emilio Balcarce y Escalandrum Proyecto El\u00e9ctrico<\/strong>, entre otros.<\/p>\n<p>El Coliseo porte\u00f1o volver\u00e1 a las actividades presenciales y virtuales en este 2021 con un ciclo de homenajes a Piazzolla que se dividir\u00e1 en dos partes: la primera parte se llevar\u00e1 a cabo del 5 al 14 de marzo  (localidades a la venta online en la web del Teatro Col\u00f3n) y la segunda parte del 16 al 20 de marzo con conciertos gratuitos con previa reserva de localidades online. Las entradas de las funciones gratuitas van a estar disponibles en <a href=\"http:\/\/www.teatrocolon.org.ar\/\">www.teatrocolon.org.ar<\/a> a partir de las 10 hs del d\u00eda anterior a cada funci\u00f3n. Para m\u00e1s informaci\u00f3n se puede visitar <a href=\"http:\/\/www.teatrocolon.org.ar\/\">la web del Teatro Col\u00f3n.<\/a><\/p>\n<p><img decoding=\"async\" loading=\"lazy\" src=\"https:\/\/www.diario5.com.ar\/wp-content\/uploads\/2021\/03\/2021-_05_-03_-_centenario_piazzolla_-_steven_sierra-70.jpg\" width=\"4898\" height=\"3265\" alt=\" Steven Sierra\" title=\" Steven Sierra\"><\/p>\n<p>La <a href=\"http:\/\/www.buenosaires.gob.ar\/cultura\/ensenanza-artistica\">Direcci\u00f3n General de Ense\u00f1anza Art\u00edstica<\/a> del Ministerio de Cultura participar\u00e1 con la Orquesta de Tango Emilio Balcarce de los conciertos realizados en el Teatro Col\u00f3n, con los conciertos <strong>Piazzolla Antes de Piazzolla<\/strong> el domingo 7 de marzo a las 17 hs y <strong>El Estilo del Piazzolla del 46<\/strong> cuya presentaci\u00f3n ser\u00e1 el domingo 14 marzo tambi\u00e9n a las 17 hs.<br \/>\nAdem\u00e1s, el <strong>Conservatorio Superior de M\u00fasica Manuel de Falla<\/strong> dispondr\u00e1 en su canal de Youtube el 11 de marzo, material producido por sus docentes especialmente seleccionado para homenajear el centenario del nacimiento de \u00c1stor Piazzolla: <strong>\u201cEl Desbande\u201d, Contratiempo, Estudio Tangu\u00edstico Nro 2, Tutorial: \u201cLa flauta en Piazzolla\u201d, Tanguano y Milonga del \u00c1ngel<\/strong>.<\/p>\n<p>Por su parte el <a href=\"https:\/\/complejoteatral.gob.ar\/\">Complejo Teatral de Buenos Aires<\/a> realizar\u00e1 en homenaje a Astor Piazzolla un espect\u00e1culo a cargo del <strong>Ballet Contempor\u00e1neo del Teatro San Mart\u00edn<\/strong> que actualmente dirige Andrea Chinetti, en co- direcci\u00f3n con Miguel El\u00edas y que se suma a la celebraci\u00f3n para rendirle homenaje a este \u00edcono del tango. El programa elegido para esta ocasi\u00f3n est\u00e1 integrado por una selecci\u00f3n de obras de los <strong>core\u00f3grafos Mauricio Wainrot y Ana Itelman que se podr\u00e1 disfrutar de forma presencial en la Sala Mart\u00edn Coronado, desde el 27 de marzo al 23 de mayo, de viernes a domingos a las 20 hs<\/strong>. M\u00e1s informaci\u00f3n <a href=\"https:\/\/complejoteatral.gob.ar\/\">en la web del CTBA<\/a>.<\/p>\n<p>Completar\u00e1n la programaci\u00f3n, la presentaci\u00f3n de diferentes proyectos culturales que contaron con el apoyo de <a href=\"http:\/\/www.buenosaires.gob.ar\/mecenazgo\">Mecenazgo &#8211; Participaci\u00f3n Cultural<\/a> y una serie de <strong>propuestas internacionales como el Festival Piazzolla en Londres o los conciertos Piazzolla x 100 del Festival Internacional de Madrid.<\/strong><\/p>\n<p>Como parte de la organizaci\u00f3n de estas actividades, se llev\u00f3 a cabo un encuentro virtual entre el ministro de cultura Enrique Avogadro, Daniel \u201cPipi\u201d Piazzolla y Daniel Villaflor Piazzolla en la que los presentes conversaron sobre las diferentes propuestas que se llevar\u00e1n a cabo con los siguientes d\u00edas.<\/p>\n<p>Tradici\u00f3n y vanguardia, popular o acad\u00e9mico, la m\u00fasica del maestro Piazzolla trascendi\u00f3 cualquier pol\u00e9mica y lo ha convertido en el compositor argentino m\u00e1s representado y admirado en el mundo siendo el jueves <strong>11 de marzo d\u00eda del centenario de su nacimiento<\/strong>.<\/p>\n<\/div>","protected":false},"excerpt":{"rendered":"<p>El Ministerio de Cultura de la Ciudad de Buenos Aires acompa\u00f1ar\u00e1 a la Fundaci\u00f3n Astor Piazzolla con una importante programaci\u00f3n art\u00edstica que se llevar\u00e1 a cabo en diferentes espacios culturales y ciudades de todo el mundo durante todo el 2021, para recordar al bandoneonista y compositor argentino, considerado uno de los m\u00fasicos m\u00e1s importantes del [&hellip;]<\/p>","protected":false},"author":8,"featured_media":624612,"comment_status":"open","ping_status":"closed","sticky":false,"template":"","format":"standard","meta":[],"categories":[5],"tags":[],"series":[],"_links":{"self":[{"href":"https:\/\/www.diario5.com.ar\/es\/wp-json\/wp\/v2\/posts\/624611"}],"collection":[{"href":"https:\/\/www.diario5.com.ar\/es\/wp-json\/wp\/v2\/posts"}],"about":[{"href":"https:\/\/www.diario5.com.ar\/es\/wp-json\/wp\/v2\/types\/post"}],"author":[{"embeddable":true,"href":"https:\/\/www.diario5.com.ar\/es\/wp-json\/wp\/v2\/users\/8"}],"replies":[{"embeddable":true,"href":"https:\/\/www.diario5.com.ar\/es\/wp-json\/wp\/v2\/comments?post=624611"}],"version-history":[{"count":2,"href":"https:\/\/www.diario5.com.ar\/es\/wp-json\/wp\/v2\/posts\/624611\/revisions"}],"predecessor-version":[{"id":626350,"href":"https:\/\/www.diario5.com.ar\/es\/wp-json\/wp\/v2\/posts\/624611\/revisions\/626350"}],"wp:featuredmedia":[{"embeddable":true,"href":"https:\/\/www.diario5.com.ar\/es\/wp-json\/wp\/v2\/media\/624612"}],"wp:attachment":[{"href":"https:\/\/www.diario5.com.ar\/es\/wp-json\/wp\/v2\/media?parent=624611"}],"wp:term":[{"taxonomy":"category","embeddable":true,"href":"https:\/\/www.diario5.com.ar\/es\/wp-json\/wp\/v2\/categories?post=624611"},{"taxonomy":"post_tag","embeddable":true,"href":"https:\/\/www.diario5.com.ar\/es\/wp-json\/wp\/v2\/tags?post=624611"},{"taxonomy":"series","embeddable":true,"href":"https:\/\/www.diario5.com.ar\/es\/wp-json\/wp\/v2\/series?post=624611"}],"curies":[{"name":"wp","href":"https:\/\/api.w.org\/{rel}","templated":true}]}}