{"id":624553,"date":"2021-03-09T10:03:04","date_gmt":"2021-03-09T13:03:04","guid":{"rendered":"https:\/\/www.diario5.com.ar\/desde-el-arte-y-la-cultura-amplificar-las-voces-de-las-mujeres\/"},"modified":"2021-04-08T12:29:50","modified_gmt":"2021-04-08T15:29:50","slug":"desde-el-arte-y-la-cultura-amplificar-las-voces-de-las-mujeres","status":"publish","type":"post","link":"https:\/\/www.diario5.com.ar\/es\/desde-el-arte-y-la-cultura-amplificar-las-voces-de-las-mujeres\/","title":{"rendered":"La Mujer, centro de la agenda cultural"},"content":{"rendered":"<h2 class=\"sub-title-primary\"><\/h2> <div>\n<p>Con el objetivo de amplificar las voces de las mujeres desde la cultura y visibilizar las problem\u00e1ticas vinculadas a los temas de g\u00e9nero, el <strong>Ministerio de Cultura porte\u00f1o<\/strong> llevar\u00e1 a cabo actividades culturales virtuales y presenciales en la Ciudad, relacionadas al 8 de marzo. Habr\u00e1 m\u00fasica en vivo, teatro, cine, talleres, charlas y jornadas de debate, de la mano de reconocidas artistas, realizadoras y referentes.<\/p>\n<blockquote><p>Destacados de la semana<\/p><\/blockquote>\n<h3>Elda Cerrato: El d\u00eda maravilloso de los pueblos<\/h3>\n<p>Visit\u00e1 la primera exposici\u00f3n antol\u00f3gica de Elda Cerrato, artista y maestra de artistas argentinos. Desde el 6 de marzo en el Museo Moderno.<\/p>\n<p><a class=\"btn btn-small btn-primary\" href=\"https:\/\/museomoderno.org\/exposiciones\/elda-cerrato\/\" target=\"_blank\" rel=\"noopener\"><br \/>\nConoc\u00e9 m\u00e1s<\/a><\/p>\n<hr \/>\n<h3>Proyecci\u00f3n \u201cHermanas de los \u00e1rboles\u201d<\/h3>\n<p>Vuelve el cine a la sala principal del Centro Cultural 25 de Mayo con una funci\u00f3n especial para el 8M. El 8 de marzo a las 17 h en el CC 25 de Mayo.<\/p>\n<p><a class=\"btn btn-small btn-primary\" href=\"https:\/\/cc25.org\/cine-marzo-2021\/\" target=\"_blank\" rel=\"noopener\"><br \/>\nReserv\u00e1 tu entrada<\/a><\/p>\n<hr \/>\n<h3>Impulso Digital: Entrevistas a mujeres referentes de la cultura<\/h3>\n<p>Una serie de entrevistas relacionadas con proyectos y referentes de diversas disciplinas art\u00edsticas que se impulsaron en el marco de la transformaci\u00f3n digital.<\/p>\n<p><a class=\"btn btn-small btn-primary\" href=\"https:\/\/vivamoscultura.buenosaires.gob.ar\/\" target=\"_blank\" rel=\"noopener\"><br \/>\nMir\u00e1 las entrevistas<\/a><\/p>\n<hr \/>\n<h3>Picnic Nocturno + Recital de Miranda Johansen y Bestia<\/h3>\n<p>El Recoleta te invita a disfrutar de un encuentro al aire libre con una programaci\u00f3n protagonizada \u00edntegramente por mujeres dispuestas a alzar sus voces. El 11\/03 a las 19 h en el CC Recoleta.<\/p>\n<p><img decoding=\"async\" loading=\"lazy\" src=\"https:\/\/www.diario5.com.ar\/wp-content\/uploads\/2021\/03\/2400x1376_recortes_web_024.jpg\" alt=\"\" width=\"2400\" height=\"1376\" \/><\/p>\n<p><a class=\"btn btn-small btn-primary\" href=\"http:\/\/www.centroculturalrecoleta.org\/\" target=\"_blank\" rel=\"noopener\"><br \/>\nReserv\u00e1 tu entrada<\/a><\/p>\n<hr \/>\n<h3>Ciclo \u00abQue se escuche\u00bb: Recital de Paula Maffia y Mariana Michi<\/h3>\n<p>Ciclo de recitales al aire libre que buscar\u00e1 alzar la voz de las mujeres. Primera fecha con Paula Maffia y Mariana Micchi. El 12\/03 a las 19 h en el CC Recoleta.<\/p>\n<p><a class=\"btn btn-small btn-primary\" href=\"http:\/\/www.centroculturalrecoleta.org\/\" target=\"_blank\" rel=\"noopener\"><br \/>\nReserv\u00e1 tu entrada<\/a><\/p>\n<hr \/>\n<h3>Mujeres emprendedoras: transform\u00e1 tu pasi\u00f3n en una oportunidad.<\/h3>\n<p>Juliana Lopez May lanza un ciclo pensado para que las mujeres se animen a emprender en la gastronom\u00eda. El 13\/03 en la Usina del Arte.<\/p>\n<p><img decoding=\"async\" loading=\"lazy\" src=\"https:\/\/www.diario5.com.ar\/wp-content\/uploads\/2021\/03\/0220_afs_usina_mercadoprimavera_20102018_mg_4405_0.jpg\" alt=\"\" width=\"700\" height=\"467\" \/><\/p>\n<p><a class=\"btn btn-small btn-primary\" href=\"http:\/\/www.buenosaires.gob.ar\/usinadelarte\" target=\"_blank\" rel=\"noopener\"><br \/>\nConoc\u00e9 m\u00e1s<\/a><\/p>\n<blockquote><p>Actividades durante todo el mes<\/p><\/blockquote>\n<p>En el <strong><a href=\"http:\/\/www.centroculturalrecoleta.org\/\">Centro Cultural Recoleta<\/a><\/strong> -espacio en el que la tem\u00e1tica es uno de los ejes centrales que atraviesa su programaci\u00f3n durante todo el a\u00f1o-, se llevar\u00e1 a cabo una gran <strong>campa\u00f1a durante marzo y abril creada y protagonizada por mujeres<\/strong>. El centro cultural se convertir\u00e1 en un espacio para reflexionar, discutir, participar, expresarse, aprender y compartir miradas en torno a la lucha de las mujeres hoy. Habr\u00e1 encuentros, recitales, talleres, grandes charlas, obras de teatro y mucho m\u00e1s de la mano de artistas y referentes como **Thelma Fardin, Ingrid Beck, Florencia Freijo, Marilina Bertoldi, Eruca Sativa, Paula Maff\u00eda, Silvina Giaganti, Violeta Alegre, Feminacida, Estampa Feminista, Vir Cano, Irana Douer, Magma Colectivo Feminista, Marina Otero y Mariana Chaud. **<\/p>\n<p><strong>La campa\u00f1a es el resultado de un proceso participativo y colaborativo con la comunidad.<\/strong> Durante el mes de febrero, se realizaron 50 conversatorios virtuales de los que participaron m\u00e1s de 1000 mujeres de diferentes edades y distintas partes del pa\u00eds, en donde pusieron en com\u00fan los sentimientos con los que llegan a este 8 de marzo. <strong>Fuertes, libres, empoderadas, en lucha, despiertas, inagotables, seguras, unidas, conscientes, hermanadas, resistentes, inclaudicables , furiosas, cr\u00edticas, victoriosas, abrazadas, en movimiento, incondicionales<\/strong>, son algunas de las expresiones que surgieron de estos espacios de encuentro. El dise\u00f1o tipogr\u00e1fico de la campa\u00f1a estuvo a cargo de la dise\u00f1adora gr\u00e1fica y especialista en dise\u00f1o de tipograf\u00eda Fernanda Cozzi y la impresi\u00f3n serigr\u00e1fica de cada una de las piezas fue realizada por Victoria Benvegn\u00fa y Luisa Uriburu, del estudio de serigraf\u00eda House of Prints.<\/p>\n<p>Ser\u00e1 una programaci\u00f3n gratuita de martes a domingos y todas las actividades ser\u00e1n con capacidad limitada acordes al protocolo vigente. El acceso ser\u00e1 con reserva previa de entradas, personales e intransferibles, a trav\u00e9s del sitio web de El Recoleta.<\/p>\n<p>En el <strong><a href=\"https:\/\/museomoderno.org\/\">Museo Moderno<\/a>, el <a href=\"https:\/\/complejoteatral.gob.ar\/\">Complejo Teatral de Buenos Aires<\/a>, el <a href=\"https:\/\/elculturalsanmartin.ar\/\">Centro Cultural San Mart\u00edn<\/a>, <a href=\"http:\/\/www.buenosaires.gob.ar\/cultura\/museos\">Museos BA<\/a> y el <a href=\"https:\/\/cc25.org\/\">Centro Cultural 25 de Mayo<\/a><\/strong>, el arte y la cultura tambi\u00e9n ser\u00e1n el canal amplificador de las voces de las mujeres por la igualdad, a partir de espect\u00e1culos musicales, jornadas de debate y reflexi\u00f3n, pel\u00edculas, talleres, teatro, entre otras expresiones que cuentan con el protagonismo de las mujeres y har\u00e1n vibrar la cultura alrededor de la lucha por los derechos y la igualdad de g\u00e9nero, siendo un importante espacio de encuentro e intercambio en la Ciudad.<\/p>\n<p>Asimismo, con motivo del D\u00eda Internacional de la Mujer, las \u00e1reas y programas de la plataforma <strong><a href=\"http:\/\/www.buenosaires.gob.ar\/impulsocultural\">Impulso Cultural<\/a><\/strong> presentar\u00e1n una serie de acciones y contenidos ligados a las mujeres de la cultura a trav\u00e9s de <a href=\"https:\/\/www.instagram.com\/impulsocultural\/?hl=es-la\">Vivamos Cultura<\/a> y las redes de <a href=\"https:\/\/www.instagram.com\/impulsocultural\/?hl=es-la\">Impulso Cultural<\/a>. Desde el \u00e1rea Editorial estar\u00e1 presente la mirada de librer\u00edas y editoriales; y un adelanto de lo que ser\u00e1 la nueva edici\u00f3n del <strong>Festival Nacional La Mujer y El Cine<\/strong>, entre otras propuestas.<\/p>\n<p>El <a href=\"https:\/\/complejoteatral.gob.ar\/cine\">Complejo Teatral de Buenos Aires<\/a>, a trav\u00e9s de la Sala Leopoldo Lugones, presenta el ciclo denominado Lita Stantic, cineasta, que se llevar\u00e1 a cabo hasta el 15 de abril en la plataforma <a href=\"https:\/\/vivamoscultura.buenosaires.gob.ar\/\">Vivamos Cultura<\/a> del Ministerio de Cultura y <a href=\"https:\/\/complejoteatral.gob.ar\/cine\">la web<\/a> del Complejo Teatral de Buenos Aires. El ciclo est\u00e1 integrado por cinco pel\u00edculas producidas por la realizadora y productora argentina Lita Stantic en diversas etapas de su extensa y rica carrera, e incluye t\u00edtulos de Mar\u00eda Luisa Bemberg, Lucrecia Martel, Pablo Reyero, Gustavo Font\u00e1n y la realizadora paraguaya Paz Encina. El programa se completa con el \u00fanico largometraje dirigido por Stantic en 1993, la notable Un muro de silencio. Este ciclo online anticipa una futura retrospectiva presencial en la Sala Leopoldo Lugones, cuando las condiciones sanitarias lo permitan.<\/p>\n<p>Desde la <strong><a href=\"http:\/\/www.buenosaires.gob.ar\/cultura\/promocion-cultural\">Direcci\u00f3n General de Promoci\u00f3n del Libro, Bibliotecas y la Cultura<\/a>,<\/strong> tambi\u00e9n en la b\u00fasqueda de visibilizar y promover una reflexi\u00f3n en torno al rol de la mujer en la cultura, habr\u00e1 iniciativas espec\u00edficas para las personas mayores, a trav\u00e9s de las cuales se abordar\u00e1 la tem\u00e1tica desde la voz de sus protagonistas y un Encuentro de Mujeres Tangueras donde se disertar\u00e1 virtualmente sobre el lugar de la mujer en el tango.<\/p>\n<p>El <strong>Conservatorio Superior de M\u00fasica Manuel de Falla<\/strong> -a trav\u00e9s de la <strong><a href=\"http:\/\/www.buenosaires.gob.ar\/cultura\/ensenanza-artistica\">Direcci\u00f3n General de Ense\u00f1anza Art\u00edstica<\/a><\/strong>&#8211; y el Foro Argentino de Compositoras, se unir\u00e1n en torno a la fecha para hablar sobre la realidad de la mujer y la m\u00fasica en estos tiempos.<\/p>\n<\/div>","protected":false},"excerpt":{"rendered":"<p>Con el objetivo de amplificar las voces de las mujeres desde la cultura y visibilizar las problem\u00e1ticas vinculadas a los temas de g\u00e9nero, el Ministerio de Cultura porte\u00f1o llevar\u00e1 a cabo actividades culturales virtuales y presenciales en la Ciudad, relacionadas al 8 de marzo. Habr\u00e1 m\u00fasica en vivo, teatro, cine, talleres, charlas y jornadas de [&hellip;]<\/p>","protected":false},"author":8,"featured_media":624554,"comment_status":"open","ping_status":"closed","sticky":false,"template":"","format":"standard","meta":[],"categories":[5],"tags":[],"series":[],"_links":{"self":[{"href":"https:\/\/www.diario5.com.ar\/es\/wp-json\/wp\/v2\/posts\/624553"}],"collection":[{"href":"https:\/\/www.diario5.com.ar\/es\/wp-json\/wp\/v2\/posts"}],"about":[{"href":"https:\/\/www.diario5.com.ar\/es\/wp-json\/wp\/v2\/types\/post"}],"author":[{"embeddable":true,"href":"https:\/\/www.diario5.com.ar\/es\/wp-json\/wp\/v2\/users\/8"}],"replies":[{"embeddable":true,"href":"https:\/\/www.diario5.com.ar\/es\/wp-json\/wp\/v2\/comments?post=624553"}],"version-history":[{"count":5,"href":"https:\/\/www.diario5.com.ar\/es\/wp-json\/wp\/v2\/posts\/624553\/revisions"}],"predecessor-version":[{"id":626351,"href":"https:\/\/www.diario5.com.ar\/es\/wp-json\/wp\/v2\/posts\/624553\/revisions\/626351"}],"wp:featuredmedia":[{"embeddable":true,"href":"https:\/\/www.diario5.com.ar\/es\/wp-json\/wp\/v2\/media\/624554"}],"wp:attachment":[{"href":"https:\/\/www.diario5.com.ar\/es\/wp-json\/wp\/v2\/media?parent=624553"}],"wp:term":[{"taxonomy":"category","embeddable":true,"href":"https:\/\/www.diario5.com.ar\/es\/wp-json\/wp\/v2\/categories?post=624553"},{"taxonomy":"post_tag","embeddable":true,"href":"https:\/\/www.diario5.com.ar\/es\/wp-json\/wp\/v2\/tags?post=624553"},{"taxonomy":"series","embeddable":true,"href":"https:\/\/www.diario5.com.ar\/es\/wp-json\/wp\/v2\/series?post=624553"}],"curies":[{"name":"wp","href":"https:\/\/api.w.org\/{rel}","templated":true}]}}