{"id":624443,"date":"2021-03-06T07:05:16","date_gmt":"2021-03-06T10:05:16","guid":{"rendered":"https:\/\/www.diario5.com.ar\/?p=624443"},"modified":"2021-04-08T13:20:15","modified_gmt":"2021-04-08T16:20:15","slug":"624443-2","status":"publish","type":"post","link":"https:\/\/www.diario5.com.ar\/es\/624443-2\/","title":{"rendered":"Formosa, fuera de todo eje"},"content":{"rendered":"<h2 class=\"sub-title-primary\"><\/h2> <p>En realidad, el descentrado, no es otro que el gobierno provincial. Todo comienza con el papel\u00f3n de quedar en evidencia por la fascinaci\u00f3n en la que hab\u00eda ca\u00eddo cuando se vio con un poder inusitado de control sobre la poblaci\u00f3n, ante las necesidades que abri\u00f3 la pandemia. Ahora, que ese poder extra no es necesario ejercerlo, lo extra\u00f1a. Y lo quiere a toda costa. Eso ya es un papel\u00f3n. Pero Insfr\u00e1n entiende que no y la mayor\u00eda de las veces quienes entienden que no, no es porque no entienden, sino porque quieren otra cosa.<\/p>\n<p>Muchas personas pensantes que viven fuera de Formosa lo toman como algo divertido. \u00abEst\u00e1 loco\u00bb es una de las expresiones m\u00e1s comunes para considerar a este aprovechador autoritario disfrazado de democr\u00e1tico. Incluso se disfraza de peronista. Y hasta le queda bastante bien ek disfraz de argentino. Pero tiempo al tiempo. Toda verdad, llega.<\/p>\n<p>Es inadmisible que los sucesivos gobiernos nacionales (no es que se le escap\u00f3 la tortuga s\u00f3lo a Alberto F), hayan permitido -a lo largo de 25 a\u00f1os- todo tipo de vejaciones al ciudadano formose\u00f1o s\u00f3lo porque siempre hay un provechito electoral que se puede obtener con el triglodita que gobierna la provincia con esquemas medievales.<\/p>\n<p>Se le fue la gente encima de la Casa de Gobierno. Ya no hay vuelta atr\u00e1s. Es el principio del fin. Aunque sea un final largo. Y si la justicia electoral actuara como corresponde, en unos a\u00f1os deber\u00edamos sumar un pelado con barba a la poblaci\u00f3n carcelaria. Extra\u00f1a hip\u00f3tesis en el momento en que desde el gobierno nacional, a algunos se les ocurri\u00f3 considerar que <\/p>\n<p><img decoding=\"async\" loading=\"lazy\" class=\"alignnone size-large wp-image-624445\" src=\"https:\/\/www.diario5.com.ar\/wp-content\/uploads\/2021\/03\/ar_eldia20210306-686x1024.jpg\" width=\"686\" height=\"1024\" srcset=\"https:\/\/www.diario5.com.ar\/wp-content\/uploads\/2021\/03\/ar_eldia20210306-686x1024.jpg 686w, https:\/\/www.diario5.com.ar\/wp-content\/uploads\/2021\/03\/ar_eldia20210306-201x300.jpg 201w, https:\/\/www.diario5.com.ar\/wp-content\/uploads\/2021\/03\/ar_eldia20210306-400x597.jpg 400w, https:\/\/www.diario5.com.ar\/wp-content\/uploads\/2021\/03\/ar_eldia20210306-260x388.jpg 260w, https:\/\/www.diario5.com.ar\/wp-content\/uploads\/2021\/03\/ar_eldia20210306-160x239.jpg 160w, https:\/\/www.diario5.com.ar\/wp-content\/uploads\/2021\/03\/ar_eldia20210306.jpg 750w\" sizes=\"(max-width: 686px) 100vw, 686px\" \/><\/p>\n<p><img decoding=\"async\" loading=\"lazy\" class=\"alignnone size-full wp-image-624446\" src=\"https:\/\/www.diario5.com.ar\/wp-content\/uploads\/2021\/03\/ar_hoy20210306.jpg\" width=\"750\" height=\"984\" srcset=\"https:\/\/www.diario5.com.ar\/wp-content\/uploads\/2021\/03\/ar_hoy20210306.jpg 750w, https:\/\/www.diario5.com.ar\/wp-content\/uploads\/2021\/03\/ar_hoy20210306-229x300.jpg 229w, https:\/\/www.diario5.com.ar\/wp-content\/uploads\/2021\/03\/ar_hoy20210306-400x525.jpg 400w, https:\/\/www.diario5.com.ar\/wp-content\/uploads\/2021\/03\/ar_hoy20210306-260x341.jpg 260w, https:\/\/www.diario5.com.ar\/wp-content\/uploads\/2021\/03\/ar_hoy20210306-160x210.jpg 160w\" sizes=\"(max-width: 750px) 100vw, 750px\" \/><\/p>\n<p><img decoding=\"async\" loading=\"lazy\" class=\"alignnone size-full wp-image-624471\" src=\"https:\/\/www.diario5.com.ar\/wp-content\/uploads\/2021\/03\/la_capital20210306-1.jpg\" width=\"750\" height=\"1012\" alt=\"Formosa, fuera de todo eje\" title=\"Formosa, fuera de todo eje\" srcset=\"https:\/\/www.diario5.com.ar\/wp-content\/uploads\/2021\/03\/la_capital20210306-1.jpg 750w, https:\/\/www.diario5.com.ar\/wp-content\/uploads\/2021\/03\/la_capital20210306-1-222x300.jpg 222w, https:\/\/www.diario5.com.ar\/wp-content\/uploads\/2021\/03\/la_capital20210306-1-400x540.jpg 400w, https:\/\/www.diario5.com.ar\/wp-content\/uploads\/2021\/03\/la_capital20210306-1-260x351.jpg 260w, https:\/\/www.diario5.com.ar\/wp-content\/uploads\/2021\/03\/la_capital20210306-1-160x216.jpg 160w\" sizes=\"(max-width: 750px) 100vw, 750px\" \/><\/p>\n<p><img decoding=\"async\" loading=\"lazy\" class=\"alignnone size-large wp-image-624447\" src=\"https:\/\/www.diario5.com.ar\/wp-content\/uploads\/2021\/03\/ar_nueva_provincia20210306-718x1024.jpg\" width=\"718\" height=\"1024\" srcset=\"https:\/\/www.diario5.com.ar\/wp-content\/uploads\/2021\/03\/ar_nueva_provincia20210306-718x1024.jpg 718w, https:\/\/www.diario5.com.ar\/wp-content\/uploads\/2021\/03\/ar_nueva_provincia20210306-210x300.jpg 210w, https:\/\/www.diario5.com.ar\/wp-content\/uploads\/2021\/03\/ar_nueva_provincia20210306-400x570.jpg 400w, https:\/\/www.diario5.com.ar\/wp-content\/uploads\/2021\/03\/ar_nueva_provincia20210306-260x371.jpg 260w, https:\/\/www.diario5.com.ar\/wp-content\/uploads\/2021\/03\/ar_nueva_provincia20210306-160x228.jpg 160w, https:\/\/www.diario5.com.ar\/wp-content\/uploads\/2021\/03\/ar_nueva_provincia20210306.jpg 750w\" sizes=\"(max-width: 718px) 100vw, 718px\" \/><\/p>\n<p><img decoding=\"async\" loading=\"lazy\" class=\"alignnone size-full wp-image-624448\" src=\"https:\/\/www.diario5.com.ar\/wp-content\/uploads\/2021\/03\/ar_ancasti20210306.jpg\" width=\"750\" height=\"1010\" srcset=\"https:\/\/www.diario5.com.ar\/wp-content\/uploads\/2021\/03\/ar_ancasti20210306.jpg 750w, https:\/\/www.diario5.com.ar\/wp-content\/uploads\/2021\/03\/ar_ancasti20210306-223x300.jpg 223w, https:\/\/www.diario5.com.ar\/wp-content\/uploads\/2021\/03\/ar_ancasti20210306-400x539.jpg 400w, https:\/\/www.diario5.com.ar\/wp-content\/uploads\/2021\/03\/ar_ancasti20210306-260x350.jpg 260w, https:\/\/www.diario5.com.ar\/wp-content\/uploads\/2021\/03\/ar_ancasti20210306-160x215.jpg 160w\" sizes=\"(max-width: 750px) 100vw, 750px\" \/><\/p>\n<p><img decoding=\"async\" loading=\"lazy\" class=\"alignnone size-full wp-image-624449\" src=\"https:\/\/www.diario5.com.ar\/wp-content\/uploads\/2021\/03\/voz_chaco20210306.jpg\" width=\"750\" height=\"913\" srcset=\"https:\/\/www.diario5.com.ar\/wp-content\/uploads\/2021\/03\/voz_chaco20210306.jpg 750w, https:\/\/www.diario5.com.ar\/wp-content\/uploads\/2021\/03\/voz_chaco20210306-246x300.jpg 246w, https:\/\/www.diario5.com.ar\/wp-content\/uploads\/2021\/03\/voz_chaco20210306-400x487.jpg 400w, https:\/\/www.diario5.com.ar\/wp-content\/uploads\/2021\/03\/voz_chaco20210306-260x317.jpg 260w, https:\/\/www.diario5.com.ar\/wp-content\/uploads\/2021\/03\/voz_chaco20210306-160x195.jpg 160w\" sizes=\"(max-width: 750px) 100vw, 750px\" \/><\/p>\n<p><img decoding=\"async\" loading=\"lazy\" class=\"alignnone size-full wp-image-624450\" src=\"https:\/\/www.diario5.com.ar\/wp-content\/uploads\/2021\/03\/ar_diario_madryn20210306.jpg\" width=\"750\" height=\"1009\" srcset=\"https:\/\/www.diario5.com.ar\/wp-content\/uploads\/2021\/03\/ar_diario_madryn20210306.jpg 750w, https:\/\/www.diario5.com.ar\/wp-content\/uploads\/2021\/03\/ar_diario_madryn20210306-223x300.jpg 223w, https:\/\/www.diario5.com.ar\/wp-content\/uploads\/2021\/03\/ar_diario_madryn20210306-400x538.jpg 400w, https:\/\/www.diario5.com.ar\/wp-content\/uploads\/2021\/03\/ar_diario_madryn20210306-260x350.jpg 260w, https:\/\/www.diario5.com.ar\/wp-content\/uploads\/2021\/03\/ar_diario_madryn20210306-160x215.jpg 160w\" sizes=\"(max-width: 750px) 100vw, 750px\" \/><\/p>\n<p><img decoding=\"async\" loading=\"lazy\" class=\"alignnone size-full wp-image-624451\" src=\"https:\/\/www.diario5.com.ar\/wp-content\/uploads\/2021\/03\/ar_chubut20210306.jpg\" width=\"750\" height=\"957\" srcset=\"https:\/\/www.diario5.com.ar\/wp-content\/uploads\/2021\/03\/ar_chubut20210306.jpg 750w, https:\/\/www.diario5.com.ar\/wp-content\/uploads\/2021\/03\/ar_chubut20210306-235x300.jpg 235w, https:\/\/www.diario5.com.ar\/wp-content\/uploads\/2021\/03\/ar_chubut20210306-400x510.jpg 400w, https:\/\/www.diario5.com.ar\/wp-content\/uploads\/2021\/03\/ar_chubut20210306-260x332.jpg 260w, https:\/\/www.diario5.com.ar\/wp-content\/uploads\/2021\/03\/ar_chubut20210306-160x204.jpg 160w\" sizes=\"(max-width: 750px) 100vw, 750px\" \/><\/p>\n<p><img decoding=\"async\" loading=\"lazy\" class=\"alignnone size-full wp-image-624452\" src=\"https:\/\/www.diario5.com.ar\/wp-content\/uploads\/2021\/03\/ar_epoca20210306.jpg\" width=\"750\" height=\"926\" srcset=\"https:\/\/www.diario5.com.ar\/wp-content\/uploads\/2021\/03\/ar_epoca20210306.jpg 750w, https:\/\/www.diario5.com.ar\/wp-content\/uploads\/2021\/03\/ar_epoca20210306-243x300.jpg 243w, https:\/\/www.diario5.com.ar\/wp-content\/uploads\/2021\/03\/ar_epoca20210306-400x494.jpg 400w, https:\/\/www.diario5.com.ar\/wp-content\/uploads\/2021\/03\/ar_epoca20210306-260x321.jpg 260w, https:\/\/www.diario5.com.ar\/wp-content\/uploads\/2021\/03\/ar_epoca20210306-160x198.jpg 160w\" sizes=\"(max-width: 750px) 100vw, 750px\" \/><\/p>\n<p><img decoding=\"async\" loading=\"lazy\" class=\"alignnone size-full wp-image-624453\" src=\"https:\/\/www.diario5.com.ar\/wp-content\/uploads\/2021\/03\/ar_litoral20210306.jpg\" width=\"750\" height=\"992\" srcset=\"https:\/\/www.diario5.com.ar\/wp-content\/uploads\/2021\/03\/ar_litoral20210306.jpg 750w, https:\/\/www.diario5.com.ar\/wp-content\/uploads\/2021\/03\/ar_litoral20210306-227x300.jpg 227w, https:\/\/www.diario5.com.ar\/wp-content\/uploads\/2021\/03\/ar_litoral20210306-400x529.jpg 400w, https:\/\/www.diario5.com.ar\/wp-content\/uploads\/2021\/03\/ar_litoral20210306-260x344.jpg 260w, https:\/\/www.diario5.com.ar\/wp-content\/uploads\/2021\/03\/ar_litoral20210306-160x212.jpg 160w\" sizes=\"(max-width: 750px) 100vw, 750px\" \/><\/p>\n<p><img decoding=\"async\" loading=\"lazy\" class=\"alignnone size-large wp-image-624454\" src=\"https:\/\/www.diario5.com.ar\/wp-content\/uploads\/2021\/03\/ar_arena20210306-749x1024.jpg\" width=\"749\" height=\"1024\" srcset=\"https:\/\/www.diario5.com.ar\/wp-content\/uploads\/2021\/03\/ar_arena20210306-749x1024.jpg 749w, https:\/\/www.diario5.com.ar\/wp-content\/uploads\/2021\/03\/ar_arena20210306-219x300.jpg 219w, https:\/\/www.diario5.com.ar\/wp-content\/uploads\/2021\/03\/ar_arena20210306-400x547.jpg 400w, https:\/\/www.diario5.com.ar\/wp-content\/uploads\/2021\/03\/ar_arena20210306-260x356.jpg 260w, https:\/\/www.diario5.com.ar\/wp-content\/uploads\/2021\/03\/ar_arena20210306-160x219.jpg 160w, https:\/\/www.diario5.com.ar\/wp-content\/uploads\/2021\/03\/ar_arena20210306.jpg 750w\" sizes=\"(max-width: 749px) 100vw, 749px\" \/><\/p>\n<p><img decoding=\"async\" loading=\"lazy\" class=\"alignnone size-large wp-image-624455\" src=\"https:\/\/www.diario5.com.ar\/wp-content\/uploads\/2021\/03\/independiente20210306-1-735x1024.jpg\" width=\"735\" height=\"1024\" srcset=\"https:\/\/www.diario5.com.ar\/wp-content\/uploads\/2021\/03\/independiente20210306-1-735x1024.jpg 735w, https:\/\/www.diario5.com.ar\/wp-content\/uploads\/2021\/03\/independiente20210306-1-215x300.jpg 215w, https:\/\/www.diario5.com.ar\/wp-content\/uploads\/2021\/03\/independiente20210306-1-400x557.jpg 400w, https:\/\/www.diario5.com.ar\/wp-content\/uploads\/2021\/03\/independiente20210306-1-260x362.jpg 260w, https:\/\/www.diario5.com.ar\/wp-content\/uploads\/2021\/03\/independiente20210306-1-160x223.jpg 160w, https:\/\/www.diario5.com.ar\/wp-content\/uploads\/2021\/03\/independiente20210306-1.jpg 750w\" sizes=\"(max-width: 735px) 100vw, 735px\" \/><\/p>\n<p><img decoding=\"async\" loading=\"lazy\" class=\"alignnone size-large wp-image-624456\" src=\"https:\/\/www.diario5.com.ar\/wp-content\/uploads\/2021\/03\/ar_losandes20210306-731x1024.jpg\" width=\"731\" height=\"1024\" srcset=\"https:\/\/www.diario5.com.ar\/wp-content\/uploads\/2021\/03\/ar_losandes20210306-731x1024.jpg 731w, https:\/\/www.diario5.com.ar\/wp-content\/uploads\/2021\/03\/ar_losandes20210306-214x300.jpg 214w, https:\/\/www.diario5.com.ar\/wp-content\/uploads\/2021\/03\/ar_losandes20210306-400x560.jpg 400w, https:\/\/www.diario5.com.ar\/wp-content\/uploads\/2021\/03\/ar_losandes20210306-260x364.jpg 260w, https:\/\/www.diario5.com.ar\/wp-content\/uploads\/2021\/03\/ar_losandes20210306-160x224.jpg 160w, https:\/\/www.diario5.com.ar\/wp-content\/uploads\/2021\/03\/ar_losandes20210306.jpg 750w\" sizes=\"(max-width: 731px) 100vw, 731px\" \/><\/p>\n<p><img decoding=\"async\" loading=\"lazy\" class=\"alignnone size-full wp-image-624457\" src=\"https:\/\/www.diario5.com.ar\/wp-content\/uploads\/2021\/03\/ar_tribuno20210306.jpg\" width=\"750\" height=\"988\" srcset=\"https:\/\/www.diario5.com.ar\/wp-content\/uploads\/2021\/03\/ar_tribuno20210306.jpg 750w, https:\/\/www.diario5.com.ar\/wp-content\/uploads\/2021\/03\/ar_tribuno20210306-228x300.jpg 228w, https:\/\/www.diario5.com.ar\/wp-content\/uploads\/2021\/03\/ar_tribuno20210306-400x527.jpg 400w, https:\/\/www.diario5.com.ar\/wp-content\/uploads\/2021\/03\/ar_tribuno20210306-260x343.jpg 260w, https:\/\/www.diario5.com.ar\/wp-content\/uploads\/2021\/03\/ar_tribuno20210306-160x211.jpg 160w\" sizes=\"(max-width: 750px) 100vw, 750px\" \/><\/p>\n<p><img decoding=\"async\" loading=\"lazy\" class=\"alignnone size-full wp-image-624458\" src=\"https:\/\/www.diario5.com.ar\/wp-content\/uploads\/2021\/03\/ar_litoral_sfe20210306.jpg\" width=\"750\" height=\"1001\" srcset=\"https:\/\/www.diario5.com.ar\/wp-content\/uploads\/2021\/03\/ar_litoral_sfe20210306.jpg 750w, https:\/\/www.diario5.com.ar\/wp-content\/uploads\/2021\/03\/ar_litoral_sfe20210306-225x300.jpg 225w, https:\/\/www.diario5.com.ar\/wp-content\/uploads\/2021\/03\/ar_litoral_sfe20210306-400x534.jpg 400w, https:\/\/www.diario5.com.ar\/wp-content\/uploads\/2021\/03\/ar_litoral_sfe20210306-260x347.jpg 260w, https:\/\/www.diario5.com.ar\/wp-content\/uploads\/2021\/03\/ar_litoral_sfe20210306-160x214.jpg 160w\" sizes=\"(max-width: 750px) 100vw, 750px\" \/><\/p>\n<p><img decoding=\"async\" loading=\"lazy\" class=\"alignnone size-full wp-image-624459\" src=\"https:\/\/www.diario5.com.ar\/wp-content\/uploads\/2021\/03\/ar_mirador_provincial20210306.jpg\" width=\"750\" height=\"1000\" srcset=\"https:\/\/www.diario5.com.ar\/wp-content\/uploads\/2021\/03\/ar_mirador_provincial20210306.jpg 750w, https:\/\/www.diario5.com.ar\/wp-content\/uploads\/2021\/03\/ar_mirador_provincial20210306-225x300.jpg 225w, https:\/\/www.diario5.com.ar\/wp-content\/uploads\/2021\/03\/ar_mirador_provincial20210306-400x533.jpg 400w, https:\/\/www.diario5.com.ar\/wp-content\/uploads\/2021\/03\/ar_mirador_provincial20210306-260x347.jpg 260w, https:\/\/www.diario5.com.ar\/wp-content\/uploads\/2021\/03\/ar_mirador_provincial20210306-160x213.jpg 160w\" sizes=\"(max-width: 750px) 100vw, 750px\" \/><\/p>\n<p><img decoding=\"async\" loading=\"lazy\" class=\"alignnone size-large wp-image-624460\" src=\"https:\/\/www.diario5.com.ar\/wp-content\/uploads\/2021\/03\/ar_gaceta20210306-615x1024.jpg\" width=\"615\" height=\"1024\" srcset=\"https:\/\/www.diario5.com.ar\/wp-content\/uploads\/2021\/03\/ar_gaceta20210306-615x1024.jpg 615w, https:\/\/www.diario5.com.ar\/wp-content\/uploads\/2021\/03\/ar_gaceta20210306-180x300.jpg 180w, https:\/\/www.diario5.com.ar\/wp-content\/uploads\/2021\/03\/ar_gaceta20210306-400x666.jpg 400w, https:\/\/www.diario5.com.ar\/wp-content\/uploads\/2021\/03\/ar_gaceta20210306-260x433.jpg 260w, https:\/\/www.diario5.com.ar\/wp-content\/uploads\/2021\/03\/ar_gaceta20210306-160x266.jpg 160w, https:\/\/www.diario5.com.ar\/wp-content\/uploads\/2021\/03\/ar_gaceta20210306.jpg 750w\" sizes=\"(max-width: 615px) 100vw, 615px\" \/><\/p>\n<p><img decoding=\"async\" loading=\"lazy\" class=\"alignnone size-large wp-image-624461\" src=\"https:\/\/www.diario5.com.ar\/wp-content\/uploads\/2021\/03\/ar_clarin20210306-742x1024.jpg\" width=\"742\" height=\"1024\" srcset=\"https:\/\/www.diario5.com.ar\/wp-content\/uploads\/2021\/03\/ar_clarin20210306-742x1024.jpg 742w, https:\/\/www.diario5.com.ar\/wp-content\/uploads\/2021\/03\/ar_clarin20210306-217x300.jpg 217w, https:\/\/www.diario5.com.ar\/wp-content\/uploads\/2021\/03\/ar_clarin20210306-400x552.jpg 400w, https:\/\/www.diario5.com.ar\/wp-content\/uploads\/2021\/03\/ar_clarin20210306-260x359.jpg 260w, https:\/\/www.diario5.com.ar\/wp-content\/uploads\/2021\/03\/ar_clarin20210306-160x221.jpg 160w, https:\/\/www.diario5.com.ar\/wp-content\/uploads\/2021\/03\/ar_clarin20210306.jpg 749w\" sizes=\"(max-width: 742px) 100vw, 742px\" \/><\/p>\n<p><img decoding=\"async\" loading=\"lazy\" class=\"alignnone size-large wp-image-624462\" src=\"https:\/\/www.diario5.com.ar\/wp-content\/uploads\/2021\/03\/nacion20210306-607x1024.jpg\" width=\"607\" height=\"1024\" srcset=\"https:\/\/www.diario5.com.ar\/wp-content\/uploads\/2021\/03\/nacion20210306-607x1024.jpg 607w, https:\/\/www.diario5.com.ar\/wp-content\/uploads\/2021\/03\/nacion20210306-178x300.jpg 178w, https:\/\/www.diario5.com.ar\/wp-content\/uploads\/2021\/03\/nacion20210306-400x675.jpg 400w, https:\/\/www.diario5.com.ar\/wp-content\/uploads\/2021\/03\/nacion20210306-260x439.jpg 260w, https:\/\/www.diario5.com.ar\/wp-content\/uploads\/2021\/03\/nacion20210306-160x270.jpg 160w, https:\/\/www.diario5.com.ar\/wp-content\/uploads\/2021\/03\/nacion20210306.jpg 750w\" sizes=\"(max-width: 607px) 100vw, 607px\" \/><\/p>\n<p>&nbsp;<\/p>","protected":false},"excerpt":{"rendered":"<p>En realidad, el descentrado, no es otro que el gobierno provincial. Todo comienza con el papel\u00f3n de quedar en evidencia por la fascinaci\u00f3n en la que hab\u00eda ca\u00eddo cuando se vio con un poder inusitado de control sobre la poblaci\u00f3n, ante las necesidades que abri\u00f3 la pandemia. Ahora, que ese poder extra no es necesario [&hellip;]<\/p>","protected":false},"author":1,"featured_media":624445,"comment_status":"open","ping_status":"open","sticky":false,"template":"","format":"standard","meta":[],"categories":[4,1],"tags":[],"series":[],"_links":{"self":[{"href":"https:\/\/www.diario5.com.ar\/es\/wp-json\/wp\/v2\/posts\/624443"}],"collection":[{"href":"https:\/\/www.diario5.com.ar\/es\/wp-json\/wp\/v2\/posts"}],"about":[{"href":"https:\/\/www.diario5.com.ar\/es\/wp-json\/wp\/v2\/types\/post"}],"author":[{"embeddable":true,"href":"https:\/\/www.diario5.com.ar\/es\/wp-json\/wp\/v2\/users\/1"}],"replies":[{"embeddable":true,"href":"https:\/\/www.diario5.com.ar\/es\/wp-json\/wp\/v2\/comments?post=624443"}],"version-history":[{"count":9,"href":"https:\/\/www.diario5.com.ar\/es\/wp-json\/wp\/v2\/posts\/624443\/revisions"}],"predecessor-version":[{"id":624476,"href":"https:\/\/www.diario5.com.ar\/es\/wp-json\/wp\/v2\/posts\/624443\/revisions\/624476"}],"wp:featuredmedia":[{"embeddable":true,"href":"https:\/\/www.diario5.com.ar\/es\/wp-json\/wp\/v2\/media\/624445"}],"wp:attachment":[{"href":"https:\/\/www.diario5.com.ar\/es\/wp-json\/wp\/v2\/media?parent=624443"}],"wp:term":[{"taxonomy":"category","embeddable":true,"href":"https:\/\/www.diario5.com.ar\/es\/wp-json\/wp\/v2\/categories?post=624443"},{"taxonomy":"post_tag","embeddable":true,"href":"https:\/\/www.diario5.com.ar\/es\/wp-json\/wp\/v2\/tags?post=624443"},{"taxonomy":"series","embeddable":true,"href":"https:\/\/www.diario5.com.ar\/es\/wp-json\/wp\/v2\/series?post=624443"}],"curies":[{"name":"wp","href":"https:\/\/api.w.org\/{rel}","templated":true}]}}