{"id":624418,"date":"2021-03-05T06:39:07","date_gmt":"2021-03-05T09:39:07","guid":{"rendered":"https:\/\/www.diario5.com.ar\/?p=624418"},"modified":"2021-03-06T00:20:12","modified_gmt":"2021-03-06T03:20:12","slug":"la-gran-protagonista","status":"publish","type":"post","link":"https:\/\/www.diario5.com.ar\/es\/la-gran-protagonista\/","title":{"rendered":"La gran protagonista"},"content":{"rendered":"<h2 class=\"sub-title-primary\"><\/h2> <p>Cristina Kirchner sabe de pol\u00edtica. En 2021 genera toda su operatividad para destinos muy distintos a pos que apuntaba en sus tiempos presidenciales. Por eso solo, es interesante segui su derrotero. Nadie conoce -a ciencia cierta- si su conducta apunta, de verdad a marcarles a los jueces los puntos con los que ayer puso tanta vehemencia o si eso fue un envi\u00f3n exagerado para , con tanta acusaci\u00f3n, frenar las que le hacen a ella y por las que est\u00e1 denunciada.<\/p>\n<p>Hoy, como desde 2008, apenas asumida como primera mandataria y se plant\u00f3 frente al campo como su primer sector fuertemente enfrentado, sigue siendo la gran protagonista de la vida p\u00fablica en el pa\u00eds. Los que dicen que es para mal, analizan poco y los que dicen que es para bien, son fan\u00e1ticos poco confiables. <\/p>\n<p><img decoding=\"async\" loading=\"lazy\" class=\"alignnone size-full wp-image-624420\" src=\"https:\/\/www.diario5.com.ar\/wp-content\/uploads\/2021\/03\/ar_ancasti20210305.jpg\" width=\"750\" height=\"1010\" alt=\"La gran protagonista\" title=\"La gran protagonista\" srcset=\"https:\/\/www.diario5.com.ar\/wp-content\/uploads\/2021\/03\/ar_ancasti20210305.jpg 750w, https:\/\/www.diario5.com.ar\/wp-content\/uploads\/2021\/03\/ar_ancasti20210305-223x300.jpg 223w, https:\/\/www.diario5.com.ar\/wp-content\/uploads\/2021\/03\/ar_ancasti20210305-400x539.jpg 400w, https:\/\/www.diario5.com.ar\/wp-content\/uploads\/2021\/03\/ar_ancasti20210305-260x350.jpg 260w, https:\/\/www.diario5.com.ar\/wp-content\/uploads\/2021\/03\/ar_ancasti20210305-160x215.jpg 160w\" sizes=\"(max-width: 750px) 100vw, 750px\" \/><\/p>\n<p><img decoding=\"async\" loading=\"lazy\" class=\"alignnone size-full wp-image-624421\" src=\"https:\/\/www.diario5.com.ar\/wp-content\/uploads\/2021\/03\/voz_chaco20210305.jpg\" width=\"750\" height=\"924\" alt=\"La gran protagonista\" title=\"La gran protagonista\" srcset=\"https:\/\/www.diario5.com.ar\/wp-content\/uploads\/2021\/03\/voz_chaco20210305.jpg 750w, https:\/\/www.diario5.com.ar\/wp-content\/uploads\/2021\/03\/voz_chaco20210305-244x300.jpg 244w, https:\/\/www.diario5.com.ar\/wp-content\/uploads\/2021\/03\/voz_chaco20210305-400x493.jpg 400w, https:\/\/www.diario5.com.ar\/wp-content\/uploads\/2021\/03\/voz_chaco20210305-260x320.jpg 260w, https:\/\/www.diario5.com.ar\/wp-content\/uploads\/2021\/03\/voz_chaco20210305-160x197.jpg 160w\" sizes=\"(max-width: 750px) 100vw, 750px\" \/><\/p>\n<p>\n<img decoding=\"async\" loading=\"lazy\" class=\"alignnone size-full wp-image-624422\" src=\"https:\/\/www.diario5.com.ar\/wp-content\/uploads\/2021\/03\/ar_diario_madryn20210305.jpg\" width=\"750\" height=\"1009\" alt=\"La gran protagonista\" title=\"La gran protagonista\" srcset=\"https:\/\/www.diario5.com.ar\/wp-content\/uploads\/2021\/03\/ar_diario_madryn20210305.jpg 750w, https:\/\/www.diario5.com.ar\/wp-content\/uploads\/2021\/03\/ar_diario_madryn20210305-223x300.jpg 223w, https:\/\/www.diario5.com.ar\/wp-content\/uploads\/2021\/03\/ar_diario_madryn20210305-400x538.jpg 400w, https:\/\/www.diario5.com.ar\/wp-content\/uploads\/2021\/03\/ar_diario_madryn20210305-260x350.jpg 260w, https:\/\/www.diario5.com.ar\/wp-content\/uploads\/2021\/03\/ar_diario_madryn20210305-160x215.jpg 160w\" sizes=\"(max-width: 750px) 100vw, 750px\" \/><\/p>\n<p>\n<img decoding=\"async\" loading=\"lazy\" class=\"alignnone size-full wp-image-624423\" src=\"https:\/\/www.diario5.com.ar\/wp-content\/uploads\/2021\/03\/ar_chubut20210305.jpg\" width=\"750\" height=\"976\" alt=\"La gran protagonista\" title=\"La gran protagonista\" srcset=\"https:\/\/www.diario5.com.ar\/wp-content\/uploads\/2021\/03\/ar_chubut20210305.jpg 750w, https:\/\/www.diario5.com.ar\/wp-content\/uploads\/2021\/03\/ar_chubut20210305-231x300.jpg 231w, https:\/\/www.diario5.com.ar\/wp-content\/uploads\/2021\/03\/ar_chubut20210305-400x521.jpg 400w, https:\/\/www.diario5.com.ar\/wp-content\/uploads\/2021\/03\/ar_chubut20210305-260x338.jpg 260w, https:\/\/www.diario5.com.ar\/wp-content\/uploads\/2021\/03\/ar_chubut20210305-160x208.jpg 160w\" sizes=\"(max-width: 750px) 100vw, 750px\" \/><\/p>\n<p>\n<img decoding=\"async\" loading=\"lazy\" class=\"alignnone size-full wp-image-624424\" src=\"https:\/\/www.diario5.com.ar\/wp-content\/uploads\/2021\/03\/ar_epoca20210305.jpg\" width=\"750\" height=\"931\" alt=\"La gran protagonista\" title=\"La gran protagonista\" srcset=\"https:\/\/www.diario5.com.ar\/wp-content\/uploads\/2021\/03\/ar_epoca20210305.jpg 750w, https:\/\/www.diario5.com.ar\/wp-content\/uploads\/2021\/03\/ar_epoca20210305-242x300.jpg 242w, https:\/\/www.diario5.com.ar\/wp-content\/uploads\/2021\/03\/ar_epoca20210305-400x497.jpg 400w, https:\/\/www.diario5.com.ar\/wp-content\/uploads\/2021\/03\/ar_epoca20210305-260x323.jpg 260w, https:\/\/www.diario5.com.ar\/wp-content\/uploads\/2021\/03\/ar_epoca20210305-160x199.jpg 160w\" sizes=\"(max-width: 750px) 100vw, 750px\" \/><\/p>\n<p>\n<img decoding=\"async\" loading=\"lazy\" class=\"alignnone size-full wp-image-624425\" src=\"https:\/\/www.diario5.com.ar\/wp-content\/uploads\/2021\/03\/ar_litoral20210305.jpg\" width=\"750\" height=\"991\" alt=\"La gran protagonista\" title=\"La gran protagonista\" srcset=\"https:\/\/www.diario5.com.ar\/wp-content\/uploads\/2021\/03\/ar_litoral20210305.jpg 750w, https:\/\/www.diario5.com.ar\/wp-content\/uploads\/2021\/03\/ar_litoral20210305-227x300.jpg 227w, https:\/\/www.diario5.com.ar\/wp-content\/uploads\/2021\/03\/ar_litoral20210305-400x529.jpg 400w, https:\/\/www.diario5.com.ar\/wp-content\/uploads\/2021\/03\/ar_litoral20210305-260x344.jpg 260w, https:\/\/www.diario5.com.ar\/wp-content\/uploads\/2021\/03\/ar_litoral20210305-160x211.jpg 160w\" sizes=\"(max-width: 750px) 100vw, 750px\" \/><\/p>\n<p><img decoding=\"async\" loading=\"lazy\" class=\"alignnone size-full wp-image-624426\" src=\"https:\/\/www.diario5.com.ar\/wp-content\/uploads\/2021\/03\/ar_diario_pampa20210305.jpg\" width=\"750\" height=\"1005\" alt=\"La gran protagonista\" title=\"La gran protagonista\" srcset=\"https:\/\/www.diario5.com.ar\/wp-content\/uploads\/2021\/03\/ar_diario_pampa20210305.jpg 750w, https:\/\/www.diario5.com.ar\/wp-content\/uploads\/2021\/03\/ar_diario_pampa20210305-224x300.jpg 224w, https:\/\/www.diario5.com.ar\/wp-content\/uploads\/2021\/03\/ar_diario_pampa20210305-400x536.jpg 400w, https:\/\/www.diario5.com.ar\/wp-content\/uploads\/2021\/03\/ar_diario_pampa20210305-260x348.jpg 260w, https:\/\/www.diario5.com.ar\/wp-content\/uploads\/2021\/03\/ar_diario_pampa20210305-160x214.jpg 160w\" sizes=\"(max-width: 750px) 100vw, 750px\" \/><\/p>\n<p><img decoding=\"async\" loading=\"lazy\" class=\"alignnone size-large wp-image-624427\" src=\"https:\/\/www.diario5.com.ar\/wp-content\/uploads\/2021\/03\/ar_arena20210305-744x1024.jpg\" width=\"744\" height=\"1024\" alt=\"La gran protagonista\" title=\"La gran protagonista\" srcset=\"https:\/\/www.diario5.com.ar\/wp-content\/uploads\/2021\/03\/ar_arena20210305-744x1024.jpg 744w, https:\/\/www.diario5.com.ar\/wp-content\/uploads\/2021\/03\/ar_arena20210305-218x300.jpg 218w, https:\/\/www.diario5.com.ar\/wp-content\/uploads\/2021\/03\/ar_arena20210305-400x550.jpg 400w, https:\/\/www.diario5.com.ar\/wp-content\/uploads\/2021\/03\/ar_arena20210305-260x358.jpg 260w, https:\/\/www.diario5.com.ar\/wp-content\/uploads\/2021\/03\/ar_arena20210305-160x220.jpg 160w, https:\/\/www.diario5.com.ar\/wp-content\/uploads\/2021\/03\/ar_arena20210305.jpg 750w\" sizes=\"(max-width: 744px) 100vw, 744px\" \/><\/p>\n<p><img decoding=\"async\" loading=\"lazy\" class=\"alignnone size-large wp-image-624428\" src=\"https:\/\/www.diario5.com.ar\/wp-content\/uploads\/2021\/03\/ar_losandes20210305-731x1024.jpg\" width=\"731\" height=\"1024\" alt=\"La gran protagonista\" title=\"La gran protagonista\" srcset=\"https:\/\/www.diario5.com.ar\/wp-content\/uploads\/2021\/03\/ar_losandes20210305-731x1024.jpg 731w, https:\/\/www.diario5.com.ar\/wp-content\/uploads\/2021\/03\/ar_losandes20210305-214x300.jpg 214w, https:\/\/www.diario5.com.ar\/wp-content\/uploads\/2021\/03\/ar_losandes20210305-400x560.jpg 400w, https:\/\/www.diario5.com.ar\/wp-content\/uploads\/2021\/03\/ar_losandes20210305-260x364.jpg 260w, https:\/\/www.diario5.com.ar\/wp-content\/uploads\/2021\/03\/ar_losandes20210305-160x224.jpg 160w, https:\/\/www.diario5.com.ar\/wp-content\/uploads\/2021\/03\/ar_losandes20210305.jpg 750w\" sizes=\"(max-width: 731px) 100vw, 731px\" \/><\/p>\n<p><img decoding=\"async\" loading=\"lazy\" class=\"alignnone size-full wp-image-624429\" src=\"https:\/\/www.diario5.com.ar\/wp-content\/uploads\/2021\/03\/ciudadano20210305.jpg\" width=\"750\" height=\"1010\" alt=\"La gran protagonista\" title=\"La gran protagonista\" srcset=\"https:\/\/www.diario5.com.ar\/wp-content\/uploads\/2021\/03\/ciudadano20210305.jpg 750w, https:\/\/www.diario5.com.ar\/wp-content\/uploads\/2021\/03\/ciudadano20210305-223x300.jpg 223w, https:\/\/www.diario5.com.ar\/wp-content\/uploads\/2021\/03\/ciudadano20210305-400x539.jpg 400w, https:\/\/www.diario5.com.ar\/wp-content\/uploads\/2021\/03\/ciudadano20210305-260x350.jpg 260w, https:\/\/www.diario5.com.ar\/wp-content\/uploads\/2021\/03\/ciudadano20210305-160x215.jpg 160w\" sizes=\"(max-width: 750px) 100vw, 750px\" \/><\/p>\n<p><img decoding=\"async\" loading=\"lazy\" class=\"alignnone size-large wp-image-624430\" src=\"https:\/\/www.diario5.com.ar\/wp-content\/uploads\/2021\/03\/ar_gaceta20210305-616x1024.jpg\" width=\"616\" height=\"1024\" alt=\"La gran protagonista\" title=\"La gran protagonista\" srcset=\"https:\/\/www.diario5.com.ar\/wp-content\/uploads\/2021\/03\/ar_gaceta20210305-616x1024.jpg 616w, https:\/\/www.diario5.com.ar\/wp-content\/uploads\/2021\/03\/ar_gaceta20210305-180x300.jpg 180w, https:\/\/www.diario5.com.ar\/wp-content\/uploads\/2021\/03\/ar_gaceta20210305-400x665.jpg 400w, https:\/\/www.diario5.com.ar\/wp-content\/uploads\/2021\/03\/ar_gaceta20210305-260x432.jpg 260w, https:\/\/www.diario5.com.ar\/wp-content\/uploads\/2021\/03\/ar_gaceta20210305-160x266.jpg 160w, https:\/\/www.diario5.com.ar\/wp-content\/uploads\/2021\/03\/ar_gaceta20210305.jpg 750w\" sizes=\"(max-width: 616px) 100vw, 616px\" \/><\/p>\n<p>\n<img decoding=\"async\" loading=\"lazy\" class=\"alignnone size-full wp-image-624431\" src=\"https:\/\/www.diario5.com.ar\/wp-content\/uploads\/2021\/03\/ar_cronica20210305.jpg\" width=\"750\" height=\"875\" alt=\"La gran protagonista\" title=\"La gran protagonista\" srcset=\"https:\/\/www.diario5.com.ar\/wp-content\/uploads\/2021\/03\/ar_cronica20210305.jpg 750w, https:\/\/www.diario5.com.ar\/wp-content\/uploads\/2021\/03\/ar_cronica20210305-257x300.jpg 257w, https:\/\/www.diario5.com.ar\/wp-content\/uploads\/2021\/03\/ar_cronica20210305-400x467.jpg 400w, https:\/\/www.diario5.com.ar\/wp-content\/uploads\/2021\/03\/ar_cronica20210305-260x303.jpg 260w, https:\/\/www.diario5.com.ar\/wp-content\/uploads\/2021\/03\/ar_cronica20210305-160x187.jpg 160w\" sizes=\"(max-width: 750px) 100vw, 750px\" \/><\/p>\n<p>\n<img decoding=\"async\" loading=\"lazy\" class=\"alignnone size-large wp-image-624432\" src=\"https:\/\/www.diario5.com.ar\/wp-content\/uploads\/2021\/03\/ar_clarin20210305-742x1024.jpg\" width=\"742\" height=\"1024\" alt=\"La gran protagonista\" title=\"La gran protagonista\" srcset=\"https:\/\/www.diario5.com.ar\/wp-content\/uploads\/2021\/03\/ar_clarin20210305-742x1024.jpg 742w, https:\/\/www.diario5.com.ar\/wp-content\/uploads\/2021\/03\/ar_clarin20210305-217x300.jpg 217w, https:\/\/www.diario5.com.ar\/wp-content\/uploads\/2021\/03\/ar_clarin20210305-400x552.jpg 400w, https:\/\/www.diario5.com.ar\/wp-content\/uploads\/2021\/03\/ar_clarin20210305-260x359.jpg 260w, https:\/\/www.diario5.com.ar\/wp-content\/uploads\/2021\/03\/ar_clarin20210305-160x221.jpg 160w, https:\/\/www.diario5.com.ar\/wp-content\/uploads\/2021\/03\/ar_clarin20210305.jpg 750w\" sizes=\"(max-width: 742px) 100vw, 742px\" \/><\/p>\n<p>\n<img decoding=\"async\" loading=\"lazy\" class=\"alignnone size-large wp-image-624433\" src=\"https:\/\/www.diario5.com.ar\/wp-content\/uploads\/2021\/03\/nacion20210305-681x1024.jpg\" width=\"681\" height=\"1024\" alt=\"La gran protagonista\" title=\"La gran protagonista\" srcset=\"https:\/\/www.diario5.com.ar\/wp-content\/uploads\/2021\/03\/nacion20210305-681x1024.jpg 681w, https:\/\/www.diario5.com.ar\/wp-content\/uploads\/2021\/03\/nacion20210305-200x300.jpg 200w, https:\/\/www.diario5.com.ar\/wp-content\/uploads\/2021\/03\/nacion20210305-400x601.jpg 400w, https:\/\/www.diario5.com.ar\/wp-content\/uploads\/2021\/03\/nacion20210305-260x391.jpg 260w, https:\/\/www.diario5.com.ar\/wp-content\/uploads\/2021\/03\/nacion20210305-160x240.jpg 160w, https:\/\/www.diario5.com.ar\/wp-content\/uploads\/2021\/03\/nacion20210305.jpg 750w\" sizes=\"(max-width: 681px) 100vw, 681px\" \/><\/p>\n<p><img decoding=\"async\" loading=\"lazy\" class=\"alignnone size-full wp-image-624434\" src=\"https:\/\/www.diario5.com.ar\/wp-content\/uploads\/2021\/03\/ar_cronista20210305.jpg\" width=\"750\" height=\"1016\" alt=\"La gran protagonista\" title=\"La gran protagonista\" srcset=\"https:\/\/www.diario5.com.ar\/wp-content\/uploads\/2021\/03\/ar_cronista20210305.jpg 750w, https:\/\/www.diario5.com.ar\/wp-content\/uploads\/2021\/03\/ar_cronista20210305-221x300.jpg 221w, https:\/\/www.diario5.com.ar\/wp-content\/uploads\/2021\/03\/ar_cronista20210305-400x542.jpg 400w, https:\/\/www.diario5.com.ar\/wp-content\/uploads\/2021\/03\/ar_cronista20210305-260x352.jpg 260w, https:\/\/www.diario5.com.ar\/wp-content\/uploads\/2021\/03\/ar_cronista20210305-160x217.jpg 160w\" sizes=\"(max-width: 750px) 100vw, 750px\" \/><\/p>\n<p>\n<img decoding=\"async\" loading=\"lazy\" class=\"alignnone size-full wp-image-624435\" src=\"https:\/\/www.diario5.com.ar\/wp-content\/uploads\/2021\/03\/buenosaires_economico20210305.jpg\" width=\"750\" height=\"892\" alt=\"La gran protagonista\" title=\"La gran protagonista\" srcset=\"https:\/\/www.diario5.com.ar\/wp-content\/uploads\/2021\/03\/buenosaires_economico20210305.jpg 750w, https:\/\/www.diario5.com.ar\/wp-content\/uploads\/2021\/03\/buenosaires_economico20210305-252x300.jpg 252w, https:\/\/www.diario5.com.ar\/wp-content\/uploads\/2021\/03\/buenosaires_economico20210305-400x476.jpg 400w, https:\/\/www.diario5.com.ar\/wp-content\/uploads\/2021\/03\/buenosaires_economico20210305-260x309.jpg 260w, https:\/\/www.diario5.com.ar\/wp-content\/uploads\/2021\/03\/buenosaires_economico20210305-160x190.jpg 160w\" sizes=\"(max-width: 750px) 100vw, 750px\" \/><\/p>\n<p><img decoding=\"async\" loading=\"lazy\" class=\"alignnone size-large wp-image-624436\" src=\"https:\/\/www.diario5.com.ar\/wp-content\/uploads\/2021\/03\/ar_eldia20210305-686x1024.jpg\" width=\"686\" height=\"1024\" alt=\"La gran protagonista\" title=\"La gran protagonista\" srcset=\"https:\/\/www.diario5.com.ar\/wp-content\/uploads\/2021\/03\/ar_eldia20210305-686x1024.jpg 686w, https:\/\/www.diario5.com.ar\/wp-content\/uploads\/2021\/03\/ar_eldia20210305-201x300.jpg 201w, https:\/\/www.diario5.com.ar\/wp-content\/uploads\/2021\/03\/ar_eldia20210305-400x597.jpg 400w, https:\/\/www.diario5.com.ar\/wp-content\/uploads\/2021\/03\/ar_eldia20210305-260x388.jpg 260w, https:\/\/www.diario5.com.ar\/wp-content\/uploads\/2021\/03\/ar_eldia20210305-160x239.jpg 160w, https:\/\/www.diario5.com.ar\/wp-content\/uploads\/2021\/03\/ar_eldia20210305.jpg 750w\" sizes=\"(max-width: 686px) 100vw, 686px\" \/><\/p>\n<p>\n<img decoding=\"async\" loading=\"lazy\" class=\"alignnone size-full wp-image-624437\" src=\"https:\/\/www.diario5.com.ar\/wp-content\/uploads\/2021\/03\/ar_hoy20210305.jpg\" width=\"750\" height=\"991\" alt=\"La gran protagonista\" title=\"La gran protagonista\" srcset=\"https:\/\/www.diario5.com.ar\/wp-content\/uploads\/2021\/03\/ar_hoy20210305.jpg 750w, https:\/\/www.diario5.com.ar\/wp-content\/uploads\/2021\/03\/ar_hoy20210305-227x300.jpg 227w, https:\/\/www.diario5.com.ar\/wp-content\/uploads\/2021\/03\/ar_hoy20210305-400x529.jpg 400w, https:\/\/www.diario5.com.ar\/wp-content\/uploads\/2021\/03\/ar_hoy20210305-260x344.jpg 260w, https:\/\/www.diario5.com.ar\/wp-content\/uploads\/2021\/03\/ar_hoy20210305-160x211.jpg 160w\" sizes=\"(max-width: 750px) 100vw, 750px\" \/><\/p>\n<p>","protected":false},"excerpt":{"rendered":"<p>Cristina Kirchner sabe de pol\u00edtica. En 2021 genera toda su operatividad para destinos muy distintos a pos que apuntaba en sus tiempos presidenciales. Por eso solo, es interesante segui su derrotero. Nadie conoce -a ciencia cierta- si su conducta apunta, de verdad a marcarles a los jueces los puntos con los que ayer puso tanta [&hellip;]<\/p>","protected":false},"author":1,"featured_media":624420,"comment_status":"open","ping_status":"open","sticky":false,"template":"","format":"standard","meta":[],"categories":[1],"tags":[],"series":[],"_links":{"self":[{"href":"https:\/\/www.diario5.com.ar\/es\/wp-json\/wp\/v2\/posts\/624418"}],"collection":[{"href":"https:\/\/www.diario5.com.ar\/es\/wp-json\/wp\/v2\/posts"}],"about":[{"href":"https:\/\/www.diario5.com.ar\/es\/wp-json\/wp\/v2\/types\/post"}],"author":[{"embeddable":true,"href":"https:\/\/www.diario5.com.ar\/es\/wp-json\/wp\/v2\/users\/1"}],"replies":[{"embeddable":true,"href":"https:\/\/www.diario5.com.ar\/es\/wp-json\/wp\/v2\/comments?post=624418"}],"version-history":[{"count":3,"href":"https:\/\/www.diario5.com.ar\/es\/wp-json\/wp\/v2\/posts\/624418\/revisions"}],"predecessor-version":[{"id":624442,"href":"https:\/\/www.diario5.com.ar\/es\/wp-json\/wp\/v2\/posts\/624418\/revisions\/624442"}],"wp:featuredmedia":[{"embeddable":true,"href":"https:\/\/www.diario5.com.ar\/es\/wp-json\/wp\/v2\/media\/624420"}],"wp:attachment":[{"href":"https:\/\/www.diario5.com.ar\/es\/wp-json\/wp\/v2\/media?parent=624418"}],"wp:term":[{"taxonomy":"category","embeddable":true,"href":"https:\/\/www.diario5.com.ar\/es\/wp-json\/wp\/v2\/categories?post=624418"},{"taxonomy":"post_tag","embeddable":true,"href":"https:\/\/www.diario5.com.ar\/es\/wp-json\/wp\/v2\/tags?post=624418"},{"taxonomy":"series","embeddable":true,"href":"https:\/\/www.diario5.com.ar\/es\/wp-json\/wp\/v2\/series?post=624418"}],"curies":[{"name":"wp","href":"https:\/\/api.w.org\/{rel}","templated":true}]}}