{"id":624286,"date":"2021-03-01T07:04:13","date_gmt":"2021-03-01T10:04:13","guid":{"rendered":"https:\/\/www.diario5.com.ar\/?p=624286"},"modified":"2025-01-26T16:04:34","modified_gmt":"2025-01-26T19:04:34","slug":"traidores-los-unos-violentos-los-otros","status":"publish","type":"post","link":"https:\/\/www.diario5.com.ar\/es\/traidores-los-unos-violentos-los-otros\/","title":{"rendered":"Traidores los unos, violentos, los otros"},"content":{"rendered":"<h2 class=\"sub-title-primary\">Infantil y desubicada, la oposici\u00f3n se comporta igual que el gobierno: p\u00e9simo. Cada vez est\u00e1 m\u00e1s confirmado que quienes adhieren a la grieta entre estos dos grupos son gente que va a llevar al pa\u00eds a la guerra civil. Hoy, ser macrista o ser kirchnerista es mala palabra. <\/h2> <p>Un grupo de militantes de la m\u00e1s baja categor\u00eda politiquera, le dio la gran oportunidad al gobierno tramposo a reivindicarse. Es tanto lo que consigui\u00f3 agrandarse, que encendi\u00f3 -hasta podr\u00eda decirse, justificadamente- la \u00e9pica de los organismos de derechos humanos que simpatizan con \u00e9l y los apoyan.<\/p>\n<p>Ante el infame escenario de las bolsas mortuorias frente la Casa Rosada y a s\u00f3lo 8 d\u00edas de su acto de traici\u00f3n a la patria, el gobierno recibi\u00f3 un regalo del cielo. Milagroso. Justo cuando la sociedad los estaba viendo como lo que son, unos traidores de mierda, sus primos de la vereda de enfrente se plantaron frente a la sociedad para recordarles que ellos tambi\u00e9n juegan bien el juego y ratificaron que son unos insensibles de mierda.<\/p>\n<p>Tuit de Mauricio Macri. @mauriciomacri \u00b7 Feb 27<br \/>\nEmocionado y contento de ver como una vez m\u00e1s los argentinos se movilizan, demostrando que no van a permitir los abusos y atropellos del gobierno.<\/p>\n<p>Tuit Alberto Fern\u00e1ndez @alferdez \u00b7 27 feb.<br \/>\nLa forma de manifestarse en democracia no puede ser exhibir frente a la Casa Rosada bolsas mortuorias con nombres de dirigentes pol\u00edticos. Esta acci\u00f3n lamentable solo demuestra c\u00f3mo muchos opositores conciben la Rep\u00fablica. No callemos ante semejante acto de barbarie.<\/p>\n<p>El grupo menos pensante de la Argentina, aproximadamente un 76% del electorado, es decir, los que suelen votar polarizadamente a alguno de estos dos grupos de destructores del Estado, est\u00e1n, claramente, liderados por gente de la que no se sabe cu\u00e1nto alcohol bebe a diario. Ellos comentan lo que pasa en el pa\u00eds, en vez de trabajar para hacer algo bueno. Nunca hay que olvidar que se trata del populismo falsamente progresista y el populismo falsamente productivo. Pero a \u00abla gente\u00bb les encanta alguno de los dos. Nos duele.<\/p>\n<p>Hay un documento firmado por Abuelas de Plaza de Mayo, Madres de Plaza de Mayo L\u00ednea Fundadora, Asamblea Permanente por los Derechos Humanos,Familiares de Desaparecidos y Detenidos por Razones Pol\u00edticas, H.I.J.O.S. Capital, APDH La Matanza, Asociaci\u00f3n Buena Memoria.<br \/>\nComisi\u00f3n Memoria, Verdad y Justicia Zona Norte, Familiares y Compa\u00f1eros de los 12 de la Santa Cruz, Fundaci\u00f3n Memoria Hist\u00f3rica y Social Argentina, Liga Argentina por los Derechos Humanos y Movimiento Ecum\u00e9nico por los Derechos Humanos.<\/p>\n<p>Lo destacable es la firma del Centro de Estudios Legales y Sociales, del que se estimaba -en caso de no haber aparecido la repugnante manifestaci\u00f3n del gorilaje en Plaza de Mayo- que bien deber\u00eda haber guardado un largo silencio. El CELS apenas \u00abacept\u00f3\u00bb el pedido de licencia de su miembro fundador, Horacio Verbitzky, luego de que \u00e9ste disparara el monumental esc\u00e1ndalo de las vacunas de privilegio, que dejaron al descubierto &#8211; por fin y de una vez por todas- la desigualdad civil a la que se somete al habitante de la Argentina desde 1989.<\/p>\n<p>No vale la pena transcribir el texto. Hemos estado al lado de estas organizaciones cuando el pa\u00eds estaba relativamente unido en pretender reafirmar la voluntad del Pueblo ante las \u00faltimas embestidas militares por el Poder. Hoy, todas esas organizaciones mantienen sus consignas pero su esp\u00edritu parece difuminado. En sus argumentaciones aparentan no entender que ya ganaron. Que ya ganamos todos y s\u00ed, en gran parte, gracias a ellos. Gracias, gracias, gracias. Pero no quieren aceptar que el campo de batalla de hoy ya no es aquel donde pele\u00e1bamos todos en 1978 y 1979. Bien por el Museo de la Memoria y respetamos todos los museos que quieran hacer para repudiar la represi\u00f3n criminal de los 70. Pero hoy existen derechos humanos que a\u00fan no terminan de despertar.<\/p>\n<p>Nadie lo dice ni nadie se lo pide, pero si las organizaciones de Derechos Humanos, todas, como est\u00e1n hoy, s\u00f3lidas, reconocidas y prestigiosas, generadoras de cuadros pol\u00edticos desde sendas canteras, pusieran su eje en el combate contra alguno de los flagelos actuales, la sociedad estar\u00eda muy esperanzada en encontrar soluciones. La lista de esos problemas incluye la lucha por establecer una rutina de aceptaci\u00f3m de denuncias por violencia de g\u00e9nero, mayor acceso a protocolos de admisi\u00f3n en las escuelas de fuerzas de seguridad de todos los distritos o cualquier decisi\u00f3n que implique volver a la acci\u00f3n que tuvieron en los tiempos en que comprendieron que era urgente por cuestiones ideol\u00f3gicas. Bueno, ahora es urgente por cuestiones cotidianas. Eso no es poco.<\/p>\n<p>Pero para las comisiones directivas de algunas entidades de DDHH, salir a intentar influir en la discusi\u00f3n social que encuentre soluciones acerca de c\u00f3mo debe ser tratado un menor asesino o el asesino de una menor, es ingresar en el \u00abdiscurso punitivista\u00bb de su llamado \u00abprotocolo ante violencias\u00bb, con lo cual se sacan el problema de encima, nadie les jode el presupuesto y siguen cuidadndo la quintita de \u00abmantener la memoria\u00bb. Mantenemos la memoria, muchachos. Hagan algo m\u00e1s.<\/p>\n<p>Desde esta tribuna y en estos d\u00edas, cuando repudiamos a los que traicionan a la patria somos tildados de gorilas, mientras que cuando nos asqueamos por las trampas y la insensibilidad del liberalismo, nos tratan de chavistas. Est\u00e1n unidos en la hegemon\u00eda polarizada y son el espanto. Ambos, como siempre.<\/p>","protected":false},"excerpt":{"rendered":"<p>Infantil y desubicada, la oposici\u00f3n se comporta igual que el gobierno: p\u00e9simo. Cada vez est\u00e1 m\u00e1s confirmado que quienes adhieren a la grieta entre estos dos grupos son gente que va a llevar al pa\u00eds a la guerra civil. Hoy, ser macrista o ser kirchnerista es mala palabra. Un grupo de militantes de la m\u00e1s [&hellip;]<\/p>","protected":false},"author":4,"featured_media":624297,"comment_status":"open","ping_status":"open","sticky":false,"template":"","format":"standard","meta":[],"categories":[75,45],"tags":[736,1177,634,1718,1297,2114,1993,2467,372,641,735,1246,684,643,1394,92,238,441,537,1488],"series":[],"_links":{"self":[{"href":"https:\/\/www.diario5.com.ar\/es\/wp-json\/wp\/v2\/posts\/624286"}],"collection":[{"href":"https:\/\/www.diario5.com.ar\/es\/wp-json\/wp\/v2\/posts"}],"about":[{"href":"https:\/\/www.diario5.com.ar\/es\/wp-json\/wp\/v2\/types\/post"}],"author":[{"embeddable":true,"href":"https:\/\/www.diario5.com.ar\/es\/wp-json\/wp\/v2\/users\/4"}],"replies":[{"embeddable":true,"href":"https:\/\/www.diario5.com.ar\/es\/wp-json\/wp\/v2\/comments?post=624286"}],"version-history":[{"count":4,"href":"https:\/\/www.diario5.com.ar\/es\/wp-json\/wp\/v2\/posts\/624286\/revisions"}],"predecessor-version":[{"id":690520,"href":"https:\/\/www.diario5.com.ar\/es\/wp-json\/wp\/v2\/posts\/624286\/revisions\/690520"}],"wp:featuredmedia":[{"embeddable":true,"href":"https:\/\/www.diario5.com.ar\/es\/wp-json\/wp\/v2\/media\/624297"}],"wp:attachment":[{"href":"https:\/\/www.diario5.com.ar\/es\/wp-json\/wp\/v2\/media?parent=624286"}],"wp:term":[{"taxonomy":"category","embeddable":true,"href":"https:\/\/www.diario5.com.ar\/es\/wp-json\/wp\/v2\/categories?post=624286"},{"taxonomy":"post_tag","embeddable":true,"href":"https:\/\/www.diario5.com.ar\/es\/wp-json\/wp\/v2\/tags?post=624286"},{"taxonomy":"series","embeddable":true,"href":"https:\/\/www.diario5.com.ar\/es\/wp-json\/wp\/v2\/series?post=624286"}],"curies":[{"name":"wp","href":"https:\/\/api.w.org\/{rel}","templated":true}]}}