{"id":624096,"date":"2018-01-07T20:53:58","date_gmt":"2018-01-07T23:53:58","guid":{"rendered":"https:\/\/www.diario5.com.ar\/?p=624096"},"modified":"2021-06-30T15:26:41","modified_gmt":"2021-06-30T18:26:41","slug":"flamante-club-cultural-en-san-telmo","status":"publish","type":"post","link":"https:\/\/www.diario5.com.ar\/es\/flamante-club-cultural-en-san-telmo\/","title":{"rendered":"Flamante Club Cultural en San Telmo"},"content":{"rendered":"<h2 class=\"sub-title-primary\"><\/h2> <p>El impulso que se le da a los diversos distritos de la Ciudad de Buenos Aires genera est\u00edmulos. Dise\u00f1o, Tecnol\u00f3gico y de Las Artes, son los m\u00e1s activos y fomentan el resurgimiento de varias zonas del Sur porte\u00f1o. Procurando conseguir beneficios para la comunidad, se realizan seguimientos de los emprendimientos que se destacan en cada distrito especial de la Ciudad de Buenos Aires.<\/p>\n<p>As\u00ed es c\u00f3mo nos enteramos -a trav\u00e9s del <a href=\"https:\/\/www.facebook.com\/DistArtes\/\" target=\"_blank\" rel=\"noopener\">Facebook del Distrito de las Artes<\/a>&#8211; acerca de la nueva vida de un edificio emblem\u00e1tico de la embellecida Avenida Caseros.<\/p>\n<p>A\u00d1O NUEVO, NUEVOS ESPACIOS<br \/>\nDe la mano de su director, Sergio Resumil, abri\u00f3 El M\u00e1s Ac\u00e1 Club Cultural (Av. Caseros 514, San Telmo) en el \u00e1mbito del Distrito de las Artes. Esta asociaci\u00f3n sin fines de lucro se propone inaugurar un nuevo punto de encuentro para todos aquellos que tienen inquietudes culturales o art\u00edsticas, especialmente en la zona sur de la ciudad. Un espacio para reunirse, ver, participar y aprender. Se puede visitar de lunes a s\u00e1bado de 10.00 a 24.00 con entrada gratuita.<br \/>\nLa Asociaci\u00f3n Civil El M\u00e1s Ac\u00e1 Club Cultural fue creada especialmente con el objetivo de restaurar el Petit-Hotel de la Av. Caseros, dise\u00f1ado por el prestigioso arquitecto italiano Alfredo Olivari y convertirlo en un centro cultural multidisciplinario. En el decir de quienes llevan adelante el emprendicmiento, \u00abun lugar de encuentro para almas inquietas\u00bb.<\/p>\n<p><iframe loading=\"lazy\" style=\"border: none; overflow: hidden;\" src=\"https:\/\/www.facebook.com\/plugins\/video.php?height=314&amp;href=https%3A%2F%2Fwww.facebook.com%2FDistArtes%2Fvideos%2F1542144739205947%2F&amp;show_text=false&amp;width=560\" width=\"560\" height=\"314\" frameborder=\"0\" scrolling=\"no\" allowfullscreen=\"allowfullscreen\"><\/iframe><\/p>\n<p>&nbsp;<\/p>","protected":false},"excerpt":{"rendered":"<p>El impulso que se le da a los diversos distritos de la Ciudad de Buenos Aires genera est\u00edmulos. Dise\u00f1o, Tecnol\u00f3gico y de Las Artes, son los m\u00e1s activos y fomentan el resurgimiento de varias zonas del Sur porte\u00f1o. Procurando conseguir beneficios para la comunidad, se realizan seguimientos de los emprendimientos que se destacan en cada [&hellip;]<\/p>","protected":false},"author":1,"featured_media":629962,"comment_status":"open","ping_status":"open","sticky":false,"template":"","format":"standard","meta":[],"categories":[11,5,10,20,16],"tags":[],"series":[],"_links":{"self":[{"href":"https:\/\/www.diario5.com.ar\/es\/wp-json\/wp\/v2\/posts\/624096"}],"collection":[{"href":"https:\/\/www.diario5.com.ar\/es\/wp-json\/wp\/v2\/posts"}],"about":[{"href":"https:\/\/www.diario5.com.ar\/es\/wp-json\/wp\/v2\/types\/post"}],"author":[{"embeddable":true,"href":"https:\/\/www.diario5.com.ar\/es\/wp-json\/wp\/v2\/users\/1"}],"replies":[{"embeddable":true,"href":"https:\/\/www.diario5.com.ar\/es\/wp-json\/wp\/v2\/comments?post=624096"}],"version-history":[{"count":4,"href":"https:\/\/www.diario5.com.ar\/es\/wp-json\/wp\/v2\/posts\/624096\/revisions"}],"predecessor-version":[{"id":629416,"href":"https:\/\/www.diario5.com.ar\/es\/wp-json\/wp\/v2\/posts\/624096\/revisions\/629416"}],"wp:featuredmedia":[{"embeddable":true,"href":"https:\/\/www.diario5.com.ar\/es\/wp-json\/wp\/v2\/media\/629962"}],"wp:attachment":[{"href":"https:\/\/www.diario5.com.ar\/es\/wp-json\/wp\/v2\/media?parent=624096"}],"wp:term":[{"taxonomy":"category","embeddable":true,"href":"https:\/\/www.diario5.com.ar\/es\/wp-json\/wp\/v2\/categories?post=624096"},{"taxonomy":"post_tag","embeddable":true,"href":"https:\/\/www.diario5.com.ar\/es\/wp-json\/wp\/v2\/tags?post=624096"},{"taxonomy":"series","embeddable":true,"href":"https:\/\/www.diario5.com.ar\/es\/wp-json\/wp\/v2\/series?post=624096"}],"curies":[{"name":"wp","href":"https:\/\/api.w.org\/{rel}","templated":true}]}}