{"id":623609,"date":"2021-02-08T06:37:30","date_gmt":"2021-02-08T09:37:30","guid":{"rendered":"https:\/\/www.diario5.com.ar\/?p=623609"},"modified":"2021-02-08T15:34:32","modified_gmt":"2021-02-08T18:34:32","slug":"623609-2__trashed","status":"publish","type":"post","link":"https:\/\/www.diario5.com.ar\/es\/623609-2__trashed\/","title":{"rendered":"Semana clave"},"content":{"rendered":"<h2 class=\"sub-title-primary\"><\/h2> <p>El gobierno, la oposici\u00f3, los m\u00e9dicos que determinan las estrategias frente a la pandemia, la cantidad de vecunas que tendremos. la realidad del comienzo de las clases y cu\u00e1nto m\u00e1s es necesario discutir, antes de un acuerdo definitivo que abarque a toda la Argentin<\/p>\n<p>Todo es en esta segubnda semana de febrero. \u00bfm\u00e1s? Los giros que va a tomar el cronograma electoral 2021 en la Argentina. La discusi\u00f3n se va a poner muy caliente. Lo que se prev\u00e9 es que el gobierno de Alberto Fern\u00e1ndez se vea enfrentado con propios y ajenos, ya que la tentaci\u00f3n de tirar las PASO or laventana es muy grande, m\u00e1s tomado en cuenta que todav\u00eda no hay n\u00fameros simp\u00e1ticos en las encuestas.<\/p>\n<p><img decoding=\"async\" loading=\"lazy\" class=\"alignnone size-full wp-image-623623\" src=\"https:\/\/www.diario5.com.ar\/wp-content\/uploads\/2021\/02\/ar_laprensa20210208.jpg\" width=\"750\" height=\"996\" alt=\"Semana clave\" title=\"Semana clave\" srcset=\"https:\/\/www.diario5.com.ar\/wp-content\/uploads\/2021\/02\/ar_laprensa20210208.jpg 750w, https:\/\/www.diario5.com.ar\/wp-content\/uploads\/2021\/02\/ar_laprensa20210208-226x300.jpg 226w, https:\/\/www.diario5.com.ar\/wp-content\/uploads\/2021\/02\/ar_laprensa20210208-400x531.jpg 400w, https:\/\/www.diario5.com.ar\/wp-content\/uploads\/2021\/02\/ar_laprensa20210208-260x345.jpg 260w, https:\/\/www.diario5.com.ar\/wp-content\/uploads\/2021\/02\/ar_laprensa20210208-160x212.jpg 160w\" sizes=\"(max-width: 750px) 100vw, 750px\" \/><\/p>\n<p>\n<img decoding=\"async\" loading=\"lazy\" class=\"alignnone size-full wp-image-623624\" src=\"https:\/\/www.diario5.com.ar\/wp-content\/uploads\/2021\/02\/ar_cronista20210208.jpg\" width=\"750\" height=\"1016\" alt=\"Semana clave\" title=\"Semana clave\" srcset=\"https:\/\/www.diario5.com.ar\/wp-content\/uploads\/2021\/02\/ar_cronista20210208.jpg 750w, https:\/\/www.diario5.com.ar\/wp-content\/uploads\/2021\/02\/ar_cronista20210208-221x300.jpg 221w, https:\/\/www.diario5.com.ar\/wp-content\/uploads\/2021\/02\/ar_cronista20210208-400x542.jpg 400w, https:\/\/www.diario5.com.ar\/wp-content\/uploads\/2021\/02\/ar_cronista20210208-260x352.jpg 260w, https:\/\/www.diario5.com.ar\/wp-content\/uploads\/2021\/02\/ar_cronista20210208-160x217.jpg 160w\" sizes=\"(max-width: 750px) 100vw, 750px\" \/><\/p>\n<p>\n<img decoding=\"async\" loading=\"lazy\" class=\"alignnone size-full wp-image-623625\" src=\"https:\/\/www.diario5.com.ar\/wp-content\/uploads\/2021\/02\/buenosaires_economico20210208.jpg\" width=\"750\" height=\"890\" alt=\"Semana clave\" title=\"Semana clave\" srcset=\"https:\/\/www.diario5.com.ar\/wp-content\/uploads\/2021\/02\/buenosaires_economico20210208.jpg 750w, https:\/\/www.diario5.com.ar\/wp-content\/uploads\/2021\/02\/buenosaires_economico20210208-253x300.jpg 253w, https:\/\/www.diario5.com.ar\/wp-content\/uploads\/2021\/02\/buenosaires_economico20210208-400x475.jpg 400w, https:\/\/www.diario5.com.ar\/wp-content\/uploads\/2021\/02\/buenosaires_economico20210208-260x309.jpg 260w, https:\/\/www.diario5.com.ar\/wp-content\/uploads\/2021\/02\/buenosaires_economico20210208-160x190.jpg 160w\" sizes=\"(max-width: 750px) 100vw, 750px\" \/><\/p>\n<p>\n<img decoding=\"async\" loading=\"lazy\" class=\"alignnone size-large wp-image-623626\" src=\"https:\/\/www.diario5.com.ar\/wp-content\/uploads\/2021\/02\/ar_eldia20210208-689x1024.jpg\" width=\"689\" height=\"1024\" alt=\"Semana clave\" title=\"Semana clave\" srcset=\"https:\/\/www.diario5.com.ar\/wp-content\/uploads\/2021\/02\/ar_eldia20210208-689x1024.jpg 689w, https:\/\/www.diario5.com.ar\/wp-content\/uploads\/2021\/02\/ar_eldia20210208-202x300.jpg 202w, https:\/\/www.diario5.com.ar\/wp-content\/uploads\/2021\/02\/ar_eldia20210208-400x594.jpg 400w, https:\/\/www.diario5.com.ar\/wp-content\/uploads\/2021\/02\/ar_eldia20210208-260x386.jpg 260w, https:\/\/www.diario5.com.ar\/wp-content\/uploads\/2021\/02\/ar_eldia20210208-160x238.jpg 160w, https:\/\/www.diario5.com.ar\/wp-content\/uploads\/2021\/02\/ar_eldia20210208.jpg 750w\" sizes=\"(max-width: 689px) 100vw, 689px\" \/><\/p>\n<p>\n<img decoding=\"async\" loading=\"lazy\" class=\"alignnone size-full wp-image-623627\" src=\"https:\/\/www.diario5.com.ar\/wp-content\/uploads\/2021\/02\/ar_hoy20210208.jpg\" width=\"750\" height=\"990\" alt=\"Semana clave\" title=\"Semana clave\" srcset=\"https:\/\/www.diario5.com.ar\/wp-content\/uploads\/2021\/02\/ar_hoy20210208.jpg 750w, https:\/\/www.diario5.com.ar\/wp-content\/uploads\/2021\/02\/ar_hoy20210208-227x300.jpg 227w, https:\/\/www.diario5.com.ar\/wp-content\/uploads\/2021\/02\/ar_hoy20210208-400x528.jpg 400w, https:\/\/www.diario5.com.ar\/wp-content\/uploads\/2021\/02\/ar_hoy20210208-260x343.jpg 260w, https:\/\/www.diario5.com.ar\/wp-content\/uploads\/2021\/02\/ar_hoy20210208-160x211.jpg 160w\" sizes=\"(max-width: 750px) 100vw, 750px\" \/><\/p>\n<p>\n<img decoding=\"async\" loading=\"lazy\" class=\"alignnone size-full wp-image-623628\" src=\"https:\/\/www.diario5.com.ar\/wp-content\/uploads\/2021\/02\/ar_ancasti20210208.jpg\" width=\"750\" height=\"1003\" alt=\"Semana clave\" title=\"Semana clave\" srcset=\"https:\/\/www.diario5.com.ar\/wp-content\/uploads\/2021\/02\/ar_ancasti20210208.jpg 750w, https:\/\/www.diario5.com.ar\/wp-content\/uploads\/2021\/02\/ar_ancasti20210208-224x300.jpg 224w, https:\/\/www.diario5.com.ar\/wp-content\/uploads\/2021\/02\/ar_ancasti20210208-400x535.jpg 400w, https:\/\/www.diario5.com.ar\/wp-content\/uploads\/2021\/02\/ar_ancasti20210208-260x348.jpg 260w, https:\/\/www.diario5.com.ar\/wp-content\/uploads\/2021\/02\/ar_ancasti20210208-160x214.jpg 160w\" sizes=\"(max-width: 750px) 100vw, 750px\" \/><\/p>\n<p>\n<img decoding=\"async\" loading=\"lazy\" class=\"alignnone size-full wp-image-623629\" src=\"https:\/\/www.diario5.com.ar\/wp-content\/uploads\/2021\/02\/voz_chaco20210208.jpg\" width=\"750\" height=\"913\" alt=\"Semana clave\" title=\"Semana clave\" srcset=\"https:\/\/www.diario5.com.ar\/wp-content\/uploads\/2021\/02\/voz_chaco20210208.jpg 750w, https:\/\/www.diario5.com.ar\/wp-content\/uploads\/2021\/02\/voz_chaco20210208-246x300.jpg 246w, https:\/\/www.diario5.com.ar\/wp-content\/uploads\/2021\/02\/voz_chaco20210208-400x487.jpg 400w, https:\/\/www.diario5.com.ar\/wp-content\/uploads\/2021\/02\/voz_chaco20210208-260x317.jpg 260w, https:\/\/www.diario5.com.ar\/wp-content\/uploads\/2021\/02\/voz_chaco20210208-160x195.jpg 160w\" sizes=\"(max-width: 750px) 100vw, 750px\" \/><\/p>\n<p>\n<img decoding=\"async\" loading=\"lazy\" class=\"alignnone size-full wp-image-623630\" src=\"https:\/\/www.diario5.com.ar\/wp-content\/uploads\/2021\/02\/ar_diario_madryn20210208.jpg\" width=\"750\" height=\"1015\" alt=\"Semana clave\" title=\"Semana clave\" srcset=\"https:\/\/www.diario5.com.ar\/wp-content\/uploads\/2021\/02\/ar_diario_madryn20210208.jpg 750w, https:\/\/www.diario5.com.ar\/wp-content\/uploads\/2021\/02\/ar_diario_madryn20210208-222x300.jpg 222w, https:\/\/www.diario5.com.ar\/wp-content\/uploads\/2021\/02\/ar_diario_madryn20210208-400x541.jpg 400w, https:\/\/www.diario5.com.ar\/wp-content\/uploads\/2021\/02\/ar_diario_madryn20210208-260x352.jpg 260w, https:\/\/www.diario5.com.ar\/wp-content\/uploads\/2021\/02\/ar_diario_madryn20210208-160x217.jpg 160w\" sizes=\"(max-width: 750px) 100vw, 750px\" \/><\/p>\n<p>\n<img decoding=\"async\" loading=\"lazy\" class=\"alignnone size-full wp-image-623631\" src=\"https:\/\/www.diario5.com.ar\/wp-content\/uploads\/2021\/02\/ar_chubut20210208.jpg\" width=\"750\" height=\"956\" alt=\"Semana clave\" title=\"Semana clave\" srcset=\"https:\/\/www.diario5.com.ar\/wp-content\/uploads\/2021\/02\/ar_chubut20210208.jpg 750w, https:\/\/www.diario5.com.ar\/wp-content\/uploads\/2021\/02\/ar_chubut20210208-235x300.jpg 235w, https:\/\/www.diario5.com.ar\/wp-content\/uploads\/2021\/02\/ar_chubut20210208-400x510.jpg 400w, https:\/\/www.diario5.com.ar\/wp-content\/uploads\/2021\/02\/ar_chubut20210208-260x331.jpg 260w, https:\/\/www.diario5.com.ar\/wp-content\/uploads\/2021\/02\/ar_chubut20210208-160x204.jpg 160w\" sizes=\"(max-width: 750px) 100vw, 750px\" \/><\/p>\n<p>\n<img decoding=\"async\" loading=\"lazy\" class=\"alignnone size-full wp-image-623632\" src=\"https:\/\/www.diario5.com.ar\/wp-content\/uploads\/2021\/02\/ar_epoca20210208.jpg\" width=\"750\" height=\"923\" alt=\"Semana clave\" title=\"Semana clave\" srcset=\"https:\/\/www.diario5.com.ar\/wp-content\/uploads\/2021\/02\/ar_epoca20210208.jpg 750w, https:\/\/www.diario5.com.ar\/wp-content\/uploads\/2021\/02\/ar_epoca20210208-244x300.jpg 244w, https:\/\/www.diario5.com.ar\/wp-content\/uploads\/2021\/02\/ar_epoca20210208-400x492.jpg 400w, https:\/\/www.diario5.com.ar\/wp-content\/uploads\/2021\/02\/ar_epoca20210208-260x320.jpg 260w, https:\/\/www.diario5.com.ar\/wp-content\/uploads\/2021\/02\/ar_epoca20210208-160x197.jpg 160w\" sizes=\"(max-width: 750px) 100vw, 750px\" \/><\/p>\n<p>\n<img decoding=\"async\" loading=\"lazy\" class=\"alignnone size-full wp-image-623633\" src=\"https:\/\/www.diario5.com.ar\/wp-content\/uploads\/2021\/02\/ar_litoral20210208.jpg\" width=\"750\" height=\"987\" alt=\"Semana clave\" title=\"Semana clave\" srcset=\"https:\/\/www.diario5.com.ar\/wp-content\/uploads\/2021\/02\/ar_litoral20210208.jpg 750w, https:\/\/www.diario5.com.ar\/wp-content\/uploads\/2021\/02\/ar_litoral20210208-228x300.jpg 228w, https:\/\/www.diario5.com.ar\/wp-content\/uploads\/2021\/02\/ar_litoral20210208-400x526.jpg 400w, https:\/\/www.diario5.com.ar\/wp-content\/uploads\/2021\/02\/ar_litoral20210208-260x342.jpg 260w, https:\/\/www.diario5.com.ar\/wp-content\/uploads\/2021\/02\/ar_litoral20210208-160x211.jpg 160w\" sizes=\"(max-width: 750px) 100vw, 750px\" \/><\/p>\n<p>\n<img decoding=\"async\" loading=\"lazy\" class=\"alignnone size-full wp-image-623634\" src=\"https:\/\/www.diario5.com.ar\/wp-content\/uploads\/2021\/02\/ar_arena20210208.jpg\" width=\"750\" height=\"1025\" alt=\"Semana clave\" title=\"Semana clave\" srcset=\"https:\/\/www.diario5.com.ar\/wp-content\/uploads\/2021\/02\/ar_arena20210208.jpg 750w, https:\/\/www.diario5.com.ar\/wp-content\/uploads\/2021\/02\/ar_arena20210208-220x300.jpg 220w, https:\/\/www.diario5.com.ar\/wp-content\/uploads\/2021\/02\/ar_arena20210208-400x547.jpg 400w, https:\/\/www.diario5.com.ar\/wp-content\/uploads\/2021\/02\/ar_arena20210208-260x355.jpg 260w, https:\/\/www.diario5.com.ar\/wp-content\/uploads\/2021\/02\/ar_arena20210208-160x219.jpg 160w\" sizes=\"(max-width: 750px) 100vw, 750px\" \/><\/p>\n<p>\n<img decoding=\"async\" loading=\"lazy\" class=\"alignnone size-large wp-image-623635\" src=\"https:\/\/www.diario5.com.ar\/wp-content\/uploads\/2021\/02\/independiente20210208-735x1024.jpg\" width=\"735\" height=\"1024\" alt=\"Semana clave\" title=\"Semana clave\" srcset=\"https:\/\/www.diario5.com.ar\/wp-content\/uploads\/2021\/02\/independiente20210208-735x1024.jpg 735w, https:\/\/www.diario5.com.ar\/wp-content\/uploads\/2021\/02\/independiente20210208-215x300.jpg 215w, https:\/\/www.diario5.com.ar\/wp-content\/uploads\/2021\/02\/independiente20210208-400x557.jpg 400w, https:\/\/www.diario5.com.ar\/wp-content\/uploads\/2021\/02\/independiente20210208-260x362.jpg 260w, https:\/\/www.diario5.com.ar\/wp-content\/uploads\/2021\/02\/independiente20210208-160x223.jpg 160w, https:\/\/www.diario5.com.ar\/wp-content\/uploads\/2021\/02\/independiente20210208.jpg 750w\" sizes=\"(max-width: 735px) 100vw, 735px\" \/><\/p>\n<p>\n<img decoding=\"async\" loading=\"lazy\" class=\"alignnone size-large wp-image-623636\" src=\"https:\/\/www.diario5.com.ar\/wp-content\/uploads\/2021\/02\/ar_losandes20210208-736x1024.jpg\" width=\"736\" height=\"1024\" alt=\"Semana clave\" title=\"Semana clave\" srcset=\"https:\/\/www.diario5.com.ar\/wp-content\/uploads\/2021\/02\/ar_losandes20210208-736x1024.jpg 736w, https:\/\/www.diario5.com.ar\/wp-content\/uploads\/2021\/02\/ar_losandes20210208-216x300.jpg 216w, https:\/\/www.diario5.com.ar\/wp-content\/uploads\/2021\/02\/ar_losandes20210208-400x557.jpg 400w, https:\/\/www.diario5.com.ar\/wp-content\/uploads\/2021\/02\/ar_losandes20210208-260x362.jpg 260w, https:\/\/www.diario5.com.ar\/wp-content\/uploads\/2021\/02\/ar_losandes20210208-160x223.jpg 160w, https:\/\/www.diario5.com.ar\/wp-content\/uploads\/2021\/02\/ar_losandes20210208.jpg 750w\" sizes=\"(max-width: 736px) 100vw, 736px\" \/><\/p>\n<p>\n<img decoding=\"async\" loading=\"lazy\" class=\"alignnone size-full wp-image-623637\" src=\"https:\/\/www.diario5.com.ar\/wp-content\/uploads\/2021\/02\/ar_litoral_sfe20210208.jpg\" width=\"750\" height=\"1001\" alt=\"Semana clave\" title=\"Semana clave\" srcset=\"https:\/\/www.diario5.com.ar\/wp-content\/uploads\/2021\/02\/ar_litoral_sfe20210208.jpg 750w, https:\/\/www.diario5.com.ar\/wp-content\/uploads\/2021\/02\/ar_litoral_sfe20210208-225x300.jpg 225w, https:\/\/www.diario5.com.ar\/wp-content\/uploads\/2021\/02\/ar_litoral_sfe20210208-400x534.jpg 400w, https:\/\/www.diario5.com.ar\/wp-content\/uploads\/2021\/02\/ar_litoral_sfe20210208-260x347.jpg 260w, https:\/\/www.diario5.com.ar\/wp-content\/uploads\/2021\/02\/ar_litoral_sfe20210208-160x214.jpg 160w\" sizes=\"(max-width: 750px) 100vw, 750px\" \/><\/p>\n<p>\n<img decoding=\"async\" loading=\"lazy\" class=\"alignnone size-full wp-image-623638\" src=\"https:\/\/www.diario5.com.ar\/wp-content\/uploads\/2021\/02\/ciudadano20210208.jpg\" width=\"750\" height=\"1004\" alt=\"Semana clave\" title=\"Semana clave\" srcset=\"https:\/\/www.diario5.com.ar\/wp-content\/uploads\/2021\/02\/ciudadano20210208.jpg 750w, https:\/\/www.diario5.com.ar\/wp-content\/uploads\/2021\/02\/ciudadano20210208-224x300.jpg 224w, https:\/\/www.diario5.com.ar\/wp-content\/uploads\/2021\/02\/ciudadano20210208-400x535.jpg 400w, https:\/\/www.diario5.com.ar\/wp-content\/uploads\/2021\/02\/ciudadano20210208-260x348.jpg 260w, https:\/\/www.diario5.com.ar\/wp-content\/uploads\/2021\/02\/ciudadano20210208-160x214.jpg 160w\" sizes=\"(max-width: 750px) 100vw, 750px\" \/><\/p>\n<p>\n<img decoding=\"async\" loading=\"lazy\" class=\"alignnone size-full wp-image-623639\" src=\"https:\/\/www.diario5.com.ar\/wp-content\/uploads\/2021\/02\/ar_mirador_provincial20210208.jpg\" width=\"750\" height=\"1000\" alt=\"Semana clave\" title=\"Semana clave\" srcset=\"https:\/\/www.diario5.com.ar\/wp-content\/uploads\/2021\/02\/ar_mirador_provincial20210208.jpg 750w, https:\/\/www.diario5.com.ar\/wp-content\/uploads\/2021\/02\/ar_mirador_provincial20210208-225x300.jpg 225w, https:\/\/www.diario5.com.ar\/wp-content\/uploads\/2021\/02\/ar_mirador_provincial20210208-400x533.jpg 400w, https:\/\/www.diario5.com.ar\/wp-content\/uploads\/2021\/02\/ar_mirador_provincial20210208-260x347.jpg 260w, https:\/\/www.diario5.com.ar\/wp-content\/uploads\/2021\/02\/ar_mirador_provincial20210208-160x213.jpg 160w\" sizes=\"(max-width: 750px) 100vw, 750px\" \/><\/p>\n<p>\n<img decoding=\"async\" loading=\"lazy\" class=\"alignnone size-large wp-image-623640\" src=\"https:\/\/www.diario5.com.ar\/wp-content\/uploads\/2021\/02\/ar_gaceta20210208-609x1024.jpg\" width=\"609\" height=\"1024\" alt=\"Semana clave\" title=\"Semana clave\" srcset=\"https:\/\/www.diario5.com.ar\/wp-content\/uploads\/2021\/02\/ar_gaceta20210208-609x1024.jpg 609w, https:\/\/www.diario5.com.ar\/wp-content\/uploads\/2021\/02\/ar_gaceta20210208-178x300.jpg 178w, https:\/\/www.diario5.com.ar\/wp-content\/uploads\/2021\/02\/ar_gaceta20210208-400x673.jpg 400w, https:\/\/www.diario5.com.ar\/wp-content\/uploads\/2021\/02\/ar_gaceta20210208-260x437.jpg 260w, https:\/\/www.diario5.com.ar\/wp-content\/uploads\/2021\/02\/ar_gaceta20210208-160x269.jpg 160w, https:\/\/www.diario5.com.ar\/wp-content\/uploads\/2021\/02\/ar_gaceta20210208.jpg 750w\" sizes=\"(max-width: 609px) 100vw, 609px\" \/><\/p>\n<p>\n<img decoding=\"async\" loading=\"lazy\" class=\"alignnone size-full wp-image-623641\" src=\"https:\/\/www.diario5.com.ar\/wp-content\/uploads\/2021\/02\/ar_cronica20210208.jpg\" width=\"750\" height=\"888\" alt=\"Semana clave\" title=\"Semana clave\" srcset=\"https:\/\/www.diario5.com.ar\/wp-content\/uploads\/2021\/02\/ar_cronica20210208.jpg 750w, https:\/\/www.diario5.com.ar\/wp-content\/uploads\/2021\/02\/ar_cronica20210208-253x300.jpg 253w, https:\/\/www.diario5.com.ar\/wp-content\/uploads\/2021\/02\/ar_cronica20210208-400x474.jpg 400w, https:\/\/www.diario5.com.ar\/wp-content\/uploads\/2021\/02\/ar_cronica20210208-260x308.jpg 260w, https:\/\/www.diario5.com.ar\/wp-content\/uploads\/2021\/02\/ar_cronica20210208-160x189.jpg 160w\" sizes=\"(max-width: 750px) 100vw, 750px\" \/><\/p>\n<p>\n<img decoding=\"async\" loading=\"lazy\" class=\"alignnone size-large wp-image-623642\" src=\"https:\/\/www.diario5.com.ar\/wp-content\/uploads\/2021\/02\/ar_clarin20210208-742x1024.jpg\" width=\"742\" height=\"1024\" alt=\"Semana clave\" title=\"Semana clave\" srcset=\"https:\/\/www.diario5.com.ar\/wp-content\/uploads\/2021\/02\/ar_clarin20210208-742x1024.jpg 742w, https:\/\/www.diario5.com.ar\/wp-content\/uploads\/2021\/02\/ar_clarin20210208-217x300.jpg 217w, https:\/\/www.diario5.com.ar\/wp-content\/uploads\/2021\/02\/ar_clarin20210208-400x552.jpg 400w, https:\/\/www.diario5.com.ar\/wp-content\/uploads\/2021\/02\/ar_clarin20210208-260x359.jpg 260w, https:\/\/www.diario5.com.ar\/wp-content\/uploads\/2021\/02\/ar_clarin20210208-160x221.jpg 160w, https:\/\/www.diario5.com.ar\/wp-content\/uploads\/2021\/02\/ar_clarin20210208.jpg 750w\" sizes=\"(max-width: 742px) 100vw, 742px\" \/><\/p>\n<p>\n<img decoding=\"async\" loading=\"lazy\" class=\"alignnone size-full wp-image-623643\" src=\"https:\/\/www.diario5.com.ar\/wp-content\/uploads\/2021\/02\/ar_pagina1220210208.jpg\" width=\"750\" height=\"946\" alt=\"Semana clave\" title=\"Semana clave\" srcset=\"https:\/\/www.diario5.com.ar\/wp-content\/uploads\/2021\/02\/ar_pagina1220210208.jpg 750w, https:\/\/www.diario5.com.ar\/wp-content\/uploads\/2021\/02\/ar_pagina1220210208-238x300.jpg 238w, https:\/\/www.diario5.com.ar\/wp-content\/uploads\/2021\/02\/ar_pagina1220210208-400x505.jpg 400w, https:\/\/www.diario5.com.ar\/wp-content\/uploads\/2021\/02\/ar_pagina1220210208-260x328.jpg 260w, https:\/\/www.diario5.com.ar\/wp-content\/uploads\/2021\/02\/ar_pagina1220210208-160x202.jpg 160w\" sizes=\"(max-width: 750px) 100vw, 750px\" \/><\/p>\n<p>","protected":false},"excerpt":{"rendered":"<p>El gobierno, la oposici\u00f3, los m\u00e9dicos que determinan las estrategias frente a la pandemia, la cantidad de vecunas que tendremos. la realidad del comienzo de las clases y cu\u00e1nto m\u00e1s es necesario discutir, antes de un acuerdo definitivo que abarque a toda la Argentin Todo es en esta segubnda semana de febrero. \u00bfm\u00e1s? Los giros [&hellip;]<\/p>","protected":false},"author":1,"featured_media":623623,"comment_status":"open","ping_status":"open","sticky":false,"template":"","format":"standard","meta":[],"categories":[1],"tags":[],"series":[],"_links":{"self":[{"href":"https:\/\/www.diario5.com.ar\/es\/wp-json\/wp\/v2\/posts\/623609"}],"collection":[{"href":"https:\/\/www.diario5.com.ar\/es\/wp-json\/wp\/v2\/posts"}],"about":[{"href":"https:\/\/www.diario5.com.ar\/es\/wp-json\/wp\/v2\/types\/post"}],"author":[{"embeddable":true,"href":"https:\/\/www.diario5.com.ar\/es\/wp-json\/wp\/v2\/users\/1"}],"replies":[{"embeddable":true,"href":"https:\/\/www.diario5.com.ar\/es\/wp-json\/wp\/v2\/comments?post=623609"}],"version-history":[{"count":5,"href":"https:\/\/www.diario5.com.ar\/es\/wp-json\/wp\/v2\/posts\/623609\/revisions"}],"predecessor-version":[{"id":623652,"href":"https:\/\/www.diario5.com.ar\/es\/wp-json\/wp\/v2\/posts\/623609\/revisions\/623652"}],"wp:featuredmedia":[{"embeddable":true,"href":"https:\/\/www.diario5.com.ar\/es\/wp-json\/wp\/v2\/media\/623623"}],"wp:attachment":[{"href":"https:\/\/www.diario5.com.ar\/es\/wp-json\/wp\/v2\/media?parent=623609"}],"wp:term":[{"taxonomy":"category","embeddable":true,"href":"https:\/\/www.diario5.com.ar\/es\/wp-json\/wp\/v2\/categories?post=623609"},{"taxonomy":"post_tag","embeddable":true,"href":"https:\/\/www.diario5.com.ar\/es\/wp-json\/wp\/v2\/tags?post=623609"},{"taxonomy":"series","embeddable":true,"href":"https:\/\/www.diario5.com.ar\/es\/wp-json\/wp\/v2\/series?post=623609"}],"curies":[{"name":"wp","href":"https:\/\/api.w.org\/{rel}","templated":true}]}}