{"id":623587,"date":"2021-02-07T07:37:46","date_gmt":"2021-02-07T10:37:46","guid":{"rendered":"https:\/\/www.diario5.com.ar\/?p=623587"},"modified":"2021-02-07T07:45:00","modified_gmt":"2021-02-07T10:45:00","slug":"se-espera-mas-del","status":"publish","type":"post","link":"https:\/\/www.diario5.com.ar\/es\/se-espera-mas-del\/","title":{"rendered":"Se espera m\u00e1s del acuerdo por el inicio de clases en CABA"},"content":{"rendered":"<h2 class=\"sub-title-primary\"><\/h2> <p>Los padres de los chicos que deben regresar a la escuela aspiran a encontrar una energ\u00eda m\u00e1s evidente en el gobierno porte\u00f1o y los gremios docentes en cuanto a c\u00f3mo toma cada parte el acuerdo para el regreso a clases. Y no es un capricho, ni un acto de histeria. Si se demostrara m\u00e1s entusiasmo, mejor se pondr\u00eda el clima pre-clases. Los convencidos siempre son cre\u00edbles. Lo dif\u00edcil es encontrarlos. <\/p>\n<p>En un pa\u00eds en el que cualquiera se llena la boca hablando de pasi\u00f3n y pasiones, bien vale un apasionamiento frente a las c\u00e1maras de TV y que el pueblo vea que la cosa va en serio, que hay ganas. \u00bfEst\u00e1n, o no, seguros de que va a haber un alto nivel de responsabilidad por parte de los profesionales, los asistentes, los padree y los funcionarios para comenzar las clases presenciales?<\/p>\n<p>Hubo arreglo pero nadie dice ni mu. es que durante la pandemia, muchos quedaron pagando, por hablar sin necesidad. Y es opini\u00f3n innegociable del autor que se trata de una especulaci\u00f3n moment\u00e1nea y no un aprendizaje capitalizable. Ya lo demostrar\u00e1n.<\/p>\n<p><img decoding=\"async\" loading=\"lazy\" class=\"alignnone size-full wp-image-623592\" src=\"https:\/\/www.diario5.com.ar\/wp-content\/uploads\/2021\/02\/ar_perfil20210207.jpg\" width=\"750\" height=\"987\" alt=\"Se espera m\u00e1s del acuerdo por el inicio de clases en CABA\" title=\"Se espera m\u00e1s del acuerdo por el inicio de clases en CABA\" srcset=\"https:\/\/www.diario5.com.ar\/wp-content\/uploads\/2021\/02\/ar_perfil20210207.jpg 750w, https:\/\/www.diario5.com.ar\/wp-content\/uploads\/2021\/02\/ar_perfil20210207-228x300.jpg 228w, https:\/\/www.diario5.com.ar\/wp-content\/uploads\/2021\/02\/ar_perfil20210207-400x526.jpg 400w, https:\/\/www.diario5.com.ar\/wp-content\/uploads\/2021\/02\/ar_perfil20210207-260x342.jpg 260w, https:\/\/www.diario5.com.ar\/wp-content\/uploads\/2021\/02\/ar_perfil20210207-160x211.jpg 160w\" sizes=\"(max-width: 750px) 100vw, 750px\" \/><\/p>\n<p>\n<img decoding=\"async\" src=\"https:\/\/diario5.com.ar\/reemplazos\/2021\/02\/07\/ar\/ar_laprensa.jpg\"><\/p>\n<p>\n<img decoding=\"async\" loading=\"lazy\" class=\"alignnone size-large wp-image-623593\" src=\"https:\/\/www.diario5.com.ar\/wp-content\/uploads\/2021\/02\/ar_eldia20210207-692x1024.jpg\" width=\"692\" height=\"1024\" alt=\"Se espera m\u00e1s del acuerdo por el inicio de clases en CABA\" title=\"Se espera m\u00e1s del acuerdo por el inicio de clases en CABA\" srcset=\"https:\/\/www.diario5.com.ar\/wp-content\/uploads\/2021\/02\/ar_eldia20210207-692x1024.jpg 692w, https:\/\/www.diario5.com.ar\/wp-content\/uploads\/2021\/02\/ar_eldia20210207-203x300.jpg 203w, https:\/\/www.diario5.com.ar\/wp-content\/uploads\/2021\/02\/ar_eldia20210207-400x592.jpg 400w, https:\/\/www.diario5.com.ar\/wp-content\/uploads\/2021\/02\/ar_eldia20210207-260x385.jpg 260w, https:\/\/www.diario5.com.ar\/wp-content\/uploads\/2021\/02\/ar_eldia20210207-160x237.jpg 160w, https:\/\/www.diario5.com.ar\/wp-content\/uploads\/2021\/02\/ar_eldia20210207.jpg 750w\" sizes=\"(max-width: 692px) 100vw, 692px\" \/><\/p>\n<p>\n<img decoding=\"async\" loading=\"lazy\" class=\"alignnone size-full wp-image-623594\" src=\"https:\/\/www.diario5.com.ar\/wp-content\/uploads\/2021\/02\/ar_hoy20210207.jpg\" width=\"750\" height=\"989\" alt=\"Se espera m\u00e1s del acuerdo por el inicio de clases en CABA\" title=\"Se espera m\u00e1s del acuerdo por el inicio de clases en CABA\" srcset=\"https:\/\/www.diario5.com.ar\/wp-content\/uploads\/2021\/02\/ar_hoy20210207.jpg 750w, https:\/\/www.diario5.com.ar\/wp-content\/uploads\/2021\/02\/ar_hoy20210207-228x300.jpg 228w, https:\/\/www.diario5.com.ar\/wp-content\/uploads\/2021\/02\/ar_hoy20210207-400x527.jpg 400w, https:\/\/www.diario5.com.ar\/wp-content\/uploads\/2021\/02\/ar_hoy20210207-260x343.jpg 260w, https:\/\/www.diario5.com.ar\/wp-content\/uploads\/2021\/02\/ar_hoy20210207-160x211.jpg 160w\" sizes=\"(max-width: 750px) 100vw, 750px\" \/><\/p>\n<p>\n<img decoding=\"async\" src=\"https:\/\/diario5.com.ar\/reemplazos\/2021\/02\/07\/ar\/ar_democracia.jpg\"><\/p>\n<p>\n<img decoding=\"async\" src=\"https:\/\/diario5.com.ar\/reemplazos\/2021\/02\/07\/ar\/ar_capital_rosario.jpg\"><\/p>\n<p>\n<img decoding=\"async\" src=\"https:\/\/diario5.com.ar\/reemplazos\/2021\/02\/07\/ar\/ar_nueva_provincia.jpg\"><\/p>\n<p>\n<img decoding=\"async\" loading=\"lazy\" class=\"alignnone size-full wp-image-623595\" src=\"https:\/\/www.diario5.com.ar\/wp-content\/uploads\/2021\/02\/ar_ancasti20210207.jpg\" width=\"750\" height=\"1013\" alt=\"Se espera m\u00e1s del acuerdo por el inicio de clases en CABA\" title=\"Se espera m\u00e1s del acuerdo por el inicio de clases en CABA\" srcset=\"https:\/\/www.diario5.com.ar\/wp-content\/uploads\/2021\/02\/ar_ancasti20210207.jpg 750w, https:\/\/www.diario5.com.ar\/wp-content\/uploads\/2021\/02\/ar_ancasti20210207-222x300.jpg 222w, https:\/\/www.diario5.com.ar\/wp-content\/uploads\/2021\/02\/ar_ancasti20210207-400x540.jpg 400w, https:\/\/www.diario5.com.ar\/wp-content\/uploads\/2021\/02\/ar_ancasti20210207-260x351.jpg 260w, https:\/\/www.diario5.com.ar\/wp-content\/uploads\/2021\/02\/ar_ancasti20210207-160x216.jpg 160w\" sizes=\"(max-width: 750px) 100vw, 750px\" \/><\/p>\n<p>\n<img decoding=\"async\" src=\"https:\/\/diario5.com.ar\/reemplazos\/2021\/02\/07\/ar\/esquiu.jpg\"><\/p>\n<p>\n<img decoding=\"async\" src=\"https:\/\/diario5.com.ar\/reemplazos\/2021\/02\/07\/ar\/ar_diario_norte.jpg\"><\/p>\n<p>\n<img decoding=\"async\" loading=\"lazy\" class=\"alignnone size-full wp-image-623596\" src=\"https:\/\/www.diario5.com.ar\/wp-content\/uploads\/2021\/02\/voz_chaco20210207.jpg\" width=\"750\" height=\"913\" alt=\"Se espera m\u00e1s del acuerdo por el inicio de clases en CABA\" title=\"Se espera m\u00e1s del acuerdo por el inicio de clases en CABA\" srcset=\"https:\/\/www.diario5.com.ar\/wp-content\/uploads\/2021\/02\/voz_chaco20210207.jpg 750w, https:\/\/www.diario5.com.ar\/wp-content\/uploads\/2021\/02\/voz_chaco20210207-246x300.jpg 246w, https:\/\/www.diario5.com.ar\/wp-content\/uploads\/2021\/02\/voz_chaco20210207-400x487.jpg 400w, https:\/\/www.diario5.com.ar\/wp-content\/uploads\/2021\/02\/voz_chaco20210207-260x317.jpg 260w, https:\/\/www.diario5.com.ar\/wp-content\/uploads\/2021\/02\/voz_chaco20210207-160x195.jpg 160w\" sizes=\"(max-width: 750px) 100vw, 750px\" \/><\/p>\n<p>\n<img decoding=\"async\" loading=\"lazy\" class=\"alignnone size-full wp-image-623597\" src=\"https:\/\/www.diario5.com.ar\/wp-content\/uploads\/2021\/02\/ar_diario_madryn20210207.jpg\" width=\"750\" height=\"1015\" alt=\"Se espera m\u00e1s del acuerdo por el inicio de clases en CABA\" title=\"Se espera m\u00e1s del acuerdo por el inicio de clases en CABA\" srcset=\"https:\/\/www.diario5.com.ar\/wp-content\/uploads\/2021\/02\/ar_diario_madryn20210207.jpg 750w, https:\/\/www.diario5.com.ar\/wp-content\/uploads\/2021\/02\/ar_diario_madryn20210207-222x300.jpg 222w, https:\/\/www.diario5.com.ar\/wp-content\/uploads\/2021\/02\/ar_diario_madryn20210207-400x541.jpg 400w, https:\/\/www.diario5.com.ar\/wp-content\/uploads\/2021\/02\/ar_diario_madryn20210207-260x352.jpg 260w, https:\/\/www.diario5.com.ar\/wp-content\/uploads\/2021\/02\/ar_diario_madryn20210207-160x217.jpg 160w\" sizes=\"(max-width: 750px) 100vw, 750px\" \/><\/p>\n<p>\n<img decoding=\"async\" loading=\"lazy\" class=\"alignnone size-full wp-image-623598\" src=\"https:\/\/www.diario5.com.ar\/wp-content\/uploads\/2021\/02\/ar_chubut20210207.jpg\" width=\"750\" height=\"964\" alt=\"Se espera m\u00e1s del acuerdo por el inicio de clases en CABA\" title=\"Se espera m\u00e1s del acuerdo por el inicio de clases en CABA\" srcset=\"https:\/\/www.diario5.com.ar\/wp-content\/uploads\/2021\/02\/ar_chubut20210207.jpg 750w, https:\/\/www.diario5.com.ar\/wp-content\/uploads\/2021\/02\/ar_chubut20210207-233x300.jpg 233w, https:\/\/www.diario5.com.ar\/wp-content\/uploads\/2021\/02\/ar_chubut20210207-400x514.jpg 400w, https:\/\/www.diario5.com.ar\/wp-content\/uploads\/2021\/02\/ar_chubut20210207-260x334.jpg 260w, https:\/\/www.diario5.com.ar\/wp-content\/uploads\/2021\/02\/ar_chubut20210207-160x206.jpg 160w\" sizes=\"(max-width: 750px) 100vw, 750px\" \/><\/p>\n<p>\n<img decoding=\"async\" loading=\"lazy\" class=\"alignnone size-full wp-image-623599\" src=\"https:\/\/www.diario5.com.ar\/wp-content\/uploads\/2021\/02\/ar_epoca20210207.jpg\" width=\"750\" height=\"923\" alt=\"Se espera m\u00e1s del acuerdo por el inicio de clases en CABA\" title=\"Se espera m\u00e1s del acuerdo por el inicio de clases en CABA\" srcset=\"https:\/\/www.diario5.com.ar\/wp-content\/uploads\/2021\/02\/ar_epoca20210207.jpg 750w, https:\/\/www.diario5.com.ar\/wp-content\/uploads\/2021\/02\/ar_epoca20210207-244x300.jpg 244w, https:\/\/www.diario5.com.ar\/wp-content\/uploads\/2021\/02\/ar_epoca20210207-400x492.jpg 400w, https:\/\/www.diario5.com.ar\/wp-content\/uploads\/2021\/02\/ar_epoca20210207-260x320.jpg 260w, https:\/\/www.diario5.com.ar\/wp-content\/uploads\/2021\/02\/ar_epoca20210207-160x197.jpg 160w\" sizes=\"(max-width: 750px) 100vw, 750px\" \/><\/p>\n<p>\n<img decoding=\"async\" loading=\"lazy\" class=\"alignnone size-full wp-image-623600\" src=\"https:\/\/www.diario5.com.ar\/wp-content\/uploads\/2021\/02\/ar_litoral20210207.jpg\" width=\"750\" height=\"987\" alt=\"Se espera m\u00e1s del acuerdo por el inicio de clases en CABA\" title=\"Se espera m\u00e1s del acuerdo por el inicio de clases en CABA\" srcset=\"https:\/\/www.diario5.com.ar\/wp-content\/uploads\/2021\/02\/ar_litoral20210207.jpg 750w, https:\/\/www.diario5.com.ar\/wp-content\/uploads\/2021\/02\/ar_litoral20210207-228x300.jpg 228w, https:\/\/www.diario5.com.ar\/wp-content\/uploads\/2021\/02\/ar_litoral20210207-400x526.jpg 400w, https:\/\/www.diario5.com.ar\/wp-content\/uploads\/2021\/02\/ar_litoral20210207-260x342.jpg 260w, https:\/\/www.diario5.com.ar\/wp-content\/uploads\/2021\/02\/ar_litoral20210207-160x211.jpg 160w\" sizes=\"(max-width: 750px) 100vw, 750px\" \/><\/p>\n<p>\n<img decoding=\"async\" src=\"https:\/\/diario5.com.ar\/reemplazos\/2021\/02\/07\/ar\/ar_heraldo.jpg\"><\/p>\n<p>\n<img decoding=\"async\" src=\"https:\/\/diario5.com.ar\/reemplazos\/2021\/02\/07\/ar\/ar_manana_formosa.jpg\"><\/p>\n<p>\n<img decoding=\"async\" src=\"https:\/\/diario5.com.ar\/reemplazos\/2021\/02\/07\/ar\/ar_diario_pampa.jpg\"><\/p>\n<p>\n<img decoding=\"async\" loading=\"lazy\" class=\"alignnone size-large wp-image-623601\" src=\"https:\/\/www.diario5.com.ar\/wp-content\/uploads\/2021\/02\/ar_arena20210207-741x1024.jpg\" width=\"741\" height=\"1024\" alt=\"Se espera m\u00e1s del acuerdo por el inicio de clases en CABA\" title=\"Se espera m\u00e1s del acuerdo por el inicio de clases en CABA\" srcset=\"https:\/\/www.diario5.com.ar\/wp-content\/uploads\/2021\/02\/ar_arena20210207-741x1024.jpg 741w, https:\/\/www.diario5.com.ar\/wp-content\/uploads\/2021\/02\/ar_arena20210207-217x300.jpg 217w, https:\/\/www.diario5.com.ar\/wp-content\/uploads\/2021\/02\/ar_arena20210207-400x553.jpg 400w, https:\/\/www.diario5.com.ar\/wp-content\/uploads\/2021\/02\/ar_arena20210207-260x359.jpg 260w, https:\/\/www.diario5.com.ar\/wp-content\/uploads\/2021\/02\/ar_arena20210207-160x221.jpg 160w, https:\/\/www.diario5.com.ar\/wp-content\/uploads\/2021\/02\/ar_arena20210207.jpg 749w\" sizes=\"(max-width: 741px) 100vw, 741px\" \/><\/p>\n<p>\n<img decoding=\"async\" loading=\"lazy\" class=\"alignnone size-large wp-image-623602\" src=\"https:\/\/www.diario5.com.ar\/wp-content\/uploads\/2021\/02\/independiente20210207-735x1024.jpg\" width=\"735\" height=\"1024\" alt=\"Se espera m\u00e1s del acuerdo por el inicio de clases en CABA\" title=\"Se espera m\u00e1s del acuerdo por el inicio de clases en CABA\" srcset=\"https:\/\/www.diario5.com.ar\/wp-content\/uploads\/2021\/02\/independiente20210207-735x1024.jpg 735w, https:\/\/www.diario5.com.ar\/wp-content\/uploads\/2021\/02\/independiente20210207-215x300.jpg 215w, https:\/\/www.diario5.com.ar\/wp-content\/uploads\/2021\/02\/independiente20210207-400x557.jpg 400w, https:\/\/www.diario5.com.ar\/wp-content\/uploads\/2021\/02\/independiente20210207-260x362.jpg 260w, https:\/\/www.diario5.com.ar\/wp-content\/uploads\/2021\/02\/independiente20210207-160x223.jpg 160w, https:\/\/www.diario5.com.ar\/wp-content\/uploads\/2021\/02\/independiente20210207.jpg 750w\" sizes=\"(max-width: 735px) 100vw, 735px\" \/><\/p>\n<p>\n<img decoding=\"async\" loading=\"lazy\" class=\"alignnone size-large wp-image-623603\" src=\"https:\/\/www.diario5.com.ar\/wp-content\/uploads\/2021\/02\/ar_losandes20210207-731x1024.jpg\" width=\"731\" height=\"1024\" alt=\"Se espera m\u00e1s del acuerdo por el inicio de clases en CABA\" title=\"Se espera m\u00e1s del acuerdo por el inicio de clases en CABA\" srcset=\"https:\/\/www.diario5.com.ar\/wp-content\/uploads\/2021\/02\/ar_losandes20210207-731x1024.jpg 731w, https:\/\/www.diario5.com.ar\/wp-content\/uploads\/2021\/02\/ar_losandes20210207-214x300.jpg 214w, https:\/\/www.diario5.com.ar\/wp-content\/uploads\/2021\/02\/ar_losandes20210207-400x560.jpg 400w, https:\/\/www.diario5.com.ar\/wp-content\/uploads\/2021\/02\/ar_losandes20210207-260x364.jpg 260w, https:\/\/www.diario5.com.ar\/wp-content\/uploads\/2021\/02\/ar_losandes20210207-160x224.jpg 160w, https:\/\/www.diario5.com.ar\/wp-content\/uploads\/2021\/02\/ar_losandes20210207.jpg 750w\" sizes=\"(max-width: 731px) 100vw, 731px\" \/><\/p>\n<p>\n<img decoding=\"async\" src=\"https:\/\/diario5.com.ar\/reemplazos\/2021\/02\/07\/ar\/ar_tribuno.jpg\"><\/p>\n<p>\n<img decoding=\"async\" src=\"https:\/\/diario5.com.ar\/reemplazos\/2021\/02\/07\/ar\/ar_rio_negro.jpg\"><\/p>\n<p>\n<img decoding=\"async\" src=\"https:\/\/diario5.com.ar\/reemplazos\/2021\/02\/07\/ar\/ar_diario_cuyo.jpg\"><\/p>\n<p>\n<img decoding=\"async\" src=\"https:\/\/diario5.com.ar\/reemplazos\/2021\/02\/07\/ar\/ar_litoral_sfe.jpg\"><\/p>\n<p>\n<img decoding=\"async\" src=\"https:\/\/diario5.com.ar\/reemplazos\/2021\/02\/07\/ar\/ciudadano.jpg\"><\/p>\n<p>\n<img decoding=\"async\" src=\"https:\/\/diario5.com.ar\/reemplazos\/2021\/02\/07\/ar\/ar_mirador_provincial.jpg\"><\/p>\n<p>\n<img decoding=\"async\" loading=\"lazy\" class=\"alignnone size-large wp-image-623604\" src=\"https:\/\/www.diario5.com.ar\/wp-content\/uploads\/2021\/02\/ar_gaceta20210207-618x1024.jpg\" width=\"618\" height=\"1024\" alt=\"Se espera m\u00e1s del acuerdo por el inicio de clases en CABA\" title=\"Se espera m\u00e1s del acuerdo por el inicio de clases en CABA\" srcset=\"https:\/\/www.diario5.com.ar\/wp-content\/uploads\/2021\/02\/ar_gaceta20210207-618x1024.jpg 618w, https:\/\/www.diario5.com.ar\/wp-content\/uploads\/2021\/02\/ar_gaceta20210207-181x300.jpg 181w, https:\/\/www.diario5.com.ar\/wp-content\/uploads\/2021\/02\/ar_gaceta20210207-400x663.jpg 400w, https:\/\/www.diario5.com.ar\/wp-content\/uploads\/2021\/02\/ar_gaceta20210207-260x431.jpg 260w, https:\/\/www.diario5.com.ar\/wp-content\/uploads\/2021\/02\/ar_gaceta20210207-160x265.jpg 160w, https:\/\/www.diario5.com.ar\/wp-content\/uploads\/2021\/02\/ar_gaceta20210207.jpg 750w\" sizes=\"(max-width: 618px) 100vw, 618px\" \/><\/p>\n<p><img decoding=\"async\" loading=\"lazy\" class=\"alignnone size-full wp-image-623605\" src=\"https:\/\/www.diario5.com.ar\/wp-content\/uploads\/2021\/02\/ar_pagina1220210207.jpg\" width=\"750\" height=\"964\" alt=\"Se espera m\u00e1s del acuerdo por el inicio de clases en CABA\" title=\"Se espera m\u00e1s del acuerdo por el inicio de clases en CABA\" srcset=\"https:\/\/www.diario5.com.ar\/wp-content\/uploads\/2021\/02\/ar_pagina1220210207.jpg 750w, https:\/\/www.diario5.com.ar\/wp-content\/uploads\/2021\/02\/ar_pagina1220210207-233x300.jpg 233w, https:\/\/www.diario5.com.ar\/wp-content\/uploads\/2021\/02\/ar_pagina1220210207-400x514.jpg 400w, https:\/\/www.diario5.com.ar\/wp-content\/uploads\/2021\/02\/ar_pagina1220210207-260x334.jpg 260w, https:\/\/www.diario5.com.ar\/wp-content\/uploads\/2021\/02\/ar_pagina1220210207-160x206.jpg 160w\" sizes=\"(max-width: 750px) 100vw, 750px\" \/><\/p>\n<p>\n<img decoding=\"async\" src=\"https:\/\/diario5.com.ar\/reemplazos\/2021\/02\/07\/ar\/ar_cronica.jpg\"><\/p>\n<p> <img decoding=\"async\" src=\"https:\/\/diario5.com.ar\/imgtapas\/\/\/ar\/nacion.jpg\"><\/p>\n<p>","protected":false},"excerpt":{"rendered":"<p>Los padres de los chicos que deben regresar a la escuela aspiran a encontrar una energ\u00eda m\u00e1s evidente en el gobierno porte\u00f1o y los gremios docentes en cuanto a c\u00f3mo toma cada parte el acuerdo para el regreso a clases. Y no es un capricho, ni un acto de histeria. Si se demostrara m\u00e1s entusiasmo, [&hellip;]<\/p>","protected":false},"author":1,"featured_media":623592,"comment_status":"open","ping_status":"open","sticky":false,"template":"","format":"standard","meta":[],"categories":[1],"tags":[],"series":[],"_links":{"self":[{"href":"https:\/\/www.diario5.com.ar\/es\/wp-json\/wp\/v2\/posts\/623587"}],"collection":[{"href":"https:\/\/www.diario5.com.ar\/es\/wp-json\/wp\/v2\/posts"}],"about":[{"href":"https:\/\/www.diario5.com.ar\/es\/wp-json\/wp\/v2\/types\/post"}],"author":[{"embeddable":true,"href":"https:\/\/www.diario5.com.ar\/es\/wp-json\/wp\/v2\/users\/1"}],"replies":[{"embeddable":true,"href":"https:\/\/www.diario5.com.ar\/es\/wp-json\/wp\/v2\/comments?post=623587"}],"version-history":[{"count":3,"href":"https:\/\/www.diario5.com.ar\/es\/wp-json\/wp\/v2\/posts\/623587\/revisions"}],"predecessor-version":[{"id":623590,"href":"https:\/\/www.diario5.com.ar\/es\/wp-json\/wp\/v2\/posts\/623587\/revisions\/623590"}],"wp:featuredmedia":[{"embeddable":true,"href":"https:\/\/www.diario5.com.ar\/es\/wp-json\/wp\/v2\/media\/623592"}],"wp:attachment":[{"href":"https:\/\/www.diario5.com.ar\/es\/wp-json\/wp\/v2\/media?parent=623587"}],"wp:term":[{"taxonomy":"category","embeddable":true,"href":"https:\/\/www.diario5.com.ar\/es\/wp-json\/wp\/v2\/categories?post=623587"},{"taxonomy":"post_tag","embeddable":true,"href":"https:\/\/www.diario5.com.ar\/es\/wp-json\/wp\/v2\/tags?post=623587"},{"taxonomy":"series","embeddable":true,"href":"https:\/\/www.diario5.com.ar\/es\/wp-json\/wp\/v2\/series?post=623587"}],"curies":[{"name":"wp","href":"https:\/\/api.w.org\/{rel}","templated":true}]}}