{"id":622112,"date":"2021-01-27T07:33:09","date_gmt":"2021-01-27T10:33:09","guid":{"rendered":"https:\/\/www.diario5.com.ar\/?p=622112"},"modified":"2021-01-27T07:35:58","modified_gmt":"2021-01-27T10:35:58","slug":"el-problema-de-la-extension-de-las-licencias-de-conducir","status":"publish","type":"post","link":"https:\/\/www.diario5.com.ar\/es\/el-problema-de-la-extension-de-las-licencias-de-conducir\/","title":{"rendered":"El problema de la extensi\u00f3n de las Licencias de Conducir"},"content":{"rendered":"<h2 class=\"sub-title-primary\"><\/h2> <p>Extienden por dos a\u00f1os la vigencia de las licencias de conducir. Si venc\u00edan entre el 15 de febrero de 2020 y el 31 de diciembre de 2021, valen por dos a\u00f1os m\u00e1s. Es en la Ciudad de Buenos Aires. la fecha de expedici\u00f3n original debe ser anterior al 17 de marzo de 2020. <\/p>\n<p>Se extienden los plazos desde el d\u00eda siguiente al del vencimiento que figura en \u00abel registro\u00bb (vieja denominaci\u00f3n para as licencias). Esto significa que, por ejemplo, si la licencia venc\u00eda el 18 de agosto de 2020, ser\u00e1 v\u00e1lida hasta el 18 de agosto de 2022.<\/p>\n<p>\u00bfCu\u00e1l es el problema?<\/p>\n<p>En que estamos incurriendo en una contradicci\u00f3n irresponsable con las personas que deb\u00edan renovar su licencia a\u00f1os tras a\u00f1os por  mostrar evidencias de problemas oftalmol\u00f3gicos. <\/p>\n<p>La Argentina no para de demostrar que cada vez le importa menos ser un pa\u00eds serio. \u00bfcu\u00e1l es el porcentaje de probabilidades de que se pueda producir un accidente por obra y gracia de que un se\u00f1or que conduc\u00eda un veh\u00edculo no alcanz\u00f3 a ver algo que le indicaba el avecinamiento de un choque? La respuesta es que se desconoce con exactitud, pero seguramente es baja. Como es baja, es pol\u00edticamente aceptable, por lo tanto se deja pasar.<\/p>\n<p>Lo l\u00f3gico, a partir de 2022<\/p>\n<p>El preendente que sienta esta medida ser\u00e1 que, de aqu\u00ed en m\u00e1s NO DEBER\u00cdA SER NECESARIO EL CONTROL DE NIVEL DE VISI\u00d3N DE LOS CONDUCTORES.<\/p>\n<p>Un delirio.<\/p>\n<p><img decoding=\"async\" src=\"https:\/\/diario5.com.ar\/reemplazos\/2021\/01\/27\/ar\/ar_laprensa.jpg\"><\/p>\n<p>\n<img decoding=\"async\" loading=\"lazy\" class=\"alignnone size-full wp-image-622180\" src=\"https:\/\/www.diario5.com.ar\/wp-content\/uploads\/2021\/01\/ar_pagina1220210127.jpg\" width=\"750\" height=\"943\" alt=\"El problema de la extensi\u00f3n de las Licencias de Conducir\" title=\"El problema de la extensi\u00f3n de las Licencias de Conducir\" srcset=\"https:\/\/www.diario5.com.ar\/wp-content\/uploads\/2021\/01\/ar_pagina1220210127.jpg 750w, https:\/\/www.diario5.com.ar\/wp-content\/uploads\/2021\/01\/ar_pagina1220210127-239x300.jpg 239w, https:\/\/www.diario5.com.ar\/wp-content\/uploads\/2021\/01\/ar_pagina1220210127-400x503.jpg 400w, https:\/\/www.diario5.com.ar\/wp-content\/uploads\/2021\/01\/ar_pagina1220210127-260x327.jpg 260w, https:\/\/www.diario5.com.ar\/wp-content\/uploads\/2021\/01\/ar_pagina1220210127-160x201.jpg 160w\" sizes=\"(max-width: 750px) 100vw, 750px\" \/><\/p>\n<p>\n<img decoding=\"async\" loading=\"lazy\" class=\"alignnone size-full wp-image-622181\" src=\"https:\/\/www.diario5.com.ar\/wp-content\/uploads\/2021\/01\/ar_cronista20210127.jpg\" width=\"750\" height=\"1016\" alt=\"El problema de la extensi\u00f3n de las Licencias de Conducir\" title=\"El problema de la extensi\u00f3n de las Licencias de Conducir\" srcset=\"https:\/\/www.diario5.com.ar\/wp-content\/uploads\/2021\/01\/ar_cronista20210127.jpg 750w, https:\/\/www.diario5.com.ar\/wp-content\/uploads\/2021\/01\/ar_cronista20210127-221x300.jpg 221w, https:\/\/www.diario5.com.ar\/wp-content\/uploads\/2021\/01\/ar_cronista20210127-400x542.jpg 400w, https:\/\/www.diario5.com.ar\/wp-content\/uploads\/2021\/01\/ar_cronista20210127-260x352.jpg 260w, https:\/\/www.diario5.com.ar\/wp-content\/uploads\/2021\/01\/ar_cronista20210127-160x217.jpg 160w\" sizes=\"(max-width: 750px) 100vw, 750px\" \/><\/p>\n<p>\n<img decoding=\"async\" loading=\"lazy\" class=\"alignnone size-full wp-image-622182\" src=\"https:\/\/www.diario5.com.ar\/wp-content\/uploads\/2021\/01\/ar_cronica20210127.jpg\" width=\"750\" height=\"872\" alt=\"El problema de la extensi\u00f3n de las Licencias de Conducir\" title=\"El problema de la extensi\u00f3n de las Licencias de Conducir\" srcset=\"https:\/\/www.diario5.com.ar\/wp-content\/uploads\/2021\/01\/ar_cronica20210127.jpg 750w, https:\/\/www.diario5.com.ar\/wp-content\/uploads\/2021\/01\/ar_cronica20210127-258x300.jpg 258w, https:\/\/www.diario5.com.ar\/wp-content\/uploads\/2021\/01\/ar_cronica20210127-400x465.jpg 400w, https:\/\/www.diario5.com.ar\/wp-content\/uploads\/2021\/01\/ar_cronica20210127-260x302.jpg 260w, https:\/\/www.diario5.com.ar\/wp-content\/uploads\/2021\/01\/ar_cronica20210127-160x186.jpg 160w\" sizes=\"(max-width: 750px) 100vw, 750px\" \/><\/p>\n<p>\n<img decoding=\"async\" loading=\"lazy\" class=\"alignnone size-full wp-image-622183\" src=\"https:\/\/www.diario5.com.ar\/wp-content\/uploads\/2021\/01\/buenosaires_economico20210127.jpg\" width=\"750\" height=\"871\" alt=\"El problema de la extensi\u00f3n de las Licencias de Conducir\" title=\"El problema de la extensi\u00f3n de las Licencias de Conducir\" srcset=\"https:\/\/www.diario5.com.ar\/wp-content\/uploads\/2021\/01\/buenosaires_economico20210127.jpg 750w, https:\/\/www.diario5.com.ar\/wp-content\/uploads\/2021\/01\/buenosaires_economico20210127-258x300.jpg 258w, https:\/\/www.diario5.com.ar\/wp-content\/uploads\/2021\/01\/buenosaires_economico20210127-400x465.jpg 400w, https:\/\/www.diario5.com.ar\/wp-content\/uploads\/2021\/01\/buenosaires_economico20210127-260x302.jpg 260w, https:\/\/www.diario5.com.ar\/wp-content\/uploads\/2021\/01\/buenosaires_economico20210127-160x186.jpg 160w\" sizes=\"(max-width: 750px) 100vw, 750px\" \/><\/p>\n<p>\n<img decoding=\"async\" src=\"https:\/\/diario5.com.ar\/reemplazos\/2021\/01\/27\/ar\/ar_perfil.jpg\"><\/p>\n<p>\n<img decoding=\"async\" loading=\"lazy\" class=\"alignnone size-large wp-image-622184\" src=\"https:\/\/www.diario5.com.ar\/wp-content\/uploads\/2021\/01\/ar_eldia20210127-686x1024.jpg\" width=\"686\" height=\"1024\" alt=\"El problema de la extensi\u00f3n de las Licencias de Conducir\" title=\"El problema de la extensi\u00f3n de las Licencias de Conducir\" srcset=\"https:\/\/www.diario5.com.ar\/wp-content\/uploads\/2021\/01\/ar_eldia20210127-686x1024.jpg 686w, https:\/\/www.diario5.com.ar\/wp-content\/uploads\/2021\/01\/ar_eldia20210127-201x300.jpg 201w, https:\/\/www.diario5.com.ar\/wp-content\/uploads\/2021\/01\/ar_eldia20210127-400x597.jpg 400w, https:\/\/www.diario5.com.ar\/wp-content\/uploads\/2021\/01\/ar_eldia20210127-260x388.jpg 260w, https:\/\/www.diario5.com.ar\/wp-content\/uploads\/2021\/01\/ar_eldia20210127-160x239.jpg 160w, https:\/\/www.diario5.com.ar\/wp-content\/uploads\/2021\/01\/ar_eldia20210127.jpg 750w\" sizes=\"(max-width: 686px) 100vw, 686px\" \/><\/p>\n<p>\n<img decoding=\"async\" loading=\"lazy\" class=\"alignnone size-full wp-image-622185\" src=\"https:\/\/www.diario5.com.ar\/wp-content\/uploads\/2021\/01\/ar_hoy20210127.jpg\" width=\"750\" height=\"989\" alt=\"El problema de la extensi\u00f3n de las Licencias de Conducir\" title=\"El problema de la extensi\u00f3n de las Licencias de Conducir\" srcset=\"https:\/\/www.diario5.com.ar\/wp-content\/uploads\/2021\/01\/ar_hoy20210127.jpg 750w, https:\/\/www.diario5.com.ar\/wp-content\/uploads\/2021\/01\/ar_hoy20210127-228x300.jpg 228w, https:\/\/www.diario5.com.ar\/wp-content\/uploads\/2021\/01\/ar_hoy20210127-400x527.jpg 400w, https:\/\/www.diario5.com.ar\/wp-content\/uploads\/2021\/01\/ar_hoy20210127-260x343.jpg 260w, https:\/\/www.diario5.com.ar\/wp-content\/uploads\/2021\/01\/ar_hoy20210127-160x211.jpg 160w\" sizes=\"(max-width: 750px) 100vw, 750px\" \/><\/p>\n<p>\n<img decoding=\"async\" src=\"https:\/\/diario5.com.ar\/reemplazos\/2021\/01\/27\/ar\/ar_democracia.jpg\"><\/p>\n<p>\n<img decoding=\"async\" src=\"https:\/\/diario5.com.ar\/reemplazos\/2021\/01\/27\/ar\/ar_capital_rosario.jpg\"><\/p>\n<p>\n<img decoding=\"async\" src=\"https:\/\/diario5.com.ar\/reemplazos\/2021\/01\/27\/ar\/ar_nueva_provincia.jpg\"><\/p>\n<p>\n<img decoding=\"async\" loading=\"lazy\" class=\"alignnone size-full wp-image-622186\" src=\"https:\/\/www.diario5.com.ar\/wp-content\/uploads\/2021\/01\/ar_ancasti20210127.jpg\" width=\"750\" height=\"1010\" alt=\"El problema de la extensi\u00f3n de las Licencias de Conducir\" title=\"El problema de la extensi\u00f3n de las Licencias de Conducir\" srcset=\"https:\/\/www.diario5.com.ar\/wp-content\/uploads\/2021\/01\/ar_ancasti20210127.jpg 750w, https:\/\/www.diario5.com.ar\/wp-content\/uploads\/2021\/01\/ar_ancasti20210127-223x300.jpg 223w, https:\/\/www.diario5.com.ar\/wp-content\/uploads\/2021\/01\/ar_ancasti20210127-400x539.jpg 400w, https:\/\/www.diario5.com.ar\/wp-content\/uploads\/2021\/01\/ar_ancasti20210127-260x350.jpg 260w, https:\/\/www.diario5.com.ar\/wp-content\/uploads\/2021\/01\/ar_ancasti20210127-160x215.jpg 160w\" sizes=\"(max-width: 750px) 100vw, 750px\" \/><\/p>\n<p>\n<img decoding=\"async\" src=\"https:\/\/diario5.com.ar\/reemplazos\/2021\/01\/27\/ar\/esquiu.jpg\"><\/p>\n<p>\n<img decoding=\"async\" src=\"https:\/\/diario5.com.ar\/reemplazos\/2021\/01\/27\/ar\/ar_diario_norte.jpg\"><\/p>\n<p>\n<img decoding=\"async\" loading=\"lazy\" class=\"alignnone size-full wp-image-622187\" src=\"https:\/\/www.diario5.com.ar\/wp-content\/uploads\/2021\/01\/voz_chaco20210127.jpg\" width=\"750\" height=\"913\" alt=\"El problema de la extensi\u00f3n de las Licencias de Conducir\" title=\"El problema de la extensi\u00f3n de las Licencias de Conducir\" srcset=\"https:\/\/www.diario5.com.ar\/wp-content\/uploads\/2021\/01\/voz_chaco20210127.jpg 750w, https:\/\/www.diario5.com.ar\/wp-content\/uploads\/2021\/01\/voz_chaco20210127-246x300.jpg 246w, https:\/\/www.diario5.com.ar\/wp-content\/uploads\/2021\/01\/voz_chaco20210127-400x487.jpg 400w, https:\/\/www.diario5.com.ar\/wp-content\/uploads\/2021\/01\/voz_chaco20210127-260x317.jpg 260w, https:\/\/www.diario5.com.ar\/wp-content\/uploads\/2021\/01\/voz_chaco20210127-160x195.jpg 160w\" sizes=\"(max-width: 750px) 100vw, 750px\" \/><\/p>\n<p>\n<img decoding=\"async\" src=\"https:\/\/diario5.com.ar\/reemplazos\/2021\/01\/27\/ar\/ar_diario_madryn.jpg\"><\/p>\n<p>\n<img decoding=\"async\" loading=\"lazy\" class=\"alignnone size-full wp-image-622188\" src=\"https:\/\/www.diario5.com.ar\/wp-content\/uploads\/2021\/01\/ar_chubut20210127.jpg\" width=\"750\" height=\"946\" alt=\"El problema de la extensi\u00f3n de las Licencias de Conducir\" title=\"El problema de la extensi\u00f3n de las Licencias de Conducir\" srcset=\"https:\/\/www.diario5.com.ar\/wp-content\/uploads\/2021\/01\/ar_chubut20210127.jpg 750w, https:\/\/www.diario5.com.ar\/wp-content\/uploads\/2021\/01\/ar_chubut20210127-238x300.jpg 238w, https:\/\/www.diario5.com.ar\/wp-content\/uploads\/2021\/01\/ar_chubut20210127-400x505.jpg 400w, https:\/\/www.diario5.com.ar\/wp-content\/uploads\/2021\/01\/ar_chubut20210127-260x328.jpg 260w, https:\/\/www.diario5.com.ar\/wp-content\/uploads\/2021\/01\/ar_chubut20210127-160x202.jpg 160w\" sizes=\"(max-width: 750px) 100vw, 750px\" \/><\/p>\n<p>\n<img decoding=\"async\" src=\"https:\/\/diario5.com.ar\/reemplazos\/2021\/01\/27\/ar\/ar_epoca.jpg\"><\/p>\n<p>\n<img decoding=\"async\" loading=\"lazy\" class=\"alignnone size-full wp-image-622189\" src=\"https:\/\/www.diario5.com.ar\/wp-content\/uploads\/2021\/01\/ar_litoral20210127.jpg\" width=\"750\" height=\"983\" alt=\"El problema de la extensi\u00f3n de las Licencias de Conducir\" title=\"El problema de la extensi\u00f3n de las Licencias de Conducir\" srcset=\"https:\/\/www.diario5.com.ar\/wp-content\/uploads\/2021\/01\/ar_litoral20210127.jpg 750w, https:\/\/www.diario5.com.ar\/wp-content\/uploads\/2021\/01\/ar_litoral20210127-229x300.jpg 229w, https:\/\/www.diario5.com.ar\/wp-content\/uploads\/2021\/01\/ar_litoral20210127-400x524.jpg 400w, https:\/\/www.diario5.com.ar\/wp-content\/uploads\/2021\/01\/ar_litoral20210127-260x341.jpg 260w, https:\/\/www.diario5.com.ar\/wp-content\/uploads\/2021\/01\/ar_litoral20210127-160x210.jpg 160w\" sizes=\"(max-width: 750px) 100vw, 750px\" \/><\/p>\n<p>\n<img decoding=\"async\" src=\"https:\/\/diario5.com.ar\/reemplazos\/2021\/01\/27\/ar\/ar_heraldo.jpg\"><\/p>\n<p>\n<img decoding=\"async\" src=\"https:\/\/diario5.com.ar\/reemplazos\/2021\/01\/27\/ar\/ar_manana_formosa.jpg\"><\/p>\n<p>\n<img decoding=\"async\" loading=\"lazy\" class=\"alignnone size-full wp-image-622190\" src=\"https:\/\/www.diario5.com.ar\/wp-content\/uploads\/2021\/01\/ar_diario_pampa20210127.jpg\" width=\"750\" height=\"1000\" alt=\"El problema de la extensi\u00f3n de las Licencias de Conducir\" title=\"El problema de la extensi\u00f3n de las Licencias de Conducir\" srcset=\"https:\/\/www.diario5.com.ar\/wp-content\/uploads\/2021\/01\/ar_diario_pampa20210127.jpg 750w, https:\/\/www.diario5.com.ar\/wp-content\/uploads\/2021\/01\/ar_diario_pampa20210127-225x300.jpg 225w, https:\/\/www.diario5.com.ar\/wp-content\/uploads\/2021\/01\/ar_diario_pampa20210127-400x533.jpg 400w, https:\/\/www.diario5.com.ar\/wp-content\/uploads\/2021\/01\/ar_diario_pampa20210127-260x347.jpg 260w, https:\/\/www.diario5.com.ar\/wp-content\/uploads\/2021\/01\/ar_diario_pampa20210127-160x213.jpg 160w\" sizes=\"(max-width: 750px) 100vw, 750px\" \/><\/p>\n<p>\n<img decoding=\"async\" loading=\"lazy\" class=\"alignnone size-large wp-image-622191\" src=\"https:\/\/www.diario5.com.ar\/wp-content\/uploads\/2021\/01\/ar_arena20210127-742x1024.jpg\" width=\"742\" height=\"1024\" alt=\"El problema de la extensi\u00f3n de las Licencias de Conducir\" title=\"El problema de la extensi\u00f3n de las Licencias de Conducir\" srcset=\"https:\/\/www.diario5.com.ar\/wp-content\/uploads\/2021\/01\/ar_arena20210127-742x1024.jpg 742w, https:\/\/www.diario5.com.ar\/wp-content\/uploads\/2021\/01\/ar_arena20210127-217x300.jpg 217w, https:\/\/www.diario5.com.ar\/wp-content\/uploads\/2021\/01\/ar_arena20210127-400x552.jpg 400w, https:\/\/www.diario5.com.ar\/wp-content\/uploads\/2021\/01\/ar_arena20210127-260x359.jpg 260w, https:\/\/www.diario5.com.ar\/wp-content\/uploads\/2021\/01\/ar_arena20210127-160x221.jpg 160w, https:\/\/www.diario5.com.ar\/wp-content\/uploads\/2021\/01\/ar_arena20210127.jpg 750w\" sizes=\"(max-width: 742px) 100vw, 742px\" \/><\/p>\n<p>\n<img decoding=\"async\" loading=\"lazy\" class=\"alignnone size-large wp-image-622192\" src=\"https:\/\/www.diario5.com.ar\/wp-content\/uploads\/2021\/01\/independiente20210127-717x1024.jpg\" width=\"717\" height=\"1024\" alt=\"El problema de la extensi\u00f3n de las Licencias de Conducir\" title=\"El problema de la extensi\u00f3n de las Licencias de Conducir\" srcset=\"https:\/\/www.diario5.com.ar\/wp-content\/uploads\/2021\/01\/independiente20210127-717x1024.jpg 717w, https:\/\/www.diario5.com.ar\/wp-content\/uploads\/2021\/01\/independiente20210127-210x300.jpg 210w, https:\/\/www.diario5.com.ar\/wp-content\/uploads\/2021\/01\/independiente20210127-400x571.jpg 400w, https:\/\/www.diario5.com.ar\/wp-content\/uploads\/2021\/01\/independiente20210127-260x371.jpg 260w, https:\/\/www.diario5.com.ar\/wp-content\/uploads\/2021\/01\/independiente20210127-160x229.jpg 160w, https:\/\/www.diario5.com.ar\/wp-content\/uploads\/2021\/01\/independiente20210127.jpg 749w\" sizes=\"(max-width: 717px) 100vw, 717px\" \/><\/p>\n<p>\n<img decoding=\"async\" loading=\"lazy\" class=\"alignnone size-large wp-image-622193\" src=\"https:\/\/www.diario5.com.ar\/wp-content\/uploads\/2021\/01\/ar_losandes20210127-731x1024.jpg\" width=\"731\" height=\"1024\" alt=\"El problema de la extensi\u00f3n de las Licencias de Conducir\" title=\"El problema de la extensi\u00f3n de las Licencias de Conducir\" srcset=\"https:\/\/www.diario5.com.ar\/wp-content\/uploads\/2021\/01\/ar_losandes20210127-731x1024.jpg 731w, https:\/\/www.diario5.com.ar\/wp-content\/uploads\/2021\/01\/ar_losandes20210127-214x300.jpg 214w, https:\/\/www.diario5.com.ar\/wp-content\/uploads\/2021\/01\/ar_losandes20210127-400x560.jpg 400w, https:\/\/www.diario5.com.ar\/wp-content\/uploads\/2021\/01\/ar_losandes20210127-260x364.jpg 260w, https:\/\/www.diario5.com.ar\/wp-content\/uploads\/2021\/01\/ar_losandes20210127-160x224.jpg 160w, https:\/\/www.diario5.com.ar\/wp-content\/uploads\/2021\/01\/ar_losandes20210127.jpg 750w\" sizes=\"(max-width: 731px) 100vw, 731px\" \/><\/p>\n<p>\n<img decoding=\"async\" src=\"https:\/\/diario5.com.ar\/reemplazos\/2021\/01\/27\/ar\/ar_tribuno.jpg\"><\/p>\n<p>\n<img decoding=\"async\" src=\"https:\/\/diario5.com.ar\/reemplazos\/2021\/01\/27\/ar\/ar_rio_negro.jpg\"><\/p>\n<p>\n<img decoding=\"async\" loading=\"lazy\" class=\"alignnone size-large wp-image-622194\" src=\"https:\/\/www.diario5.com.ar\/wp-content\/uploads\/2021\/01\/ar_diario_cuyo20210127-682x1024.jpg\" width=\"682\" height=\"1024\" alt=\"El problema de la extensi\u00f3n de las Licencias de Conducir\" title=\"El problema de la extensi\u00f3n de las Licencias de Conducir\" srcset=\"https:\/\/www.diario5.com.ar\/wp-content\/uploads\/2021\/01\/ar_diario_cuyo20210127-682x1024.jpg 682w, https:\/\/www.diario5.com.ar\/wp-content\/uploads\/2021\/01\/ar_diario_cuyo20210127-200x300.jpg 200w, https:\/\/www.diario5.com.ar\/wp-content\/uploads\/2021\/01\/ar_diario_cuyo20210127-400x601.jpg 400w, https:\/\/www.diario5.com.ar\/wp-content\/uploads\/2021\/01\/ar_diario_cuyo20210127-260x390.jpg 260w, https:\/\/www.diario5.com.ar\/wp-content\/uploads\/2021\/01\/ar_diario_cuyo20210127-160x240.jpg 160w, https:\/\/www.diario5.com.ar\/wp-content\/uploads\/2021\/01\/ar_diario_cuyo20210127.jpg 750w\" sizes=\"(max-width: 682px) 100vw, 682px\" \/><\/p>\n<p>\n<img decoding=\"async\" src=\"https:\/\/diario5.com.ar\/reemplazos\/2021\/01\/27\/ar\/ar_litoral_sfe.jpg\"><\/p>\n<p>\n<img decoding=\"async\" loading=\"lazy\" class=\"alignnone size-full wp-image-622195\" src=\"https:\/\/www.diario5.com.ar\/wp-content\/uploads\/2021\/01\/ciudadano20210127.jpg\" width=\"750\" height=\"1005\" alt=\"El problema de la extensi\u00f3n de las Licencias de Conducir\" title=\"El problema de la extensi\u00f3n de las Licencias de Conducir\" srcset=\"https:\/\/www.diario5.com.ar\/wp-content\/uploads\/2021\/01\/ciudadano20210127.jpg 750w, https:\/\/www.diario5.com.ar\/wp-content\/uploads\/2021\/01\/ciudadano20210127-224x300.jpg 224w, https:\/\/www.diario5.com.ar\/wp-content\/uploads\/2021\/01\/ciudadano20210127-400x536.jpg 400w, https:\/\/www.diario5.com.ar\/wp-content\/uploads\/2021\/01\/ciudadano20210127-260x348.jpg 260w, https:\/\/www.diario5.com.ar\/wp-content\/uploads\/2021\/01\/ciudadano20210127-160x214.jpg 160w\" sizes=\"(max-width: 750px) 100vw, 750px\" \/><\/p>\n<p>\n<img decoding=\"async\" src=\"https:\/\/diario5.com.ar\/reemplazos\/2021\/01\/27\/ar\/ar_mirador_provincial.jpg\"><\/p>\n<p>\n<img decoding=\"async\" loading=\"lazy\" class=\"alignnone size-large wp-image-622196\" src=\"https:\/\/www.diario5.com.ar\/wp-content\/uploads\/2021\/01\/ar_gaceta20210127-617x1024.jpg\" width=\"617\" height=\"1024\" alt=\"El problema de la extensi\u00f3n de las Licencias de Conducir\" title=\"El problema de la extensi\u00f3n de las Licencias de Conducir\" srcset=\"https:\/\/www.diario5.com.ar\/wp-content\/uploads\/2021\/01\/ar_gaceta20210127-617x1024.jpg 617w, https:\/\/www.diario5.com.ar\/wp-content\/uploads\/2021\/01\/ar_gaceta20210127-181x300.jpg 181w, https:\/\/www.diario5.com.ar\/wp-content\/uploads\/2021\/01\/ar_gaceta20210127-400x664.jpg 400w, https:\/\/www.diario5.com.ar\/wp-content\/uploads\/2021\/01\/ar_gaceta20210127-260x432.jpg 260w, https:\/\/www.diario5.com.ar\/wp-content\/uploads\/2021\/01\/ar_gaceta20210127-160x266.jpg 160w, https:\/\/www.diario5.com.ar\/wp-content\/uploads\/2021\/01\/ar_gaceta20210127.jpg 750w\" sizes=\"(max-width: 617px) 100vw, 617px\" \/><\/p>\n<p>","protected":false},"excerpt":{"rendered":"<p>Extienden por dos a\u00f1os la vigencia de las licencias de conducir. Si venc\u00edan entre el 15 de febrero de 2020 y el 31 de diciembre de 2021, valen por dos a\u00f1os m\u00e1s. Es en la Ciudad de Buenos Aires. la fecha de expedici\u00f3n original debe ser anterior al 17 de marzo de 2020. Se extienden [&hellip;]<\/p>","protected":false},"author":1,"featured_media":622180,"comment_status":"open","ping_status":"open","sticky":false,"template":"","format":"standard","meta":[],"categories":[1],"tags":[],"series":[],"_links":{"self":[{"href":"https:\/\/www.diario5.com.ar\/es\/wp-json\/wp\/v2\/posts\/622112"}],"collection":[{"href":"https:\/\/www.diario5.com.ar\/es\/wp-json\/wp\/v2\/posts"}],"about":[{"href":"https:\/\/www.diario5.com.ar\/es\/wp-json\/wp\/v2\/types\/post"}],"author":[{"embeddable":true,"href":"https:\/\/www.diario5.com.ar\/es\/wp-json\/wp\/v2\/users\/1"}],"replies":[{"embeddable":true,"href":"https:\/\/www.diario5.com.ar\/es\/wp-json\/wp\/v2\/comments?post=622112"}],"version-history":[{"count":1,"href":"https:\/\/www.diario5.com.ar\/es\/wp-json\/wp\/v2\/posts\/622112\/revisions"}],"predecessor-version":[{"id":622113,"href":"https:\/\/www.diario5.com.ar\/es\/wp-json\/wp\/v2\/posts\/622112\/revisions\/622113"}],"wp:featuredmedia":[{"embeddable":true,"href":"https:\/\/www.diario5.com.ar\/es\/wp-json\/wp\/v2\/media\/622180"}],"wp:attachment":[{"href":"https:\/\/www.diario5.com.ar\/es\/wp-json\/wp\/v2\/media?parent=622112"}],"wp:term":[{"taxonomy":"category","embeddable":true,"href":"https:\/\/www.diario5.com.ar\/es\/wp-json\/wp\/v2\/categories?post=622112"},{"taxonomy":"post_tag","embeddable":true,"href":"https:\/\/www.diario5.com.ar\/es\/wp-json\/wp\/v2\/tags?post=622112"},{"taxonomy":"series","embeddable":true,"href":"https:\/\/www.diario5.com.ar\/es\/wp-json\/wp\/v2\/series?post=622112"}],"curies":[{"name":"wp","href":"https:\/\/api.w.org\/{rel}","templated":true}]}}