{"id":621507,"date":"2021-01-07T14:18:23","date_gmt":"2021-01-07T17:18:23","guid":{"rendered":"https:\/\/www.diario5.com.ar\/?p=621507"},"modified":"2021-04-08T23:40:34","modified_gmt":"2021-04-09T02:40:34","slug":"ni-por-moda-che","status":"publish","type":"post","link":"https:\/\/www.diario5.com.ar\/es\/ni-por-moda-che\/","title":{"rendered":"Ya ni por moda"},"content":{"rendered":"<h2 class=\"sub-title-primary\">Para que vuelva la industria, hay que preparar muy bien el terreno. Y fomentar el bichito de la inversi\u00f3n. \u00bfHay est\u00edmulo? <\/h2> <p>En el arranque de 2021, se confirm\u00f3 que m\u00e1s de un mill\u00f3n seiscientas mil personas llegaron a infectarse y que unas 44 mil son las que han muerto a causa del coronavirus en la Argentina.<br \/>\nAs\u00ed y todo, con el peso inmenso de los n\u00fameros engrosados luego de un a\u00f1o de soportar niveles alt\u00edsimos de la afecci\u00f3n m\u00e1s global que sufri\u00f3 la humanidad, no podemos asegurar que los n\u00fameros que se transmiten sean los definitivamente reales, sobre todo en lo referido a los contagiados, dado el ya remanido problema de que los testeos en nuestro pa\u00eds son menos que pocos.<\/p>\n<p>\u00bfLa causa? Hay compatriotas que todav\u00eda lo preguntan. C\u00f3mo nos cuesta asumir que somos un pa\u00eds pobre con \u00ednfulas, costumbres y pretensiones de acaudalado, lo que nos empobrece mucho m\u00e1s a\u00fan. Pobre en dinero, por lo cual resultaba caro comprar tests en las cantidades necesarias para obtener resultados precisos. Las autoridades sanitarias de todos los niveles podr\u00edan haber sabido c\u00f3mo atender a personas que, hoy por hoy, al no tener ni idea de que se hab\u00edan infectado, llevaron -en su condici\u00f3n de asintom\u00e1ticos- alegremente el Covid hacia otros, incluyendo hacia los vulnerables.<\/p>\n<p>Pobre en ciencia, porque -am\u00e9n de magn\u00edficos profesionales de todas las jerarqu\u00edas y roles- a nadie se le cay\u00f3 una idea para alentar a a las plataformas bioqu\u00edmica o tecnom\u00e9dica y que los tests pudieran tener un desarrollo en el pa\u00eds, que siempre se jact\u00f3 de tener una capacidad de la puta madre para producir lo que se proponga. Fin del mito, por Dios! Recordemos siempre que peor que las fake-news es la fake-history.<\/p>\n<p>En los comandos del oscilatorio poder pol\u00edtico en la Argentina, se fomenta con ah\u00ednco esta capacidad ilimitada de pelearnos entre nosotros. Para todo lo que es obtener logros o desarrollarnos en disciplinas de verdadera importancia, contamos, apenas, con algunas honrosas excepciones que ni siquiera se llevan nuestro reconocimiento consciente. Y paramos de contar aqu\u00ed mismo porque, si no, vamos empezar a mentirnos. Como siempre.<\/p>\n<p>Ni por moda, che. La f\u00e1brica m\u00e1s importante de respiradores artificiales que hab\u00eda en la Argentina, Tecme, fue acompa\u00f1ada en la manufactura desde los primeros meses por Toyota, por la Universidad Nacional de Rosario y por General Motors. Respirex (Accme) subi\u00f3, tambi\u00e9n su producci\u00f3n. El Ing. Biom\u00e9dico Lautaro Turco, hizo un importante esfuerzo para fabricar sus primers respiradores en Rafaela y fue anunciado en noviembre de 2020. \u00bfCu\u00e1ntos puede producir? Turco y otros emprendedores cient\u00edficos santafecinos fueron visitados or autoridades del gobierno provincial el \u00faltimo 20 de diciembre. Las palabras \u00abfomento\u00bb \u00abinversi\u00f3n\u00bb se usaron. Hasta ahora, s\u00f3lo invirtieron los mismos emprendedores. Vayan haciendo sus apuestas, se\u00f1ores: \u00bfcu\u00e1nto dura el orgullo gubernamental de la provincia? Pondr\u00e1n unos mangos? \u00bfO todo se remitir\u00e1 a una rebajita en los Ingresos Brutos?<\/p>\n<p>Desde el primer momento, m\u00e9dicos con alta capacidad de administraci\u00f3n de recursos de salud, como el Dr. Jorge Oscar Garc\u00eda, de Gualeguaych\u00fa, le plantearon al gobierno nacional la urgente necesidad de eliminar impuestos a los respiradores. El presidente Fern\u00e1ndez firm\u00f3 un decreto y la AFIP brind\u00f3 a los importadores de equipamiento m\u00e9dico, facilidades fiscales para sus operaciones. Alcohol, desinfectantes, mascarillas de tela y aparatos respiratorios importados fueron exceptuados de pagar el 20% o 10%, seg\u00fan le correspondiera, por el R\u00e9gimen de Percepci\u00f3n. Si bien se mantuvo el IVA, el incentivo existi\u00f3.<\/p>\n<p>Ahora, de discutir en el Congreso Nacional los puntos que podr\u00edan generar leyes de est\u00edmulo de producci\u00f3n de tecnolog\u00eda m\u00e9dica en un momento como \u00e9ste, ni so\u00f1ar. La segunda y hasta la tercera ola est\u00e1n boca de todos. Pero es sabido que las leyes que m\u00e1s se necesitan, no recaudan votos. Lo saben el gobierno y la oposici\u00f3n, cuyos dirigentes, a su vez, conocen -mutua y permanentemente- el rol que le toca cumplir al otro, porque la \u00fanica ley sagrada es la de la alternancia.<\/p>\n<p>Pero lo raro es que hubo m\u00e1s de 20 empresas que presentaron planes de producci\u00f3n de Respiradores entre marzo y abril de 2020. \u00bfPor qu\u00e9 no se sabe nada de esos \u00abotros\u00bb respiradores, tan prometidos? Era el mes de abril y la conciencia acerca de los riesgos de la enfermedad que acechaba, abri\u00f3 lo ojos de muchos ante las necesidades imperantes por la entonces incipiente pandemia. Algunos de esos ojos se zambulleron en una reparadora siesta y no han vuelto a abrirse.<\/p>\n<p>Pero entonces \u00bfQu\u00e9 pas\u00f3? \u00bfDecay\u00f3 la \u00abSolidaridad Argentina\u00bb? Somos tan necios que hasta podr\u00edamos confundir nuestros arranques de beneficencia con solidaridad real. El precepto de ser solidarios nos obligar\u00eda -digamos, como una peque\u00f1a basecita- a escuchar al otro. Peligro de gol: Un ex \u00abUCeD\u00e9\u00bb escuchando -de verdad- a un camporista o un militante del Barrios de Pie dando cr\u00e9dito a la palabra de un seguidor del clan Bullrich? Qu\u00e9vac\u00e9. En los tratamientos, por algo hay que empezar. Si no, no hay cura.<\/p>\n<p><img decoding=\"async\" loading=\"lazy\" class=\"alignnone size-full wp-image-626370\" src=\"https:\/\/www.diario5.com.ar\/wp-content\/uploads\/2021\/04\/UPN7AMQGLVDERK6TUQDREWUDXA.height-52620210408.jpg\" width=\"768\" height=\"512\" srcset=\"https:\/\/www.diario5.com.ar\/wp-content\/uploads\/2021\/04\/UPN7AMQGLVDERK6TUQDREWUDXA.height-52620210408.jpg 768w, https:\/\/www.diario5.com.ar\/wp-content\/uploads\/2021\/04\/UPN7AMQGLVDERK6TUQDREWUDXA.height-52620210408-300x200.jpg 300w\" sizes=\"(max-width: 768px) 100vw, 768px\" \/><\/p>\n<p>El respirador desarrollado por Lautaro Turco, en Rafaela<\/p>","protected":false},"excerpt":{"rendered":"<p>Para que vuelva la industria, hay que preparar muy bien el terreno. Y fomentar el bichito de la inversi\u00f3n. \u00bfHay est\u00edmulo? En el arranque de 2021, se confirm\u00f3 que m\u00e1s de un mill\u00f3n seiscientas mil personas llegaron a infectarse y que unas 44 mil son las que han muerto a causa del coronavirus en la [&hellip;]<\/p>","protected":false},"author":4,"featured_media":621549,"comment_status":"open","ping_status":"open","sticky":false,"template":"","format":"standard","meta":[],"categories":[75,1],"tags":[],"series":[],"_links":{"self":[{"href":"https:\/\/www.diario5.com.ar\/es\/wp-json\/wp\/v2\/posts\/621507"}],"collection":[{"href":"https:\/\/www.diario5.com.ar\/es\/wp-json\/wp\/v2\/posts"}],"about":[{"href":"https:\/\/www.diario5.com.ar\/es\/wp-json\/wp\/v2\/types\/post"}],"author":[{"embeddable":true,"href":"https:\/\/www.diario5.com.ar\/es\/wp-json\/wp\/v2\/users\/4"}],"replies":[{"embeddable":true,"href":"https:\/\/www.diario5.com.ar\/es\/wp-json\/wp\/v2\/comments?post=621507"}],"version-history":[{"count":6,"href":"https:\/\/www.diario5.com.ar\/es\/wp-json\/wp\/v2\/posts\/621507\/revisions"}],"predecessor-version":[{"id":626371,"href":"https:\/\/www.diario5.com.ar\/es\/wp-json\/wp\/v2\/posts\/621507\/revisions\/626371"}],"wp:featuredmedia":[{"embeddable":true,"href":"https:\/\/www.diario5.com.ar\/es\/wp-json\/wp\/v2\/media\/621549"}],"wp:attachment":[{"href":"https:\/\/www.diario5.com.ar\/es\/wp-json\/wp\/v2\/media?parent=621507"}],"wp:term":[{"taxonomy":"category","embeddable":true,"href":"https:\/\/www.diario5.com.ar\/es\/wp-json\/wp\/v2\/categories?post=621507"},{"taxonomy":"post_tag","embeddable":true,"href":"https:\/\/www.diario5.com.ar\/es\/wp-json\/wp\/v2\/tags?post=621507"},{"taxonomy":"series","embeddable":true,"href":"https:\/\/www.diario5.com.ar\/es\/wp-json\/wp\/v2\/series?post=621507"}],"curies":[{"name":"wp","href":"https:\/\/api.w.org\/{rel}","templated":true}]}}