{"id":621358,"date":"2021-01-03T13:05:10","date_gmt":"2021-01-03T16:05:10","guid":{"rendered":"https:\/\/www.diario5.com.ar\/aparte-de-la-pandemia-nos-pasan-cosas\/"},"modified":"2021-01-05T13:35:25","modified_gmt":"2021-01-05T16:35:25","slug":"aparte-de-la-pandemia-nos-pasan-cosas","status":"publish","type":"post","link":"https:\/\/www.diario5.com.ar\/es\/aparte-de-la-pandemia-nos-pasan-cosas\/","title":{"rendered":"Aparte de la pandemia, nos pasan cosas"},"content":{"rendered":"<h2 class=\"sub-title-primary\"><\/h2> <div>\n<p><img decoding=\"async\" loading=\"lazy\" class=\"attachment-thumbnail size-thumbnail wp-post-image\" src=\"https:\/\/www.diario5.com.ar\/wp-content\/uploads\/2021\/01\/voz_chaco20210103-150x150-1.jpg\" alt=\"Aparte, nos pasan cosas\" width=\"150\" height=\"150\" \/><\/p>\n<h2 class=\"sub-title-primary\"><\/h2>\n<p>Las portadas de diarios de las provincias argentinas y ciudades de las que no todos los d\u00edas centramos nuestra atenci\u00f3n, nos hablan de que en el pa\u00eds, debemos redoblar esfuerzos para ir tras soluciones postergadas y -en la medida en que nos sinceremos- cada vez m\u00e1s olvidadas. La pandemia no debe hacernos actuar como el \u00f1and\u00fa, introduciendo la cabeza en la tierra para no ver, ya que la situaci\u00f3n del pa\u00eds es cada vez peor y cada vez hay menos conciencia de ello.<\/p>\n<\/div>","protected":false},"excerpt":{"rendered":"<p>Las portadas de diarios de las provincias argentinas y ciudades de las que no todos los d\u00edas centramos nuestra atenci\u00f3n, nos hablan de que en el pa\u00eds, debemos redoblar esfuerzos para ir tras soluciones postergadas y -en la medida en que nos sinceremos- cada vez m\u00e1s olvidadas. La pandemia no debe hacernos actuar como el [&hellip;]<\/p>","protected":false},"author":21,"featured_media":621339,"comment_status":"closed","ping_status":"closed","sticky":false,"template":"","format":"standard","meta":[],"categories":[56],"tags":[],"series":[],"_links":{"self":[{"href":"https:\/\/www.diario5.com.ar\/es\/wp-json\/wp\/v2\/posts\/621358"}],"collection":[{"href":"https:\/\/www.diario5.com.ar\/es\/wp-json\/wp\/v2\/posts"}],"about":[{"href":"https:\/\/www.diario5.com.ar\/es\/wp-json\/wp\/v2\/types\/post"}],"author":[{"embeddable":true,"href":"https:\/\/www.diario5.com.ar\/es\/wp-json\/wp\/v2\/users\/21"}],"replies":[{"embeddable":true,"href":"https:\/\/www.diario5.com.ar\/es\/wp-json\/wp\/v2\/comments?post=621358"}],"version-history":[{"count":1,"href":"https:\/\/www.diario5.com.ar\/es\/wp-json\/wp\/v2\/posts\/621358\/revisions"}],"predecessor-version":[{"id":621409,"href":"https:\/\/www.diario5.com.ar\/es\/wp-json\/wp\/v2\/posts\/621358\/revisions\/621409"}],"wp:featuredmedia":[{"embeddable":true,"href":"https:\/\/www.diario5.com.ar\/es\/wp-json\/wp\/v2\/media\/621339"}],"wp:attachment":[{"href":"https:\/\/www.diario5.com.ar\/es\/wp-json\/wp\/v2\/media?parent=621358"}],"wp:term":[{"taxonomy":"category","embeddable":true,"href":"https:\/\/www.diario5.com.ar\/es\/wp-json\/wp\/v2\/categories?post=621358"},{"taxonomy":"post_tag","embeddable":true,"href":"https:\/\/www.diario5.com.ar\/es\/wp-json\/wp\/v2\/tags?post=621358"},{"taxonomy":"series","embeddable":true,"href":"https:\/\/www.diario5.com.ar\/es\/wp-json\/wp\/v2\/series?post=621358"}],"curies":[{"name":"wp","href":"https:\/\/api.w.org\/{rel}","templated":true}]}}