{"id":620771,"date":"2020-12-19T10:02:54","date_gmt":"2020-12-19T13:02:54","guid":{"rendered":"https:\/\/www.diario5.com.ar\/kevin-johansen-the-nada-presentan-fin-de-fiesta\/"},"modified":"2020-12-19T10:02:54","modified_gmt":"2020-12-19T13:02:54","slug":"kevin-johansen-the-nada-presentan-fin-de-fiesta","status":"publish","type":"post","link":"https:\/\/www.diario5.com.ar\/es\/kevin-johansen-the-nada-presentan-fin-de-fiesta\/","title":{"rendered":"Kevin Johansen + The Nada presentan: \u00a1Fin de fiesta!"},"content":{"rendered":"<h2 class=\"sub-title-primary\"><\/h2> <div>\n<p>Te esperamos <strong>el martes 22 de Diciembre a las 20 h<\/strong> en el Anfiteatro del Parque Centenario, <a href=\"https:\/\/mapa.buenosaires.gob.ar\/comollego\/?lat=-34.606968&#038;lng=-58.435324&#038;zl=16&#038;modo=transporte&#038;dir=Lillo+Av.+y+Patricias+Argentinas+Av.\">Av. Lillo y Av. Patricias Argentinas<\/a>. La entrada es gratuita y con reserva previa.<\/p>\n<blockquote>\n<p>\u00a1Reserv\u00e1 tu entrada! Los cupos son limitados.<\/p>\n<\/blockquote>\n<p><a class=\"btn btn-small btn-primary\" href=\"http:\/\/comunicacionhrl.force.com\/forms\/RegistroEventoCultura?channel=mailing&#038;evento=7012K000001mGFpQAM&#038;d=22&#038;m=12&#038;h=2000\" target=\"_blank\" rel=\"noopener noreferrer\">Reservar entrada<\/a><\/p>\n<p>Record\u00e1 que el <strong>uso de tapabocas<\/strong> es obligatorio durante toda la funci\u00f3n.<\/p>\n<\/p>\n<\/div>","protected":false},"excerpt":{"rendered":"<p>Te esperamos el martes 22 de Diciembre a las 20 h en el Anfiteatro del Parque Centenario, Av. Lillo y Av. Patricias Argentinas. La entrada es gratuita y con reserva previa. \u00a1Reserv\u00e1 tu entrada! Los cupos son limitados. Reservar entrada Record\u00e1 que el uso de tapabocas es obligatorio durante toda la funci\u00f3n.<\/p>","protected":false},"author":8,"featured_media":620772,"comment_status":"open","ping_status":"closed","sticky":false,"template":"","format":"standard","meta":[],"categories":[5],"tags":[],"series":[],"_links":{"self":[{"href":"https:\/\/www.diario5.com.ar\/es\/wp-json\/wp\/v2\/posts\/620771"}],"collection":[{"href":"https:\/\/www.diario5.com.ar\/es\/wp-json\/wp\/v2\/posts"}],"about":[{"href":"https:\/\/www.diario5.com.ar\/es\/wp-json\/wp\/v2\/types\/post"}],"author":[{"embeddable":true,"href":"https:\/\/www.diario5.com.ar\/es\/wp-json\/wp\/v2\/users\/8"}],"replies":[{"embeddable":true,"href":"https:\/\/www.diario5.com.ar\/es\/wp-json\/wp\/v2\/comments?post=620771"}],"version-history":[{"count":0,"href":"https:\/\/www.diario5.com.ar\/es\/wp-json\/wp\/v2\/posts\/620771\/revisions"}],"wp:featuredmedia":[{"embeddable":true,"href":"https:\/\/www.diario5.com.ar\/es\/wp-json\/wp\/v2\/media\/620772"}],"wp:attachment":[{"href":"https:\/\/www.diario5.com.ar\/es\/wp-json\/wp\/v2\/media?parent=620771"}],"wp:term":[{"taxonomy":"category","embeddable":true,"href":"https:\/\/www.diario5.com.ar\/es\/wp-json\/wp\/v2\/categories?post=620771"},{"taxonomy":"post_tag","embeddable":true,"href":"https:\/\/www.diario5.com.ar\/es\/wp-json\/wp\/v2\/tags?post=620771"},{"taxonomy":"series","embeddable":true,"href":"https:\/\/www.diario5.com.ar\/es\/wp-json\/wp\/v2\/series?post=620771"}],"curies":[{"name":"wp","href":"https:\/\/api.w.org\/{rel}","templated":true}]}}