{"id":619995,"date":"2020-11-29T10:03:34","date_gmt":"2020-11-29T13:03:34","guid":{"rendered":"https:\/\/www.diario5.com.ar\/cultura-en-casa-ahora-es-vivamos-cultura\/"},"modified":"2020-11-30T23:26:16","modified_gmt":"2020-12-01T02:26:16","slug":"cultura-en-casa-ahora-es-vivamos-cultura","status":"publish","type":"post","link":"https:\/\/www.diario5.com.ar\/es\/cultura-en-casa-ahora-es-vivamos-cultura\/","title":{"rendered":"Adi\u00f3s a Cultura en Casa"},"content":{"rendered":"<h2 class=\"sub-title-primary\"><\/h2> <div>\n<p>A partir del mi\u00e9rcoles 25 de noviembre <em>Cultura en Casa<\/em>, la web lanzada el pasado 22 de marzo con el objetivo de visibilizar el ecosistema cultural de la Ciudad en tiempos de aislamiento, pas\u00f3 a llamarse <a href=\"https:\/\/vivamoscultura.buenosaires.gob.ar\/\"><strong>Vivamos Cultura<\/strong><\/a>, una <strong>plataforma digital con un formato visual moderno<\/strong> que permitir\u00e1 una navegaci\u00f3n m\u00e1s \u00e1gil y personalizada para los usuarios, con el objetivo de mantener y ampliar el acceso los consumos culturales.<\/p>\n<blockquote>\n<p>Vivamos Cultura ser\u00e1 una vidriera digital para promover los contenidos de los hacedores culturales.<\/p>\n<\/blockquote>\n<p>Este salto tecnol\u00f3gico, permitir\u00e1 a los usuarios que opten por registrarse en el sitio la posibilidad de <strong>armar sus listas de contenidos de forma personalizada<\/strong> seg\u00fan sus gustos y afinidades y compartir contenido espec\u00edfico en sus redes sociales o medios digitales. Adem\u00e1s, la nueva plataforma ofrecer\u00e1 <strong>estrenos semanales v\u00eda streaming<\/strong>, a los cuales luego tambi\u00e9n se podr\u00e1 acceder en cualquier momento y desde cualquier lugar, ya que estar\u00e1n disponible en <strong>todos los dispositivos<\/strong>: notebook, PC, TV, tablets, etc.Tambi\u00e9n se incorpora la b\u00fasqueda inteligente, una herramienta que mejora el acceso a los contenidos y las secciones de infantiles, cursos y talleres con una acceso r\u00e1pido y directo.<\/p>\n<\/p>\n<p>Para los hacedores culturales, esta renovaci\u00f3n significar\u00e1 una forma m\u00e1s moderna de visibilizar su trabajo y la posibilidad de <strong>llegar a m\u00e1s y nuevos p\u00fablicos<\/strong> dado que la capacidad de audiencia de la web es infinita. Este nuevo espacio digital, incluir\u00e1 a <strong>creadores, gestores, artistas y proyectos del sector p\u00fablico, privado y de la cultura independiente<\/strong> de la Ciudad. M\u00fasica, teatro, \u00f3pera, talleres y podcast entre otros, tendr\u00e1n una mejor disposici\u00f3n en la plataforma y su b\u00fasqueda ser\u00e1 m\u00e1s f\u00e1cil.<\/p>\n<blockquote>\n<p><a href=\"https:\/\/vivamoscultura.buenosaires.gob.ar\/\">Vivamos Cultura<\/a><\/p>\n<\/blockquote>\n<p>Vivamos Cultura dispondr\u00e1 tambi\u00e9n de servicios de producci\u00f3n, difusi\u00f3n y monetizaci\u00f3n de contenidos y fortalecer\u00e1 el v\u00ednculo con diferentes regiones a trav\u00e9s del intercambio de contenido federal e internacional.<\/p>\n<p>\u201cEntendemos a la cultura, m\u00e1s all\u00e1 del entretenimiento, como una herramienta para el desarrollo, que le da sentido a nuestra identidad individual y sobre todo colectiva. Desde que comenz\u00f3 el aislamiento buscamos a trav\u00e9s de distintas modalidades llegar a todos a trav\u00e9s de la cultura y seguir acompa\u00f1ando a los hacedores culturales. Vivamos Cultura sigue por ese camino\u201d, explica Enrique Avogadro, ministro de cultura de la Ciudad.<\/p>\n<hr>\n<h2>Nuevos contenidos<\/h2>\n<p>La programaci\u00f3n de Vivamos Cultura ser\u00e1 diversa y abarcar\u00e1 a <strong>todas las edades y diferentes intereses<\/strong>; desde obras de teatro, ciclos de charlas con intelectuales y referentes de la cultura, hasta ciclos de m\u00fasica y contenidos especialmente pensados para los m\u00e1s chicos. Adem\u00e1s, la plataforma permitir\u00e1 dar a conocer el trabajo de los artistas de la cultura independiente y las diferentes propuestas culturales del sector que se caracterizan por su diversidad.<\/p>\n<p>Es a trav\u00e9s de Vivamos Cultura que todos los vecinos de la Ciudad y de cualquier parte del mundo podr\u00e1n <strong>acceder de forma gratuita<\/strong> a contenidos de excelencia art\u00edstica y de calidad de los grandes efectores culturales como el Teatro Col\u00f3n, El Complejo Teatral de Buenos Aires, la Usina del Arte, el Centro Cultural Recoleta, producciones en asociaci\u00f3n con espacios independientes como Timbre4, N\u00fcn, entre otros. Se trata de un espacio que re\u00fane a creadores, gestores, espacios, artistas y proyectos culturales, en pos de promover la vinculaci\u00f3n y el trabajo conjunto entre el sector p\u00fablico, el privado y el independiente.<\/p>\n<p>En este sentido, durante los <strong>pr\u00f3ximos d\u00edas<\/strong> se podr\u00e1 disfrutar de los siguientes contenidos:<\/p>\n<blockquote>\n<p>Viernes 27 de noviembre<\/p>\n<\/blockquote>\n<ul>\n<li>\n<p><strong>Transmisi\u00f3n en Vivo &#8211; Mujeres al frente: Vane Bruttera<\/strong>. Desde las 20.<\/p>\n<\/li>\n<li>\n<p><strong>Transmisi\u00f3n en Vivo \u2013 F\u00f3rmulas perfectas &#8211; Hilda Lizarazu &#038; Sonia Alvarez<\/strong>. Desde las 21.<\/p>\n<\/li>\n<li>\n<p><strong>On Demand &#8211; Noviembre Electr\u00f3nico<\/strong>.<br \/>\n<\/p>\n<\/li>\n<\/ul>\n<p><img decoding=\"async\" loading=\"lazy\" src=\"https:\/\/www.diario5.com.ar\/wp-content\/uploads\/2020\/11\/1000_afs_ciudademergente_vanebutera_29092020_mg_0003_0_0_0.jpg\" width=\"2362\" height=\"1575\" alt=\"\"><\/p>\n<blockquote>\n<p>S\u00e1bado 28 de noviembre<\/p>\n<\/blockquote>\n<ul>\n<li>\n<p><strong>Transmisi\u00f3n en Vivo &#8211; Muy Bodas de Sangre, un biodrama tr\u00e1gico<\/strong>: producci\u00f3n audiovisual que, sobre el cl\u00e1sico Bodas de sangre de Federico Garc\u00eda Lorca, cuenta con idea y direcci\u00f3n de Vivi Tellas. El elenco de Muy Bodas de sangre, un biodrama tr\u00e1gico est\u00e1 integrado por Cecilia Roth, Maite Lanata, Mauricio Paniagua, Esteban Meloni, Luciano Suardi, Mara Bestelli, Flor Dyszel, Laura Nevole, Maruja Bustamante, Juliana Muras, Florencia Bergallo, Bel\u00e9n Gatti, Rita Pauls, Mar\u00eda Soldi, Nadia Sandrone, Max Suen, Eugenia Roces y Pablo Lugones. Desde las 20.<\/p>\n<\/li>\n<li>\n<p><strong>On Demand &#8211; Noviembre Electr\u00f3nico<\/strong>.<\/p>\n<\/li>\n<li>\n<p><strong>On Demand &#8211; Buenos Aires Running Festival<\/strong>: el ciclo de cine runner presenta dos propuestas con historias incre\u00edbles, la nacional 21 D\u00edas y la espa\u00f1ola Run for the Artic. Imperdibles.<\/p>\n<\/li>\n<li>\n<p><strong>On Demand &#8211; Buenos Aires Jazz<\/strong>: Conciertos y cl\u00ednicas nacionales e internacionales, clases de baile para la familia, propuestas para disfrutar al aire libre y mucho m\u00e1s en la cita anual con el jazz en la Ciudad. <\/p>\n<\/li>\n<\/ul>\n<p><img decoding=\"async\" loading=\"lazy\" src=\"https:\/\/www.diario5.com.ar\/wp-content\/uploads\/2020\/11\/maite_lanata_0.jpg\" width=\"960\" height=\"610\" alt=\"\"><\/p>\n<blockquote>\n<p>Domingo 29 de noviembre<\/p>\n<\/blockquote>\n<ul>\n<li>\n<p><strong>Transmisi\u00f3n en Vivo &#8211; Dubravka Tom\u0161i\u010d Srebotnjak<\/strong>: debut en la Argentina de la pianista eslovena que posee una trayectoria de m\u00e1s de seis d\u00e9cadas brillando en los escenarios de todo el mundo. Formada en los Estados Unidos en la d\u00e9cada del cincuenta, conoci\u00f3 all\u00ed al m\u00edtico Arthur Rubinstein, quien fue su principal maestro. Piezas de Scarlatti, Beethoven, Srebotnjak y Chopin. Desde las 20.<\/p>\n<\/li>\n<li>\n<p><strong>On Demand &#8211; Buenos Aires Running Festival<\/strong>: el ciclo de cine runner presenta dos propuestas con historias incre\u00edbles, la americana Out and Back y la polaca Run Camino. Imperdibles.<\/p>\n<\/li>\n<li>\n<p><strong>On Demand &#8211; Buenos Aires Jazz<\/strong>: Conciertos y cl\u00ednicas nacionales e internacionales, clases de baile para la familia, propuestas para disfrutar al aire libre y mucho m\u00e1s en la cita anual con el jazz en la Ciudad. <\/p>\n<\/li>\n<\/ul>\n<p><img decoding=\"async\" loading=\"lazy\" src=\"https:\/\/www.diario5.com.ar\/wp-content\/uploads\/2020\/11\/dubravka_tomsic_srebotnjak_-c_arnaldo_colombaroli__-_foto_3.jpg\" width=\"1024\" height=\"683\" alt=\"\"><\/p>\n<hr>\n<h2>Sobre Cultura en Casa<\/h2>\n<p>Ante el aislamiento social, obligatorio y preventivo decretado en el marco de la crisis sanitaria actual, el Ministerio de Cultura de la Ciudad anunci\u00f3 el pasado 22 de marzo la apertura de toda la oferta cultural de la Ciudad para su acceso de forma remota en un s\u00f3lo sitio web. En Cultura en Casa se alojaron los contenidos digitalizados del Ministerio. Desde la cl\u00e1sicas \u00f3peras del Teatro Col\u00f3n, o las obras de teatro del Complejo Teatral de Buenos Aires, hasta talleres, tours virtuales, recitales, conciertos, audiolibros, pel\u00edculas, series y tutoriales.<\/p>\n<blockquote>\n<p>Cultura en Casa super\u00f3 las 600.000 visitas y los 2.500 contenidos publicados.<\/p>\n<\/blockquote>\n<p>Con m\u00e1s de 200 d\u00edas de funcionamiento, Cultura en Casa super\u00f3 las 600.000 visitas, los 2.500 contenidos publicados (de los cuales un 33% son propuestas federales y un 30% iniciativas externas) y sus contenidos superaron las <strong>10.000.000 de reproducciones<\/strong>, convirti\u00e9ndose en la web con contenidos blandos, m\u00e1s visitada del Gobierno de la Ciudad de Buenos Aires.<\/p>\n<\/div>","protected":false},"excerpt":{"rendered":"<p>A partir del mi\u00e9rcoles 25 de noviembre Cultura en Casa, la web lanzada el pasado 22 de marzo con el objetivo de visibilizar el ecosistema cultural de la Ciudad en tiempos de aislamiento, pas\u00f3 a llamarse Vivamos Cultura, una plataforma digital con un formato visual moderno que permitir\u00e1 una navegaci\u00f3n m\u00e1s \u00e1gil y personalizada para [&hellip;]<\/p>","protected":false},"author":8,"featured_media":619996,"comment_status":"open","ping_status":"closed","sticky":false,"template":"","format":"standard","meta":[],"categories":[5],"tags":[],"series":[],"_links":{"self":[{"href":"https:\/\/www.diario5.com.ar\/es\/wp-json\/wp\/v2\/posts\/619995"}],"collection":[{"href":"https:\/\/www.diario5.com.ar\/es\/wp-json\/wp\/v2\/posts"}],"about":[{"href":"https:\/\/www.diario5.com.ar\/es\/wp-json\/wp\/v2\/types\/post"}],"author":[{"embeddable":true,"href":"https:\/\/www.diario5.com.ar\/es\/wp-json\/wp\/v2\/users\/8"}],"replies":[{"embeddable":true,"href":"https:\/\/www.diario5.com.ar\/es\/wp-json\/wp\/v2\/comments?post=619995"}],"version-history":[{"count":1,"href":"https:\/\/www.diario5.com.ar\/es\/wp-json\/wp\/v2\/posts\/619995\/revisions"}],"predecessor-version":[{"id":620006,"href":"https:\/\/www.diario5.com.ar\/es\/wp-json\/wp\/v2\/posts\/619995\/revisions\/620006"}],"wp:featuredmedia":[{"embeddable":true,"href":"https:\/\/www.diario5.com.ar\/es\/wp-json\/wp\/v2\/media\/619996"}],"wp:attachment":[{"href":"https:\/\/www.diario5.com.ar\/es\/wp-json\/wp\/v2\/media?parent=619995"}],"wp:term":[{"taxonomy":"category","embeddable":true,"href":"https:\/\/www.diario5.com.ar\/es\/wp-json\/wp\/v2\/categories?post=619995"},{"taxonomy":"post_tag","embeddable":true,"href":"https:\/\/www.diario5.com.ar\/es\/wp-json\/wp\/v2\/tags?post=619995"},{"taxonomy":"series","embeddable":true,"href":"https:\/\/www.diario5.com.ar\/es\/wp-json\/wp\/v2\/series?post=619995"}],"curies":[{"name":"wp","href":"https:\/\/api.w.org\/{rel}","templated":true}]}}