{"id":619991,"date":"2020-11-28T10:04:34","date_gmt":"2020-11-28T13:04:34","guid":{"rendered":"https:\/\/www.diario5.com.ar\/reabrieron-terrazas-jardines-y-patios-culturales\/"},"modified":"2020-11-30T23:26:36","modified_gmt":"2020-12-01T02:26:36","slug":"reabrieron-terrazas-jardines-y-patios-culturales","status":"publish","type":"post","link":"https:\/\/www.diario5.com.ar\/es\/reabrieron-terrazas-jardines-y-patios-culturales\/","title":{"rendered":"Reaperturas"},"content":{"rendered":"<h2 class=\"sub-title-primary\"><\/h2> <div>\n<p>Cae el sol en la Ciudad y las <strong>terrazas, patios y jardines culturales<\/strong> reabren sus puertas para vivir la cultura al aire libre. La programaci\u00f3n incluye m\u00faltiples iniciativas culturales, barra y gastronom\u00eda, ciclos de cine, literatura, m\u00fasica en vivo, danza, unipersonales, para volver a disfrutar de una experiencia cultural diferente, a trav\u00e9s de estrictos protocolos que regulan la actividad. Es un paso m\u00e1s en esta puesta en marcha que lleva adelante el Ministerio de Cultura porte\u00f1o, para revincularnos presencialmente con las expresiones art\u00edsticas y sus creadores, en espacios claves de la vida cultural, despu\u00e9s de meses de acompa\u00f1amiento a trav\u00e9s de plataformas digitales.<\/p>\n<blockquote>\n<p>Las terrazas, patios y jardines culturales reabrieron sus puertas para vivir la cultura al aire libre.<\/p>\n<\/blockquote>\n<p>\u201cNos alegra much\u00edsimo la apertura de las terrazas y patios culturales de la ciudad, especialmente pensados para disfrutar de la vida art\u00edstica al aire libre. Sabemos lo que significa para nuestros artistas y creadores volver a reencontrarse con su p\u00fablico, en estos \u00e1mbitos. Y es una inmensa alegr\u00eda, en esta nueva normalidad, poder compartir y disfrutar del arte de forma segura\u201d, sostuvo el ministro de Cultura de la Ciudad de Buenos Aires, Enrique Avogadro.<\/p>\n<\/p>\n<h3>C\u00f3mo funcionar\u00e1n las terrazas, patios y jardines culturales<\/h3>\n<p>Las actividades se realizan en el marco del recientemente habilitado <a href=\"http:\/\/www.buenosaires.gob.ar\/cultura\/protocolos\/protocolo-para-el-funcionamiento-de-espacios-culturales-al-aire-libre\">\u201cProtocolo para el funcionamiento de espacios culturales al aire libre\u201d<\/a>, que regula las actividades en patios al aire libre y terrazas de espacios culturales, que se retoman en la Ciudad bajo medidas de seguridad para la prevenci\u00f3n del Covid-19. En lo que respecta a la oferta gastron\u00f3mica, se realiza bajo el estricto cumplimiento del  <a href=\"http:\/\/www.buenosaires.gob.ar\/desarrolloeconomico\/ba-pyme\/locales-gastronomicos-con-modalidad-al-aire-libre-en-patios-y-terrazas\">\u201cProtocolo para el funcionamiento de locales gastron\u00f3micos (al aire libre) para prevenci\u00f3n y manejo de casos de COVID-19\u201d<\/a>.<\/p>\n<blockquote>\n<p>Todas las actividades requieren reserva previa porque tienen capacidad limitada.<\/p>\n<\/blockquote>\n<p><strong>Todas las actividades requieren reserva previa<\/strong> porque tienen capacidad limitada, de acuerdo a los protocolos de distanciamiento social y sanitizaci\u00f3n dispuestos por el Gobierno de la Ciudad de Buenos Aires. Es <strong>obligatorio el uso de tapabocas<\/strong> para todos los ingresantes. En cuanto al ingreso, se deber\u00e1 comprobar la reserva, se tomar\u00e1 la temperatura a cada persona antes de ingresar. Al entrar ser\u00e1 requisito realizar la higiene de manos y la desinfecci\u00f3n del calzado, con alcohol al 70% y habr\u00e1 informaci\u00f3n sobre los desplazamientos para evitar la doble circulaci\u00f3n. Habr\u00e1 se\u00f1al\u00e9tica indicativa de distribuci\u00f3n de personas.<\/p>\n<p><img decoding=\"async\" loading=\"lazy\" src=\"https:\/\/www.diario5.com.ar\/wp-content\/uploads\/2020\/11\/cc_25_de_mayo_-_terrazas_lunaticas_unnamed-1.jpg\" width=\"2598\" height=\"1732\" alt=\"\"><\/p>\n<blockquote>\n<p>La terraza de El Recoleta<\/p>\n<\/blockquote>\n<p>Todos los <strong>jueves<\/strong>, habr\u00e1 <strong>lecturas perform\u00e1ticas y los viernes recitales en vivo<\/strong>. Las entradas podr\u00e1n reservarse previamente en la <a href=\"http:\/\/www.centroculturalrecoleta.org\/\">web del Recoleta<\/a>. Por ser al aire libre, todas las actividades se suspenden en caso de lluvia. Los recitales ser\u00e1n reprogramados para el d\u00eda siguiente a las 19 y las lecturas para el mi\u00e9rcoles siguiente a las 19. La misma entrada gratuita sirve para la reprogramaci\u00f3n.<\/p>\n<p>Adem\u00e1s, <strong>abrieron al p\u00fablico la terraza y todos los patios<\/strong> -del Aljibe, de los Naranjos, del Tanque y de la Fuente- para pasar el d\u00eda de 12:30 a 21 de martes a viernes y de 10:15 a 21 los s\u00e1bados, domingos y feriados. El acceso es gratuito y con cupo limitado sin necesidad de reservar previamente la entrada.<\/p>\n<p>Los <strong>shows musicales<\/strong> contin\u00faan con la poeta, m\u00fasica y docente <strong>Paula Trama<\/strong>, quien se presentar\u00e1 en vivo en la terraza este viernes 27 de noviembre a las 19. Y el viernes 4 de diciembre <strong>Acus<\/strong>, proyecto de la cantante y tecladista Acus Kay que fusiona funk latino, pop latino y hip hop, dar\u00e1 un concierto en la terraza.<\/p>\n<p>Las lecturas perform\u00e1ticas, siempre a las 19, se pueden dsfrutar en un espacio de encuentro, di\u00e1logo y performance entre escritores, m\u00fasicos, actores, bailarines, artistas pl\u00e1sticos, performers, DJs. El 3 de diciembre es el turno de Un cuarto propio, una propuesta de la poeta y productora Vera Buend\u00eda, que cruza poes\u00eda, visuales y set musical que apuesta a visibilizar mujeres y disidencias en los escenarios. El 10 de diciembre a las 19 llega <strong>\u201cF.U.R.I.A en Pandemia\u201d<\/strong>, un show en vivo con lecturas, dibujos y m\u00fasica de la mano del colectivo F.U.R.I.A.<\/p>\n<p>Tambi\u00e9n el domingo 6 de diciembre a las 18 se podr\u00e1 vivir al aire libre la final del <strong>Desaf\u00edo Veetz<\/strong>, la competencia de Cultura Rap que comenz\u00f3 de manera online organizada por Juanc\u00edn, de El Quinto Escal\u00f3n. Un evento busca visibilizar, dar voz y premiar a los j\u00f3venes freestylers en ascenso m\u00e1s destacados de la escena.<\/p>\n<p><img decoding=\"async\" loading=\"lazy\" src=\"https:\/\/www.diario5.com.ar\/wp-content\/uploads\/2020\/11\/terraza__-_creditos__gentileza_centro_cultural_recoleta-1.jpg\" width=\"5842\" height=\"3895\" alt=\"\"><\/p>\n<blockquote>\n<p>Terrazas lun\u00e1ticas en el Centro Cultural 25 de Mayo<\/p>\n<\/blockquote>\n<p>A partir de este viernes 27 de noviembre, el CC 25 de Mayo (Av. Triunvirato 4444) vuelve a abrir su terraza y brindar\u00e1 seis fechas con programaci\u00f3n cultural gratuita, <strong>funciones al aire libre, bajo las estrellas, con proyecciones de cine, m\u00fasica en vivo y unipersonales<\/strong>.<\/p>\n<p>Todos los viernes y s\u00e1bados durante noviembre y diciembre, desde las 19 horas. Las reservas se podr\u00e1n hacer enviando un mail a cc25terraza@gmail.com con nombre y apellido, DNI, fecha de nacimiento y barrio. Durante la semana se podr\u00e1n reservar s\u00f3lo para los espect\u00e1culos de ese fin de semana y hasta 4 lugares por persona. Se confirma una vez que la persona recibe la entrada digital, que debe entregarse el d\u00eda de la funci\u00f3n en la puerta de CC25 junto a los DNI de los asistentes.<\/p>\n<p><strong>Viernes de Cine: proyecci\u00f3n + shows y m\u00fasica en vivo<\/strong><\/p>\n<ul>\n<li>Viernes 27 de noviembre\/20 hs.<\/li>\n<li>Cortometrajes de Alce Guy <\/li>\n<li>Curados y presentados por Eva Noriega, con m\u00fasica de Mar\u00eda Ezquiaga <\/li>\n<\/ul>\n<hr>\n<ul>\n<li>Viernes 4 de diciembre\/20 hs.<\/li>\n<li>Banda de chicas de Marilina Gim\u00e9nez + banda en vivo<\/li>\n<li>Peque\u00f1o show (15min.) Presentaci\u00f3n de la pel\u00edcula a cargo de la directora + Proyecci\u00f3n (85min.) + Preguntas y Respuestas.<\/li>\n<\/ul>\n<hr>\n<ul>\n<li>Viernes 11 de diciembre\/20 hs.<\/li>\n<li>Bailar la sangre de Eleo\u00edsa Tarruella y Gato Mart\u00ednez Canto + Show de Flamenco de la C\u00eda. de Eva Iglesias.<\/li>\n<li>Peque\u00f1o espect\u00e1culo de Flamenco de Eva Iglesias y C\u00eda. (M\u00fasica y Bailarinas\/ 20min.) + Presentaci\u00f3n de la pel\u00edcula a cargo de les directorxs + Proyecci\u00f3n (66min.) + Preguntas y Respuestas.<\/li>\n<\/ul>\n<hr>\n<p><strong>S\u00e1bados unipersonales: Ellas, cuando cae el sol<\/strong><\/p>\n<ul>\n<li>S\u00e1bado 28 de noviembre\/20 hs.<\/li>\n<li>Para m\u00ed sos hermosa<\/li>\n<li>Actuaci\u00f3n y Dramaturgia: Paula Ransenberg<\/li>\n<li>Direcci\u00f3n: Marcelo Nacci<\/li>\n<\/ul>\n<hr>\n<ul>\n<li>S\u00e1bado 5 de diciembre\/20 hs.<\/li>\n<li>Yo Encarnaci\u00f3n Ezcurra<\/li>\n<li>Actuaci\u00f3n: Lorena Vega<\/li>\n<li>Dramaturgia: Cristina Escofet<\/li>\n<li>Direcci\u00f3n: Andr\u00e9s Bazzalo<\/li>\n<\/ul>\n<hr>\n<ul>\n<li>S\u00e1bado 12 de diciembre\/20 hs.<\/li>\n<li>El amor es una mierda<\/li>\n<li>Dramaturgia direcci\u00f3n: Cecilia Meijide<\/li>\n<li>Actuaci\u00f3n: Vanesa Maja\n<\/li>\n<\/ul>\n<p><img decoding=\"async\" loading=\"lazy\" src=\"https:\/\/www.diario5.com.ar\/wp-content\/uploads\/2020\/11\/terrazas_lunaticas_cc_25_de_mayo_unnamed-1.jpg\" width=\"2598\" height=\"1732\" alt=\"\"><\/p>\n<blockquote>\n<p>Los jardines de los museos<\/p>\n<\/blockquote>\n<p>Los Museos de la Ciudad tambi\u00e9n reabrieron sus puertas y se pueden disfrutar sus jardines y contemplar la naturaleza y el silencio. Visitar el Palacio Noel, una de las sedes del Museo Fern\u00e1ndez Blanco y el Museo de Arte Espa\u00f1ol Enrique Larreta. Las reservas de entrada se realizan de forma online a trav\u00e9s de la web de <a href=\"http:\/\/www.buenosaires.gob.ar\/cultura\/museos\/noticias\/llego-el-momento-planea-tu-visita-por-el-museo-fernandez-blanco-y-el-museo\">Museos BA<\/a> y la confirmaci\u00f3n llegar\u00e1 por correo electr\u00f3nico. Se toma la temperatura al ingreso y habr\u00e1 que permanecer con tapabocas durante toda la visita. El ingreso estar\u00e1 sujeto a capacidad limitada por los protocolos que regulan la actividad.<\/p>\n<p>En el hermoso jard\u00edn andaluz del <strong>Museo de Arte Espa\u00f1ol Enrique Larreta<\/strong> se puede disfrutar del ciclo <em>Esculturas en el Jard\u00edn<\/em>, tambi\u00e9n con turno previo. Con la curadur\u00eda de Delfina Helguera, el ciclo ideado por Nelly Perazzo en los \u201990, tuvo un gran recibimiento. Esta edici\u00f3n  lleg\u00f3 a verse  en forma virtual y ahora se puede apreciar de forma presencial con las mismas obras que originalmente fueron montadas. Los artistas desaf\u00edan en conjunto los cambios clim\u00e1ticos de esta \u00e9poca para adaptar sus obras, rescatando los matices y contrastes que el jard\u00edn otorga, jugando con materiales diversos y en di\u00e1logo con la naturaleza.<\/p>\n<p>El jard\u00edn del <strong>Museo Isaac Fern\u00e1ndez Blanco<\/strong>, se puede recorrer observando las esculturas ecuestres de bronce, a escala natural, de Vivianne Duchini. Esta exhibici\u00f3n qued\u00f3 abierta para disfrutarse de manera presencial el pasado 28 de octubre, cuando reabri\u00f3 sus puertas esta sede. Adem\u00e1s tambi\u00e9n puede verse de manera digital en la web del museo y en Vivamos Cultura.<\/p>\n<p><img decoding=\"async\" loading=\"lazy\" src=\"https:\/\/www.diario5.com.ar\/wp-content\/uploads\/2020\/11\/julia_farjat-_la_curva_del_tiempo_img_2383-1.jpg\" width=\"2000\" height=\"1326\" alt=\"\"><\/p>\n<blockquote>\n<p>El Museo Moderno sale al barrio<\/p>\n<\/blockquote>\n<p>El Museo Moderno, un espacio integrado en la vida comunitaria del barrio de San Telmo, reabre con acciones, performances e intervenciones de artistas de las m\u00e1s variadas disciplinas y generaciones dentro y fuera del museo.<\/p>\n<p>Adem\u00e1s de las exhibiciones que ya se pueden visitar en sus salas, el museo trabaja en esta nueva etapa junto a <strong>artistas que desarrollar\u00e1n acciones en el espacio p\u00fablico y en el barrio<\/strong>: Eli\u00e1n Chali intervendr\u00e1 la Avenida San Juan y la fachada del Museo, Ver\u00f3nica Meloni realizar\u00e1 un gran homenaje a los trabajadores esenciales en la v\u00eda p\u00fablica y las artistas Sof\u00eda Bohtlingk, Julieta Garc\u00eda V\u00e1zquez y Florencia Rodr\u00edguez Giles llevar\u00e1n a cabo la performance Asamblea de p\u00e1jaros en Parque Lezama, donde crear\u00e1n junto a un grupo de cantores un coro de p\u00e1jaros-humanos, en una met\u00e1fora sobre el volver a juntarse y comunicarse, con cuidados y transformados.<\/p>\n<p>Asimismo, se realizar\u00e1n nuevas ediciones del proyecto <strong>Mi vereda<\/strong>, ideado y coordinado por Valeria Vilar con Zoe Di Rienzo como curadora invitada. Un proyecto expositivo en la v\u00eda p\u00fablica, que muestra la producci\u00f3n de artistas locales durante el per\u00edodo de pandemia, generando un encuentro, una comuni\u00f3n entre artistas y sus subjetividades. La acci\u00f3n tendr\u00e1 lugar en la vereda del Museo con artistas invitados.<\/p>\n<p>A su vez, el <strong>Caf\u00e9 del Moderno<\/strong> ofrece sus productos de cafeter\u00eda y comidas elaborados por Caf\u00e9 Z \u2013caf\u00e9 de especialidad del barrio de San Telmo\u2013 y por Amateur \u2013referente gastron\u00f3mico del barrio\u2013, con mesas al aire libre, en el patio de la planta baja del museo y en la vereda de Avenida San Juan 350.<\/p>\n<p>El Museo se puede visitar los d\u00edas lunes, mi\u00e9rcoles, jueves y viernes de 11 a 19 horas. S\u00e1bados, domingos y feriados de 11 a 20 horas. Martes cerrado. Entrada gratuita con reserva previa en museomoderno.org.<\/p>\n<p><img decoding=\"async\" loading=\"lazy\" src=\"https:\/\/www.diario5.com.ar\/wp-content\/uploads\/2020\/11\/cafe_del_moderno_img_20201028_104024_1-1.jpg\" width=\"8000\" height=\"6000\" alt=\"\"><\/p>\n<blockquote>\n<p>Actividades al aire libre en el Centro Cultural San Mart\u00edn, en el marco de Noviembre Electr\u00f3nico<\/p>\n<\/blockquote>\n<p>EL Centro Cultural San Mart\u00edn (Sarmiento 1551) ofrecer\u00e1 actividades culturales al aire libre, que se podr\u00e1n disfrutar en la fachada, en la Plaza Seca y en la Plaza de las Am\u00e9ricas. Habr\u00e1 proyecciones y performances, con inscripci\u00f3n previa.<\/p>\n<p>A trav\u00e9s del programa <strong>H2O<\/strong> (Horizontes Humanos en Observaci\u00f3n), que fomenta la creaci\u00f3n y exhibici\u00f3n de obras art\u00edsticas-cient\u00edficas, se expondr\u00e1n los siguientes proyectos:<\/p>\n<p><strong>A.D.A. (AutoTejedora de Dise\u00f1os Algor\u00edtmicos)<\/strong><\/p>\n<ul>\n<li>Plaza seca. Viernes 27 y s\u00e1bado 28. De 18 a 22 horas<\/li>\n<li>Por Eliana Guzm\u00e1n y Diego Dorado, la obra teje algor\u00edtmicamente patrones con reminiscencias andinas, a partir de una m\u00e1quina de tejer modificada. La propuesta evidencia la \u00edntima relaci\u00f3n entre las ciencias de la computaci\u00f3n con el arte textil.<\/li>\n<\/ul>\n<hr>\n<p><strong>Virtual Crossings Buenos Aires-Ginebra<\/strong><\/p>\n<ul>\n<li>Performance de 30\u2019. Plaza seca. Viernes 27 a las 20 horas.<\/li>\n<li>Un encuentro virtual entre bailarines, por Edgardo Mercado y Daniel De Florian, unos en la Ciudad de Buenos Aires y otros ubicados en la ciudad de Ginebra. La obra explora los diferentes aspectos del movimiento en espacios virtuales y reales, c\u00f3mo se altera la espacialidad y temporalidad de los cuerpos danzantes y c\u00f3mo esto influye en la percepci\u00f3n de los espectadores. El resultado de este proceso ser\u00e1 expuesto en proyecciones sobre tres pantallas dispuestas en forma de U.<\/li>\n<\/ul>\n<hr>\n<p><strong>Sue\u00f1o&#8230; luego existo<\/strong><\/p>\n<ul>\n<li>Plaza seca. Viernes 27 y s\u00e1bado 28. De 18 a 22 horas<\/li>\n<li>El proyecto de Joaqu\u00edn Fargas y Diego Golombek consiste en el desarrollo de una aplicaci\u00f3n en donde el participante podr\u00e1 plasmar sus sue\u00f1os so\u00f1ados y sus expectativas sobre el \u201cfuturo so\u00f1ado\u201d. Dicho participante podr\u00e1 expresar la narrativa de sus sue\u00f1os a trav\u00e9s de palabras concretas, las cuales ser\u00e1n proyectadas a trav\u00e9s de un mapping.<\/li>\n<li>Tambi\u00e9n habr\u00e1 proyecciones y conciertos de <strong>Amplify Digital Arts Initiative<\/strong>, la que conecta y potencia una red de artistas y profesionales identificadas como mujeres que trabajan en arte digital, sonido y narraci\u00f3n inmersiva en Am\u00e9rica Latina, Canad\u00e1 y UK. Todas las actividades se suspenden en caso de lluvia.<\/li>\n<\/ul>\n<hr>\n<p><strong>Proyecci\u00f3n de obras en la fachada<\/strong><\/p>\n<ul>\n<li>Plaza de las Am\u00e9ricas. S\u00e1bado 28. De 19 a 20 horas.<\/li>\n<li>Frances Adair Mckenzie es una artista interdisciplinaria con base en Montreal cuyas pr\u00e1cticas incluyen videoinstalaciones, esculturas, animaci\u00f3n y trabajos colaborativos.  Heather Lander es una artista visual que crea esculturas lum\u00ednicas s\u00f3nicas inmersivas e investiga, en colaboraci\u00f3n con m\u00fasicos, c\u00f3mo percibimos la realidad. El trabajo de la artista visual Kathy Hinde surge de la asociaci\u00f3n entre naturaleza y tecnolog\u00eda y realiza instalaciones audiovisuales y performances. Erin Gee articula m\u00e9todos de composici\u00f3n materialista feminista en la m\u00fasica de biofeedback.<\/li>\n<\/ul>\n<hr>\n<p><strong>Flor de Fuego<\/strong><\/p>\n<ul>\n<li>Concierto \/ Live Coding A\/V de 30&#8242;.<\/li>\n<li>Plaza de las Am\u00e9ricas. S\u00e1bado 28 a las 20.<\/li>\n<li>Su pr\u00e1ctica art\u00edstica investiga la imagen y los medios digitales, produciendo im\u00e1genes y sonidos relacionados con el live coding, la animaci\u00f3n, el video e Internet.<\/li>\n<\/ul>\n<hr>\n<p><strong>Efe Ce Ele<\/strong><\/p>\n<ul>\n<li>Concierto \/ Live A\/V de 30&#8242;.<\/li>\n<li>Plaza de las Am\u00e9ricas. S\u00e1bado 28 a las 20.40.<\/li>\n<li>Radicada en Buenos Aires, Efe Ce Ele es una productora de m\u00fasica electr\u00f3nica colombiana, artista transmedia, activista trans-no binarix y profesora; interesada en el ruido, el dise\u00f1o de sonido, el embodiment y la bio-interactividad, que toca IDM, Techno, Electro y Ambient, adem\u00e1s de crear instalaciones y audiovisuales en diferentes formatos.<\/li>\n<\/ul>\n<blockquote>\n<p>M\u00e1s informaci\u00f3n:<\/p>\n<\/blockquote>\n<ul>\n<li>Ministerio de Cultura GCBA, <a href=\"https:\/\/vivamoscultura.buenosaires.gob.ar\/\">Vivamos Cultura<\/a> <\/li>\n<li><a href=\"http:\/\/www.centroculturalrecoleta.org\/\">El Recoleta<\/a><\/li>\n<li><a href=\"http:\/\/www.elculturalsanmartin.org\/\">El Cultural San Mart\u00edn<\/a><\/li>\n<li><a href=\"https:\/\/cc25.org\/\">CC 25 de Mayo<\/a><\/li>\n<li><a href=\"http:\/\/www.buenosaires.gob.ar\/cultura\/museos\">Museos BA<\/a><\/li>\n<li><a href=\"https:\/\/www.museomoderno.org\/es\">El Moderno<\/a>\n<\/li>\n<\/ul>\n<p><img decoding=\"async\" loading=\"lazy\" src=\"https:\/\/www.diario5.com.ar\/wp-content\/uploads\/2020\/11\/patio_del_aljibe_-_creditos__gentileza_centro_cultural_recoleta-1.jpg\" width=\"4000\" height=\"3000\" alt=\"\"><\/p>\n<\/div>","protected":false},"excerpt":{"rendered":"<p>Cae el sol en la Ciudad y las terrazas, patios y jardines culturales reabren sus puertas para vivir la cultura al aire libre. La programaci\u00f3n incluye m\u00faltiples iniciativas culturales, barra y gastronom\u00eda, ciclos de cine, literatura, m\u00fasica en vivo, danza, unipersonales, para volver a disfrutar de una experiencia cultural diferente, a trav\u00e9s de estrictos protocolos [&hellip;]<\/p>","protected":false},"author":8,"featured_media":619992,"comment_status":"open","ping_status":"closed","sticky":false,"template":"","format":"standard","meta":[],"categories":[5],"tags":[],"series":[],"_links":{"self":[{"href":"https:\/\/www.diario5.com.ar\/es\/wp-json\/wp\/v2\/posts\/619991"}],"collection":[{"href":"https:\/\/www.diario5.com.ar\/es\/wp-json\/wp\/v2\/posts"}],"about":[{"href":"https:\/\/www.diario5.com.ar\/es\/wp-json\/wp\/v2\/types\/post"}],"author":[{"embeddable":true,"href":"https:\/\/www.diario5.com.ar\/es\/wp-json\/wp\/v2\/users\/8"}],"replies":[{"embeddable":true,"href":"https:\/\/www.diario5.com.ar\/es\/wp-json\/wp\/v2\/comments?post=619991"}],"version-history":[{"count":1,"href":"https:\/\/www.diario5.com.ar\/es\/wp-json\/wp\/v2\/posts\/619991\/revisions"}],"predecessor-version":[{"id":620007,"href":"https:\/\/www.diario5.com.ar\/es\/wp-json\/wp\/v2\/posts\/619991\/revisions\/620007"}],"wp:featuredmedia":[{"embeddable":true,"href":"https:\/\/www.diario5.com.ar\/es\/wp-json\/wp\/v2\/media\/619992"}],"wp:attachment":[{"href":"https:\/\/www.diario5.com.ar\/es\/wp-json\/wp\/v2\/media?parent=619991"}],"wp:term":[{"taxonomy":"category","embeddable":true,"href":"https:\/\/www.diario5.com.ar\/es\/wp-json\/wp\/v2\/categories?post=619991"},{"taxonomy":"post_tag","embeddable":true,"href":"https:\/\/www.diario5.com.ar\/es\/wp-json\/wp\/v2\/tags?post=619991"},{"taxonomy":"series","embeddable":true,"href":"https:\/\/www.diario5.com.ar\/es\/wp-json\/wp\/v2\/series?post=619991"}],"curies":[{"name":"wp","href":"https:\/\/api.w.org\/{rel}","templated":true}]}}