{"id":619973,"date":"2020-11-25T00:17:51","date_gmt":"2020-11-25T03:17:51","guid":{"rendered":"https:\/\/www.diario5.com.ar\/?p=619973"},"modified":"2020-11-26T01:03:28","modified_gmt":"2020-11-26T04:03:28","slug":"costa-salguero-una-audiencia-publica-que-marcara-historia","status":"publish","type":"post","link":"https:\/\/www.diario5.com.ar\/es\/costa-salguero-una-audiencia-publica-que-marcara-historia\/","title":{"rendered":"Costa Salguero: Una Audiencia P\u00fablica que marcar\u00e1 Historia"},"content":{"rendered":"<h2 class=\"sub-title-primary\">Aristas del gran encuentro virtual de los porte\u00f1os, que comienza ma\u00f1ana. <\/h2> <p>La Audiencia P\u00fablica referida a la habilitaci\u00f3n para construir edificios en el \u00e1rea de la Costanera Norte abre opiniones. Desde hace ya varios d\u00edas, se vienen conociendo m\u00e1s personalidades que comulgan con la idea de oponerse a la eventual obra, de la que existe una maqueta digital (render) que muestra que os edificios tendr\u00e1n Planta Baja y tres pisos, mientras que &#8211; por otros lado- se conoce que la estructura planteada por los arquitectos del gobierno porte\u00f1o va detr\u00e1s de construcciones de siete pisos. Incluso se lleg\u00f3 a hablar de diez.<\/p>\n<p><!--googleoff: index--><br \/>\nEn defensa de Costa Salguero y Punta Carrasco, el titular del Observatorio del Derecho a la Ciudad, Jonatan Baldiviezo, opin\u00f3 sobre la concentraci\u00f3n de este jueves en la Legislatura y la audiencia p\u00fablica que se har\u00e1 el vienes con m\u00e1s de 7 mil participantes.<\/p>\n<p>La audiencia ser\u00e1 las m\u00e1s multitudinaria en la historia de la Ciudad de Buenos Aires, con la inscripci\u00f3n de 7.044 vecinos y vecinas que buscar\u00e1n fijar su posici\u00f3n, mayoritariamente de rechazo, al proyecto del gobierno porte\u00f1o que propone avalar modificaciones a las normas urban\u00edsticas de Costa Salguero y Punta Carrasco, algo que permitir\u00eda construcciones de torres de lujo, generando una barrera de cemento frente al Rio de la Plata.<\/p>\n<p>\u201cEs el festejo de la democracia participativa, un espacio de ejercicio de plano la ciudadan\u00eda\u201d, detall\u00f3 Baldivieso en dialogo con la AcMV.<\/p>\n<p>La iniciativa que se debatir\u00e1 el viernes desde las 14, ser\u00e1 virtual y cada participante contar\u00e1 con cinco minutos para dar su opini\u00f3n sobre el proyecto del oficialismo. Est\u00e1 definido que, a medida que transcurran las horas, se pasar\u00e1 a un cuarto intermedio a los d\u00edas subsiguientes, hasta culminar con la lista de oradores.<\/p>\n<p>El rechazo vecinal comenzar\u00e1 a manifestarse este jueves, a las 18, con una concentraci\u00f3n al rededor de la Legislatura porte\u00f1a. \u201cSer\u00e1 algo simb\u00f3lico, frente al espacio donde se va a decidir\u201d, se\u00f1al\u00f3 Baldiviezo.<\/p>\n<p>La antesala a estos acontecimientos fueron los dichos de Felipe Miguel quien, en el marco de la presentaci\u00f3n semestral del jefe de Gabinete de Ministros ante legisladoras y legisladores porte\u00f1os, asegur\u00f3 que \u201cnuestros jefes son los vecinos de la Ciudad y nadie m\u00e1s\u201d, dicho con la intenci\u00f3n de reclamarle a la oposici\u00f3n que defienda los intereses de la Ciudad ante la quita de partidas dispuesta por el presidente Alberto Fern\u00e1ndez.<\/p>\n<p>Sin embargo, las expresiones del Jefe de Gabinete porte\u00f1o parecieron no aplicar al tema que convocar\u00e1 a miles de expositoras y expositores este viernes y que, durante la visita del funcionario al parlamento, fuera motivo de requerimiento de varias voces opositoras.<\/p>\n<p>La primera en poner sobre la mesa la cuesti\u00f3n, el pasado martes, fue la legisladora del Frente de Izquierda (FIT) Myriam Bregman, quien pregunt\u00f3 respecto del criterio que manejaba el Gobierno para \u201cseguir avanzando con el proyecto de Costa Salguero, cuando la enorme mayor\u00eda del pueblo de la Ciudad est\u00e1 notoriamente en contra\u201d.<\/p>\n<p>Otra de las voces fue la del diputado del Frente de Todos (FdT) Leandro Santoro quien, en un encendido discurso, pregunt\u00f3 \u00abhasta cu\u00e1ndo se va a beneficiar a los especuladores\u00bb, en relaci\u00f3n a las construcciones de lujo que se edifican en la Ciudad y que, en muchas oportunidades, no son habitadas por quienes las adquieren, convirti\u00e9ndose en resguardo de capacidades de ahorro de una peque\u00f1a parte de la sociedad que s\u00f3lo cumple la funci\u00f3n de encarecer el valor del suelo.<\/p>\n<p>Frente estas intervenciones, Miguel respondi\u00f3 que en el predio se crear\u00e1n \u00ab13 manzanas de parque\u00bb con locales comerciales y gastron\u00f3mico, a\u00f1adiendo que el \u00ab74 por ciento del predio ser\u00e1 una plaza y solo el 26 por ciento estar\u00e1 destinado a construcciones\u00bb.<\/p>\n<p>La audiencia de este viernes surge de la sesi\u00f3n del 8 de octubre, cuando se aprob\u00f3 la primera lectura de este proyecto del jefe de Gobierno para el desarrollo paisaj\u00edstico y urban\u00edstico en el denominado complejo \u201cCosta Salguero &#8211; Punta Carrasco\u201d.<\/p>\n<p>En la oportunidad, la postura del oficialismo en el recinto fue expuesta por la diputada Victoria Rold\u00e1n M\u00e9ndez, presidenta de la comisi\u00f3n de Planeamiento Urbano, quien explic\u00f3 que \u00abcon este proyecto queremos recuperar el acceso al r\u00edo, se recuperan casi 14 hect\u00e1reas de espacios verdes que podr\u00e1n disfrutar todos los vecinos y vecinas de la Ciudad en un predio que hoy no tiene accesibilidad. En total habr\u00e1 22 hect\u00e1reas de espacios p\u00fablicos\u00bb.<\/p>\n<p>Desde la oposici\u00f3n, el diputado del (FdT) Mat\u00edas Barroetave\u00f1a se\u00f1al\u00f3 que era evidente \u201cla falta de inter\u00e9s p\u00fablico\u201d que se desprend\u00eda de la iniciativa del Ejecutivo porte\u00f1o.<\/p>\n<p>Un dato llamativo de esa sesi\u00f3n parlamentaria ocurri\u00f3 cuando el legislador de UCR-Evoluci\u00f3n Mart\u00edn Ocampo asegur\u00f3 que el voto afirmativo de su bloque respond\u00eda a la necesidad de \u201chabilitar la participaci\u00f3n ciudadana\u201d, en referencia a la audiencia p\u00fablica de este viernes.<\/p>\n<p>En el entendimiento de Ocampo, si no se hubiese aprobado la primera lectura, rechazando el proyecto del oficialismo, \u201cestar\u00edamos decidiendo s\u00f3lo nosotros\u201d, en referencia al cuerpo parlamentario.<\/p>\n<p>De esta manera, con la convalidaci\u00f3n, se \u201cva a escuchar que opinan los vecinos y de acuerdo a lo que opinen los vecinos, continuaremos con la segunda lectura de estos proyectos o no\u201d, dijo el legislador radical en Vamos Juntos y agreg\u00f3 que \u201csi votamos en contra clausuramos la participaci\u00f3n ciudadana\u201d.<\/p>\n<p>Para Jonatan Baldiviezo \u201cel bloque UCR-Evoluci\u00f3n es org\u00e1nico. Responden al senador Mart\u00edn Lousteau. No hay pensamientos independientes\u201d.<\/p>\n<p>El abogado record\u00f3 el interesante dato de el bloque \u201cno acompa\u00f1\u00f3 la Ley de Distrito Joven, asegurando que la costanera deb\u00eda ser de acceso p\u00fablico\u201d y reconoci\u00f3 que \u201cse tratan de excusas para ir avanzando de a poco, aunque no se esperaban una reacci\u00f3n de esta naturaleza\u201d, en referencia a la gran convocatoria para la audiencia p\u00fablica de este martes.<\/p>\n<p>Es esta \u201creacci\u00f3n\u201d, la que Jonatan Baldiviezo ponder\u00f3 ante la AcMV y la calific\u00f3 como \u201cun logro de la organizaci\u00f3n y la consciencia participativa, no s\u00f3lo  por la venta de Costa Salguero sino tambi\u00e9n con un cansancio ciudadano a este plan sistem\u00e1tico de venta de tierras p\u00fablicas, de privatizaci\u00f3n de servicios p\u00fablicos y las constantes transferencias de recursos p\u00fablicos a manos privadas\u201d.<\/p>\n<p>Saber si la movida que arranca este jueves resultar\u00e1 el parlante de las y los miles de manifestaciones de rechazo que se escuchar\u00e1n el viernes en la audiencia p\u00fablica es la gran inc\u00f3gnita.<\/p>\n<p>Se trata de un final abierto el saber si el bloque UCR-Evoluci\u00f3n, o el propio Vamos Juntos, se hace eco de las voces que le dir\u00e1n no al proyecto de Horacio Rodr\u00edeguez Larreta, llevando a la pr\u00e1ctica que \u201cnuestros jefes son los vecinos de la Ciudad y nadie m\u00e1s\u201d, como mencionaba Felipe Miguel o si, por el contrario, se va a producir una \u201ccorto circuito entre la ciudadan\u00eda, que quiere recuperar el espacio p\u00fablico verde y un gobierno que le responde al poder econ\u00f3mico inmobiliario\u201d, como mencionaba Jonatan Baldiviezo, si no se atiende el reclamo popular.<\/p>\n<p>La audiencia p\u00fablica es el mecanismo de consulta popular establecido para las leyes de doble lectura. Normas que luego de ser aprobadas en primera instancia habilitan el espacio de manifestaci\u00f3n ciudadana no vinculante, para luego retornar al recinto buscando su sanci\u00f3n definitiva.<\/p>\n<p>En este sentido, es necesario recalcar lo trabajoso que resulta ser parte de una audiencia p\u00fablica se debe llenar un formulario, escanearlo y enviarlo junto al propio Documento de Identidad, un trabajo que para muchas personas puede resultar complejo, m\u00e1s en momentos de pandemia.<\/p>\n<p><!--googleon: index--><\/p>","protected":false},"excerpt":{"rendered":"<p>Aristas del gran encuentro virtual de los porte\u00f1os, que comienza ma\u00f1ana. La Audiencia P\u00fablica referida a la habilitaci\u00f3n para construir edificios en el \u00e1rea de la Costanera Norte abre opiniones. Desde hace ya varios d\u00edas, se vienen conociendo m\u00e1s personalidades que comulgan con la idea de oponerse a la eventual obra, de la que existe [&hellip;]<\/p>","protected":false},"author":1,"featured_media":619981,"comment_status":"open","ping_status":"open","sticky":false,"template":"","format":"standard","meta":[],"categories":[6],"tags":[],"series":[],"_links":{"self":[{"href":"https:\/\/www.diario5.com.ar\/es\/wp-json\/wp\/v2\/posts\/619973"}],"collection":[{"href":"https:\/\/www.diario5.com.ar\/es\/wp-json\/wp\/v2\/posts"}],"about":[{"href":"https:\/\/www.diario5.com.ar\/es\/wp-json\/wp\/v2\/types\/post"}],"author":[{"embeddable":true,"href":"https:\/\/www.diario5.com.ar\/es\/wp-json\/wp\/v2\/users\/1"}],"replies":[{"embeddable":true,"href":"https:\/\/www.diario5.com.ar\/es\/wp-json\/wp\/v2\/comments?post=619973"}],"version-history":[{"count":7,"href":"https:\/\/www.diario5.com.ar\/es\/wp-json\/wp\/v2\/posts\/619973\/revisions"}],"predecessor-version":[{"id":619982,"href":"https:\/\/www.diario5.com.ar\/es\/wp-json\/wp\/v2\/posts\/619973\/revisions\/619982"}],"wp:featuredmedia":[{"embeddable":true,"href":"https:\/\/www.diario5.com.ar\/es\/wp-json\/wp\/v2\/media\/619981"}],"wp:attachment":[{"href":"https:\/\/www.diario5.com.ar\/es\/wp-json\/wp\/v2\/media?parent=619973"}],"wp:term":[{"taxonomy":"category","embeddable":true,"href":"https:\/\/www.diario5.com.ar\/es\/wp-json\/wp\/v2\/categories?post=619973"},{"taxonomy":"post_tag","embeddable":true,"href":"https:\/\/www.diario5.com.ar\/es\/wp-json\/wp\/v2\/tags?post=619973"},{"taxonomy":"series","embeddable":true,"href":"https:\/\/www.diario5.com.ar\/es\/wp-json\/wp\/v2\/series?post=619973"}],"curies":[{"name":"wp","href":"https:\/\/api.w.org\/{rel}","templated":true}]}}