{"id":619937,"date":"2020-11-14T10:03:27","date_gmt":"2020-11-14T13:03:27","guid":{"rendered":"https:\/\/www.diario5.com.ar\/el-regreso-los-eventos-al-aire-libre-para-grandes-y-chicos-en-la-ciudad\/"},"modified":"2020-11-16T21:03:24","modified_gmt":"2020-11-17T00:03:24","slug":"el-regreso-los-eventos-al-aire-libre-para-grandes-y-chicos-en-la-ciudad","status":"publish","type":"post","link":"https:\/\/www.diario5.com.ar\/es\/el-regreso-los-eventos-al-aire-libre-para-grandes-y-chicos-en-la-ciudad\/","title":{"rendered":"Al aire libre"},"content":{"rendered":"<h2 class=\"sub-title-primary\"><\/h2> <div>\n<p>El Gobierno de la Ciudad de Buenos Aires, desde el Ministerio de Cultura, acompa\u00f1a a la ni\u00f1ez a transitar la nueva normalidad con el <strong>regreso de eventos culturales al aire libre con p\u00fablico<\/strong>. En el Anfiteatro del Parque Centenario, chicas y chicos disfrutaron junto a sus familias de la obra del <em>Teatro La Galera, La arena y el agua de H\u00e9ctor Presa<\/em>. Una pieza encantadora, que plantea muchas lecturas posibles, pero principalmente el miedo a lo nuevo y a c\u00f3mo enfrentar aquellas cosas que no esperamos y que presuponen un cambio en nuestra cotidianeidad.<\/p>\n<blockquote>\n<p>Todos los mi\u00e9rcoles a las 19 habr\u00e1 propuestas culturales infantiles al aire libre en el Anfiteatro del Parque Centenario.<\/p>\n<\/blockquote>\n<p>Luego de haber acompa\u00f1ado a la ni\u00f1ez durante estos meses a trav\u00e9s de plataformas digitales, con una agenda creada desde la escucha, prestando atenci\u00f3n a lo que sienten y a lo que necesitan, ahora contin\u00faa el acompa\u00f1amiento con la vuelta de eventos culturales presenciales al aire libre para que puedan vivir momentos de alegr\u00eda y bienestar emocional junto a sus pares y familia.<\/p>\n<p>Durante <strong>noviembre y diciembre<\/strong>, todos los <strong>mi\u00e9rcoles a las 19<\/strong>, se ofrecer\u00e1 una agenda diversa de <strong>propuestas culturales infantiles al aire libre<\/strong> para que disfruten en el Anfiteatro del Parque Centenario, con <strong>capacidad limitada y reserva previa de entradas<\/strong>.<\/p>\n<\/p>\n<p>Adem\u00e1s, habr\u00e1 una amplia programaci\u00f3n para disfrutar de manera presencial el jueves 19 y el viernes 20 de noviembre en el marco de la <strong>Semana del Orgullo BA<\/strong> y el s\u00e1bado 28 y domingo 29 de noviembre de la mano de <strong>Buenos Aires Jazz<\/strong>.<\/p>\n<p>Al respecto, el Jefe de Gabinete Felipe Miguel, sostuvo: \u201cYa disfrutamos shows por streaming y autoeventos. Hoy la cultura redobla la apuesta y sale a las calles para adaptarse a este nuevo contexto con el primer evento cultural al aire libre para los m\u00e1s chicos. Estamos felices de ver que los artistas vuelven a vibrar y compartir su talento con todos nosotros. Seguimos dando pasos para que la gente retome sus libertades y volvamos a nuestras actividades\u201d.<\/p>\n<p><a class=\"btn btn-small btn-primary\" href=\"http:\/\/www.buenosaires.gob.ar\/cultura\/protocolos\/protocolo-para-la-realizacion-de-eventos-culturales-al-aire-libre-con-publico\">Protocolo para la realizaci\u00f3n de eventos culturales al aire libre con p\u00fablico<\/a><\/p>\n<p>\u201cEste primer evento al aire libre con p\u00fablico, en el anfiteatro de Parque Centenario, nos llena de emoci\u00f3n. Estamos muy contentos porque esto significa que much\u00edsimos artistas y personal t\u00e9cnico retoman su trabajo a trav\u00e9s de los protocolos. Adem\u00e1s, las regulaciones aprobadas hasta el momento se est\u00e1n cumpliendo y nos permiten continuar este camino de vuelta a la actividad, en funci\u00f3n de la situaci\u00f3n sanitaria. Volver a ser protagonistas, cuid\u00e1ndonos y disfrutar de esos lugares tan simb\u00f3licos donde se respira y se vive la cultura en nuestra Ciudad\u201d, afirm\u00f3 el ministro de Cultura de la Ciudad, Enrique Avogadro.<\/p>\n<p>Vivi Cantoni, subsecretaria de Gesti\u00f3n Cultural, agreg\u00f3: \u00abFueron meses de reinventar y repensar las propuestas art\u00edsticas para chicxs, donde priorizamos siempre una mirada sobre sus emociones y c\u00f3mo transitaron la cuarentena. Este es un paso enorme que podemos dar juntos gracias al esfuerzo y trabajo de los distintos sectores: as\u00ed la cultura vuelve a encontrarse con lxs vecinxs en el espacio p\u00fablico\u00bb.<\/p>\n<p><a class=\"btn btn-small btn-primary\" href=\"http:\/\/www.buenosaires.gob.ar\/cultura\/protocolos\/protocolo-para-el-funcionamiento-de-espacios-culturales-al-aire-libre\">Protocolo para el funcionamiento de espacios culturales al aire libre<\/a><\/p>\n<p><img decoding=\"async\" loading=\"lazy\" src=\"https:\/\/www.diario5.com.ar\/wp-content\/uploads\/2020\/11\/unnamed_2_5.png\" width=\"963\" height=\"780\" alt=\"\"><\/p>\n<p>Adem\u00e1s, toda la familia podr\u00e1 continuar disfrutando de las diversas propuestas con alcance a todo el pa\u00eds, a trav\u00e9s de <a href=\"https:\/\/vivamoscultura.buenosaires.gob.ar\/\"><strong>Vivamos Cultura<\/strong><\/a> del Ministerio de Cultura de la Ciudad y redes sociales. Este s\u00e1bado 14 de noviembre de 21:30 a 24 y domingo 15 de noviembre de 10:30 a 11:30, <a href=\"https:\/\/www.instagram.com\/museosba\/\" target=\"_blank\" rel=\"noopener noreferrer\">@MuseosBA<\/a> ofrecer\u00e1 una divertida actividad infantil (de 4 a 10 a\u00f1os): <strong>Zoompamento<\/strong>, un campamento virtual v\u00eda zoom, producido por el grupo <em>Laberinto Masticable<\/em> y en el que los participantes podr\u00e1n disfrutar de una experiencia \u00fanica a trav\u00e9s de consignas para jugar, cantar, bailar y participar de juegos a trav\u00e9s de Zoom.<\/p>\n<p>Como en todos los campamentos, este tendr\u00e1 un fog\u00f3n en el que habr\u00e1 sorpresas musicales y los participantes van a recibir instrucciones para armar sus propias carpas y mochilas, con los elementos que tengan en sus casas.<\/p>\n<p><img decoding=\"async\" loading=\"lazy\" src=\"https:\/\/www.diario5.com.ar\/wp-content\/uploads\/2020\/11\/03_la_arena_y_el_agua_-_teatro_la_galera.jpg\" width=\"1200\" height=\"801\" alt=\"\"><\/p>\n<p>El Zoompamento tendr\u00e1 lugar en un espacio m\u00e1gico, el Museo S\u00edvori. Junto al equipo de artistas de Laberinto Masticable, el misterio de la obra perdida, habr\u00e1 que develar el misterio. Recorriendo el museo de forma virtual, deber\u00e1n ayudar a encontrar una obra de arte, encontr\u00e1ndose en su recorrido con pinturas, esculturas y con salas llenas de piezas embaladas listas para convertirse en una nueva muestra, que podr\u00e1n visitar cuando el museo reabra sus puertas. La actividad estar\u00e1 acompa\u00f1ada por canciones, juegos y personajes muy divertidos. Las entradas se sortear\u00e1n y para poder acceder deben inscribirse en la web de <a href=\"http:\/\/bapc.buenosaires.gob.ar\/zoompamento_mes_ninez\/#.X6nrYMhKhnJ\/\" target=\"_blank\" rel=\"noopener noreferrer\">Participaci\u00f3n Ciudadana<\/a>.<\/p>\n<blockquote>\n<p>El Centro Cultural Recoleta y el Centro Cultural 25 de Mayo ofrecer\u00e1n espect\u00e1culos al aire libre.<\/p>\n<\/blockquote>\n<p>Por otro lado, a trav\u00e9s del <em>Protocolo para el funcionamiento de espacios culturales al aire libre<\/em>, desde el 19 de noviembre se podr\u00e1n disfrutar las propuestas del <strong>Centro Cultural Recoleta<\/strong>. Y desde el 27 de noviembre, la programaci\u00f3n del <strong>Centro Cultural 25 de Mayo<\/strong> con <em>\u201cTerrazas lun\u00e1ticas\u201d<\/em>.<\/p>\n<p><img decoding=\"async\" loading=\"lazy\" src=\"https:\/\/www.diario5.com.ar\/wp-content\/uploads\/2020\/11\/01_vivi_cantoni_subsecretaria_gestion_cultural_enrique_avogadro_ministro_de_cultura_ciudad_clara_muzzio_ministra_de_espacio_publico_e_higiene_urbana_gcba.jpg\" width=\"1200\" height=\"800\" alt=\"\"><\/p>\n<\/div>","protected":false},"excerpt":{"rendered":"<p>El Gobierno de la Ciudad de Buenos Aires, desde el Ministerio de Cultura, acompa\u00f1a a la ni\u00f1ez a transitar la nueva normalidad con el regreso de eventos culturales al aire libre con p\u00fablico. En el Anfiteatro del Parque Centenario, chicas y chicos disfrutaron junto a sus familias de la obra del Teatro La Galera, La [&hellip;]<\/p>","protected":false},"author":8,"featured_media":619938,"comment_status":"open","ping_status":"closed","sticky":false,"template":"","format":"standard","meta":[],"categories":[5],"tags":[],"series":[],"_links":{"self":[{"href":"https:\/\/www.diario5.com.ar\/es\/wp-json\/wp\/v2\/posts\/619937"}],"collection":[{"href":"https:\/\/www.diario5.com.ar\/es\/wp-json\/wp\/v2\/posts"}],"about":[{"href":"https:\/\/www.diario5.com.ar\/es\/wp-json\/wp\/v2\/types\/post"}],"author":[{"embeddable":true,"href":"https:\/\/www.diario5.com.ar\/es\/wp-json\/wp\/v2\/users\/8"}],"replies":[{"embeddable":true,"href":"https:\/\/www.diario5.com.ar\/es\/wp-json\/wp\/v2\/comments?post=619937"}],"version-history":[{"count":1,"href":"https:\/\/www.diario5.com.ar\/es\/wp-json\/wp\/v2\/posts\/619937\/revisions"}],"predecessor-version":[{"id":619948,"href":"https:\/\/www.diario5.com.ar\/es\/wp-json\/wp\/v2\/posts\/619937\/revisions\/619948"}],"wp:featuredmedia":[{"embeddable":true,"href":"https:\/\/www.diario5.com.ar\/es\/wp-json\/wp\/v2\/media\/619938"}],"wp:attachment":[{"href":"https:\/\/www.diario5.com.ar\/es\/wp-json\/wp\/v2\/media?parent=619937"}],"wp:term":[{"taxonomy":"category","embeddable":true,"href":"https:\/\/www.diario5.com.ar\/es\/wp-json\/wp\/v2\/categories?post=619937"},{"taxonomy":"post_tag","embeddable":true,"href":"https:\/\/www.diario5.com.ar\/es\/wp-json\/wp\/v2\/tags?post=619937"},{"taxonomy":"series","embeddable":true,"href":"https:\/\/www.diario5.com.ar\/es\/wp-json\/wp\/v2\/series?post=619937"}],"curies":[{"name":"wp","href":"https:\/\/api.w.org\/{rel}","templated":true}]}}