{"id":619866,"date":"2020-11-01T10:02:38","date_gmt":"2020-11-01T13:02:38","guid":{"rendered":"https:\/\/www.diario5.com.ar\/el-teatro-colon-ofrece-online-coppelia\/"},"modified":"2020-11-03T00:47:30","modified_gmt":"2020-11-03T03:47:30","slug":"el-teatro-colon-ofrece-online-coppelia","status":"publish","type":"post","link":"https:\/\/www.diario5.com.ar\/es\/el-teatro-colon-ofrece-online-coppelia\/","title":{"rendered":"Coppelia, hoy por el streaming del Col\u00f3n"},"content":{"rendered":"<h2 class=\"sub-title-primary\"><\/h2> <div>\n<p><iframe loading=\"lazy\" src=\"https:\/\/www.youtube.com\/embed\/Sy6TbgS4ZEw\" width=\"740\" height=\"394\" frameborder=\"0\" allowfullscreen=\"allowfullscreen\"><\/iframe><\/p>\n<p>Fue en 2018. Y sali\u00f3 espectacular. Con la impronta de\u00a0la <strong>direcci\u00f3n art\u00edstica de Paloma Herrera.<\/strong> Es hoy a la 20.00. Hay que conectarse a <a href=\"https:\/\/teatrocolon.org.ar\/es\/culturaencasa\/\" target=\"_blank\" rel=\"noopener noreferrer\">www.teatrocolon.org.ar\/culturaencasa<\/a>.<\/p>\n<p><strong>Lo realiza el Ballet Estable del Teatro Col\u00f3n<\/strong><\/p>\n<p>La espectacular combinaci\u00f3n de piezas de m\u00faltiples g\u00e9neros compuestas por L\u00e9o Delibes deja, por momentos, sensaciones de estar en los prados de m\u00e1s de una tierra europea, ya que la belleza de la m\u00fasica de Delibes podr\u00eda competir con el maravilloso paisajismo checo de Dvorak en Ruisalka, como la luminosidad arm\u00f3nico-mel\u00f3dica rusa de Tchaikosvsky en sus legendarios \u00abLago&#8230;\u00bb y \u00abCascanueces\u00bb.<\/p>\n<hr \/>\n<p>&nbsp;<\/p>\n<p>La transmisi\u00f3n tambi\u00e9n estar\u00e1 disponible en las <strong>redes sociales oficiales del Teatro Col\u00f3n<\/strong>: <a href=\"https:\/\/www.facebook.com\/TeatroColonOficial\/\" target=\"_blank\" rel=\"noopener noreferrer\">www.facebook.com\/TeatroColonOficial<\/a>, <a href=\"https:\/\/www.youtube.com\/teatrocolontv\/\" target=\"_blank\" rel=\"noopener noreferrer\">www.youtube.com\/teatrocolontv<\/a>, <a href=\"https:\/\/www.instagram.com\/teatrocolon\/\" target=\"_blank\" rel=\"noopener noreferrer\">www.instagram.com\/teatrocolon<\/a> y <a href=\"https:\/\/www.twitch.tv\/teatrocolon\/\" target=\"_blank\" rel=\"noopener noreferrer\">www.twitch.tv\/teatrocolon<\/a>.<\/p>\n<blockquote><p>Desde este domingo 1\u00b0 de noviembre a las 20, Coppelia est\u00e1 online en <a href=\"https:\/\/teatrocolon.org.ar\/es\/culturaencasa\/\" target=\"_blank\" rel=\"noopener noreferrer\">www.teatrocolon.org.ar\/culturaencasa<\/a>.<\/p><\/blockquote>\n<p>&nbsp;<\/p>\n<p>Esta versi\u00f3n que form\u00f3 parte de la Temporada 2018 tuvo la coreograf\u00eda de Enrique Mart\u00ednez, reposici\u00f3n coreogr\u00e1fica de Dalal Achcar, dise\u00f1o de escenograf\u00eda y vestuario de Jos\u00e9 Varona y la batuta del director musical Martin West al frente de la Orquesta Filarm\u00f3nica de Buenos Aires. Swanilda ser\u00e1 interpretada por la bailarina <strong>Macarena Gim\u00e9nez<\/strong> mientras que <strong>Juan Pablo Ledo<\/strong> encarnar\u00e1 el rol de Franz.<\/p>\n<p>Este ballet narra la historia de una mu\u00f1eca que cambia la vida de una pareja de aldeanos. La criatura inhumana del misterioso Dr. Coppelius, un viejo artesano, misterioso y extravagante, enamora al aldeano Franz a tal punto que lo aleja de su novia Swanilda. Ella deber\u00e1 emular a una mu\u00f1eca para hacer salir del error a su amado y recomponer sus vidas. Coppelia, es una alegre celebraci\u00f3n al amor, a la amistad y a la vida.<\/p>\n<p><img decoding=\"async\" loading=\"lazy\" title=\"Coppelia. Foto de Arnaldo Colombaroli\/Teatro Col\u00f3n\" src=\"https:\/\/www.diario5.com.ar\/wp-content\/uploads\/2020\/11\/coppelia_2018_-_foto_2_c_arnaldo_colombaroli.jpg\" alt=\"Coppelia. Foto de Arnaldo Colombaroli\/Teatro Col\u00f3n\" width=\"1024\" height=\"652\" \/><\/p>\n<hr \/>\n<h2>M\u00e1s contenidos online del Col\u00f3n<\/h2>\n<p>Los nuevos contenidos se suben en la plataforma digital <a href=\"https:\/\/teatrocolon.org.ar\/es\/culturaencasa\/\" target=\"_blank\" rel=\"noopener noreferrer\">www.teatrocolon.org.ar\/culturaencasa<\/a>.<\/p>\n<blockquote><p>Rusalka<\/p><\/blockquote>\n<p>El domingo 25 de octubre se transmiti\u00f3 online <strong>Rusalka<\/strong>, de Antonin Dvo\u0159\u00e1k, que se present\u00f3 en el marco de los festejos por el <em>D\u00eda Mundial de la \u00d3pera<\/em>. Esta versi\u00f3n es una adaptaci\u00f3n de la producci\u00f3n del Teatro de Bellas Artes de M\u00e9xico, con direcci\u00f3n musical de Juli\u00e1n Kuerti al frente de la Orquesta Estable del Teatro Col\u00f3n, direcci\u00f3n de escena de Enrique Singer y protagonizada por Ana Mar\u00eda Mart\u00ednez y Dmitry Golovnin.<\/p>\n<p><iframe loading=\"lazy\" src=\"https:\/\/www.youtube.com\/embed\/PuP9d_A_YP8\" width=\"740\" height=\"394\" frameborder=\"0\" allowfullscreen=\"allowfullscreen\"><\/iframe><\/p>\n<blockquote><p>Cunas de Cantos del Mundo<\/p><\/blockquote>\n<p>La propuesta del Teatro Col\u00f3n para la familia destinada a beb\u00e9s de hasta 3 a\u00f1os de edad, suma una nueva canci\u00f3n: <strong>Hush hush Thula thula<\/strong>, ritmo que cruza el atl\u00e1ntico como un puente entre culturas. Una canci\u00f3n an\u00f3nima popular del pueblo zul\u00fa, uno de los grupos \u00e9tnicos m\u00e1s importantes que habita \u00c1frica desde tiempos inmemoriales. Con Cunas de cantos del mundo, el Teatro Col\u00f3n abre un espacio para que los beb\u00e9s y sus familias se apropien de un cancionero que es mapa de la identidad cultural rioplatense, un crisol de los ritmos, lenguas, melod\u00edas y tonadas que trae a esta costa la inmigraci\u00f3n.<\/p>\n<p><iframe loading=\"lazy\" src=\"https:\/\/www.youtube.com\/embed\/wqIkpnEdKOQ\" width=\"740\" height=\"394\" frameborder=\"0\" allowfullscreen=\"allowfullscreen\"><\/iframe><\/p>\n<blockquote><p>Archivo hist\u00f3rico Sonoro<\/p><\/blockquote>\n<p>Una secci\u00f3n para compartir el patrimonio musical del primer coliseo. <strong>Homenaje a Richard Strauss<\/strong> (1964), junto a la Orquesta Estable del Teatro Col\u00f3n interpretando obras del gran compositor alem\u00e1n, dirigida por el maestro Witold Rowicki con la participaci\u00f3n como solista del pianista argentino Manuel Rego.<\/p>\n<p><iframe loading=\"lazy\" src=\"https:\/\/www.youtube.com\/embed\/uZb5PgfzlYA\" width=\"740\" height=\"394\" frameborder=\"0\" allowfullscreen=\"allowfullscreen\"><\/iframe><\/p>\n<blockquote><p>Recital de Narciso Yepes<\/p><\/blockquote>\n<p>En una de las inolvidables actuaciones sobre el escenario del Teatro Col\u00f3n del extraordinario guitarrista espa\u00f1ol.<\/p>\n<p><iframe loading=\"lazy\" src=\"https:\/\/www.youtube.com\/embed\/BMdVnVUHQsY\" width=\"740\" height=\"394\" frameborder=\"0\" allowfullscreen=\"allowfullscreen\"><\/iframe><\/p>\n<\/div>","protected":false},"excerpt":{"rendered":"<p>Fue en 2018. Y sali\u00f3 espectacular. Con la impronta de\u00a0la direcci\u00f3n art\u00edstica de Paloma Herrera. Es hoy a la 20.00. Hay que conectarse a www.teatrocolon.org.ar\/culturaencasa. Lo realiza el Ballet Estable del Teatro Col\u00f3n La espectacular combinaci\u00f3n de piezas de m\u00faltiples g\u00e9neros compuestas por L\u00e9o Delibes deja, por momentos, sensaciones de estar en los prados de [&hellip;]<\/p>","protected":false},"author":8,"featured_media":619867,"comment_status":"open","ping_status":"closed","sticky":false,"template":"","format":"standard","meta":[],"categories":[5],"tags":[],"series":[],"_links":{"self":[{"href":"https:\/\/www.diario5.com.ar\/es\/wp-json\/wp\/v2\/posts\/619866"}],"collection":[{"href":"https:\/\/www.diario5.com.ar\/es\/wp-json\/wp\/v2\/posts"}],"about":[{"href":"https:\/\/www.diario5.com.ar\/es\/wp-json\/wp\/v2\/types\/post"}],"author":[{"embeddable":true,"href":"https:\/\/www.diario5.com.ar\/es\/wp-json\/wp\/v2\/users\/8"}],"replies":[{"embeddable":true,"href":"https:\/\/www.diario5.com.ar\/es\/wp-json\/wp\/v2\/comments?post=619866"}],"version-history":[{"count":3,"href":"https:\/\/www.diario5.com.ar\/es\/wp-json\/wp\/v2\/posts\/619866\/revisions"}],"predecessor-version":[{"id":619913,"href":"https:\/\/www.diario5.com.ar\/es\/wp-json\/wp\/v2\/posts\/619866\/revisions\/619913"}],"wp:featuredmedia":[{"embeddable":true,"href":"https:\/\/www.diario5.com.ar\/es\/wp-json\/wp\/v2\/media\/619867"}],"wp:attachment":[{"href":"https:\/\/www.diario5.com.ar\/es\/wp-json\/wp\/v2\/media?parent=619866"}],"wp:term":[{"taxonomy":"category","embeddable":true,"href":"https:\/\/www.diario5.com.ar\/es\/wp-json\/wp\/v2\/categories?post=619866"},{"taxonomy":"post_tag","embeddable":true,"href":"https:\/\/www.diario5.com.ar\/es\/wp-json\/wp\/v2\/tags?post=619866"},{"taxonomy":"series","embeddable":true,"href":"https:\/\/www.diario5.com.ar\/es\/wp-json\/wp\/v2\/series?post=619866"}],"curies":[{"name":"wp","href":"https:\/\/api.w.org\/{rel}","templated":true}]}}