{"id":619685,"date":"2020-10-06T10:02:14","date_gmt":"2020-10-06T13:02:14","guid":{"rendered":"https:\/\/www.diario5.com.ar\/teatro-sin-teatro-ya-estan-los-seleccionados-de-la-convocatoria\/"},"modified":"2020-10-07T02:59:36","modified_gmt":"2020-10-07T05:59:36","slug":"teatro-sin-teatro-ya-estan-los-seleccionados-de-la-convocatoria","status":"publish","type":"post","link":"https:\/\/www.diario5.com.ar\/es\/teatro-sin-teatro-ya-estan-los-seleccionados-de-la-convocatoria\/","title":{"rendered":"Seleccionados para Teatro sin Teatro"},"content":{"rendered":"<h2 class=\"sub-title-primary\"><\/h2> <div>\n<p>Organizado por el Ministerio de Cultura de la Ciudad junto con Timbre4, el ciclo <strong>Teatro sin Teatro: Conexi\u00f3n Timbre4<\/strong>, ya cuenta con sus <strong>10 proyectos ganadores<\/strong>. Esta iniciativa busca apoyar y promover la producci\u00f3n de obras en formato audiovisual, dise\u00f1adas especialmente para ser transmitidas en la p\u00e1gina <a href=\"https:\/\/www.timbre4.com\/\">web del teatro<\/a> y en el sitio <a href=\"http:\/\/www.buenosaires.gob.ar\/culturaencasa\/\" target=\"_blank\" rel=\"noopener noreferrer\">Cultura en Casa <\/a>.<\/p>\n<p>Se presentaron a esta convocatoria <strong>m\u00e1s de 125 proyectos<\/strong>, de los cuales resultaron beneficiados los siguientes:<\/p>\n<p>\u2022 <strong>Un para\u00edso para Eminigildo<\/strong>. Responsable: Marianela Iglesia Velilla.<\/p>\n<p>\u2022 <strong>Sala de detenci\u00f3n<\/strong>. Responsable: Valentino Grizzutti.<\/p>\n<p>\u2022 <strong>Las chicas de t\u00eda<\/strong>. Responsable: Guadalupe Docampo.<\/p>\n<p>\u2022 <strong>Concovidato<\/strong>. Responsable: Maruja Bustamante.<\/p>\n<p>\u2022 <strong>H\u00e1bitat<\/strong>. Responsable: Laura Correa.<\/p>\n<p>\u2022 <strong>Protocol\u00e9 de la sororit\u00e9<\/strong>. Responsable: Claudia Mac Auliffe.<\/p>\n<p>\u2022 <strong>El d\u00eda que me enamor\u00e9 de morir<\/strong>. Responsable: Catalina Basilio.<\/p>\n<p>\u2022 <strong>Lily y el Zorro<\/strong>. Responsable: Federico Lehman.<\/p>\n<p>\u2022 <strong>Encriptado<\/strong>. Responsable: Daniel Posada.<\/p>\n<p>\u2022 <strong>Protocolo Arreit<\/strong>. Responsable: Florencia Szklar.<\/p>\n<p>Los proyectos ganadores recibir\u00e1n $20.000 pesos cada uno y ser\u00e1n exhibidos a trav\u00e9s de la plataforma de Timbre4 desde el <strong>s\u00e1bado 24 de octubre<\/strong>, en la web Cultura en Casa y replicados por instituciones internacionales de Chile, Uruguay y Espa\u00f1a, por confirmar, como contenidos de libre acceso.<\/p>\n<p>Con esta iniciativa se busc\u00f3 estimular la reflexi\u00f3n y producci\u00f3n de creadores esc\u00e9nicos e invitarlos a pensar las posibilidades de desplazamientos expresivos que habilita el uso del lenguaje audiovisual; generar un espacio de trabajo dentro del \u00e1mbito independiente y difundir creaciones en soporte digital; habilitar un espacio de intercambio con creadores residentes en Argentina y acoger y difundir propuestas diversas de artistas esc\u00e9nicos independientes.<\/p>\n<\/p>\n<hr>\n<h2>Otras convocatorias vigentes<\/h2>\n<p>Con el objetivo de continuar impulsando la cultura y a sus protagonistas en un contexto de aislamiento social, preventivo y obligatorio y brindar oportunidades a nuevos creadores y fomentar el talento de nuestros hacedores, el Ministerio de Cultura porte\u00f1o invita a participar de las distintas convocatorias abiertas en la Ciudad.<\/p>\n<p>El <strong>Festival Ciudad Emergente<\/strong> invita a todas aquellas bandas que forman parte de la cultura rock federal a participar de espacios virtuales de formaci\u00f3n, capacitaci\u00f3n e intercambio de la mano de expertos durante noviembre y diciembre 2020 y a subirse a diferentes escenarios de la Ciudad en 2021.<\/p>\n<p>Las 50 bandas elegidas recibir\u00e1n $20.000 cada una y vivir\u00e1n la <strong>#ExperienciaEmergente<\/strong>, un valioso espacio de intercambio entre todas las bandas y reconocidos artistas, gestores y hacedores de la m\u00fasica.<br \/>\n<\/p>\n<p><iframe loading=\"lazy\" width=\"740\" height=\"394\" src=\"https:\/\/www.youtube.com\/embed\/KA4yT9_ckIQ\" frameborder=\"0\" allow=\"accelerometer; autoplay; clipboard-write; encrypted-media; gyroscope; picture-in-picture\" allowfullscreen><\/iframe><\/p>\n<p><\/p>\n<p>El jurado, conformado por notables referentes del campo musical argentino, seleccionar\u00e1 12 bandas de entre las 50 preseleccionadas. Las elegidas, se presentar\u00e1n en diferentes escenarios de la Ciudad de Buenos Aires durante el verano 2021 y se subir\u00e1n al escenario principal del Festival Ciudad Emergente en 2021.<\/p>\n<p>La inscripci\u00f3n se realiza presentando hasta 3 videos musicales grabados preferentemente en vivo + 1 video en el cual un integrante de la banda cuente por qu\u00e9 quieren ser elegidos para vivir la #ExperienciaEmergente y completando el formulario en la <a href=\"http:\/\/www.buenosaires.gob.ar\/festivalesba\/\" target=\"_blank\" rel=\"noopener noreferrer\">web<\/a> o en las redes sociales de Festivales de la Ciudad (Youtube FestivalesGCBA, Facebook \/FestivalesGCBA e Instagram @festivalesgcba) hasta el 16 de octubre.<\/p>\n<blockquote>\n<p><a href=\"http:\/\/www.buenosaires.gob.ar\/festivalesba\/\" target=\"_blank\" rel=\"noopener noreferrer\">M\u00e1s informaci\u00f3n<\/a><br \/>\n  <\/p>\n<\/blockquote>\n<p><img decoding=\"async\" loading=\"lazy\" src=\"https:\/\/www.diario5.com.ar\/wp-content\/uploads\/2020\/10\/7257_emergente_061019_mg_6932_0.jpg\" width=\"700\" height=\"467\" alt=\"\"><\/p>\n<hr>\n<p>Por otro lado, el <strong>Centro Cultural Recoleta<\/strong> en trabajo conjunto con otras organizaciones de la Ciudad de Buenos Aires lanza convocatorias que invitan a artistas e investigadores a desarrollar proyectos en conjunto con otras personas, en el marco de la campa\u00f1a <strong>Un Mundo de Gente<\/strong>:<\/p>\n<ul>\n<li>\n<p>Junto a la <strong>Bienal de la Imagen en Movimiento<\/strong> (BIM), se dispuso la convocatoria a Realizaci\u00f3n de Ensayo Escrito y Audiovisual, una convocatoria orientada a duplas de creadores audiovisuales, artistas, cr\u00edticos e investigadores. Las duplas seleccionadas recibir\u00e1n un apoyo econ\u00f3mico de $80.000 cada una, con el objetivo de crear un ensayo audiovisual y un ensayo escrito (por colectivo), alrededor del proyecto coral online de la 5\u00ba edici\u00f3n de la BIM. El ensayo audiovisual ser\u00e1 integrado en la plataforma online de la BIM y el escrito formar\u00e1 parte de la Memoria de la Bienal, que se publicar\u00e1 en 2021. La convocatoria se encuentra abierta hasta el 6 de octubre.<\/p>\n<\/li>\n<li>\n<p>En convocatoria con BOTY Internacional y BOTY AUP, se encuentra disponible la convocatoria para la <strong>Creaci\u00f3n de Coreograf\u00eda de Hip Hop<\/strong> hasta el 7 de octubre destinada a core\u00f3grafos y bailarines de Hip Hop interesados en crear en duplas un proyecto coreogr\u00e1fico corto para el espacio p\u00fablico. Los seleccioEl Recoleta junto al Complejo Teatral de Buenos Aires lanzaron esta convocatoria orientada a Duplas y colectivos de directores y creadores de las artes esc\u00e9nicas con el objetivo de crear y proponer un proyecto de Obra esc\u00e9nica itinerante para el espacio p\u00fablico. Los proyectos tienen tiempo para inscribirse hasta el pr\u00f3ximo 14 de octubre y los seleccionados recibir\u00e1n un premio a la creaci\u00f3n de $80.000. Adem\u00e1s, su puesta ser\u00e1 producida por el Centro Cultural Recoleta y el CTBA en 2021.<br \/>\nnados recibir\u00e1n un apoyo econ\u00f3mico de $80.000.<\/p>\n<\/li>\n<li>\n<p>En conjunto con el Goethe-Institut y al \u00c1rea Editorial de Impulso Cultural del Ministerio de Cultura porte\u00f1o, el Centro Cultural Recoleta abri\u00f3 una nueva convocatoria destinada a duplas de escritores, compuestas por narradores, poetas o ensayistas interesados en crear un <strong>Proyecto epistolar<\/strong>. Los proyectos se podr\u00e1n presentar hasta el 8 de octubre y los seleccionados recibir\u00e1n un apoyo econ\u00f3mico de $80.000 mil pesos y sus autores ser\u00e1n invitados a leer fragmentos del trabajo realizado como parte de la programaci\u00f3n del Centro Cultural Recoleta. La convocatoria est\u00e1 dirigida a duplas de narradores\/as, poetas\/poetisas y\/o ensayistas mayores de 18 a\u00f1os al 10 de septiembre de 2020. Podr\u00e1n presentarse a esta convocatoria proyectos de intercambio epistolar de 10 p\u00e1ginas donde aparezca cada voz al menos dos veces. Las voces epistolares podr\u00e1n ser autorreferenciales o ficticias. La versi\u00f3n final de los proyectos seleccionados deber\u00e1 ser finalizada para marzo de 2021. Al menos uno de sus integrantes deber\u00e1 ser de nacionalidad argentina, con residencia permanente en el pa\u00eds.<\/p>\n<\/li>\n<li>\n<p>Otra de las propuestas es la de <strong>Dise\u00f1o de Afiches<\/strong>, realizada junto al Festival internacional del Afiche (FINA) de la Universidad de Buenos Aires (UBA) y orientada a duplas o colectivos de afichistas, artistas visuales, dise\u00f1adores gr\u00e1ficos, estudiantes avanzados y profesionales, interesados en la creaci\u00f3n y realizaci\u00f3n de afiches. Los colectivos autores de las propuestas gr\u00e1ficas seleccionadas recibir\u00e1n un apoyo econ\u00f3mico de $80.000, difusi\u00f3n en las plataformas y redes del Recoleta, de FINA y de FADU-UBA y participar\u00e1n de la muestra oficial en la pr\u00f3xima edici\u00f3n del FINA-UBA 2021. Adem\u00e1s se elegir\u00e1n otras propuestas gr\u00e1ficas que tambi\u00e9n formar\u00e1n parte de la muestra de FINA UBA 2021. Hay tiempo para inscribirse hasta el 13 de octubre.<\/p>\n<\/li>\n<li>\n<p>El Recoleta junto al Complejo Teatral de Buenos Aires lanzaron esta convocatoria orientada a <strong>Duplas y colectivos de directores y creadores de las artes esc\u00e9nicas<\/strong> con el objetivo de crear y proponer un proyecto de <em>Obra esc\u00e9nica itinerante<\/em> para el espacio p\u00fablico. Los proyectos tienen tiempo para inscribirse hasta el pr\u00f3ximo 14 de octubre y los seleccionados recibir\u00e1n un premio a la creaci\u00f3n de $80.000. Adem\u00e1s, su puesta ser\u00e1 producida por el Centro Cultural Recoleta y el CTBA en 2021.<\/p>\n<\/li>\n<li>\n<p>En conjunto con British Council, se lanz\u00f3 hasta el pr\u00f3ximo 15 de octubre, la convocatoria a <strong>Creaci\u00f3n para M\u00fasicos\/as<\/strong> orientada a propuestas de colaboraciones entre dos o m\u00e1s m\u00fasicos de diversos g\u00e9neros y estilos musicales, a trav\u00e9s del apoyo a la creaci\u00f3n y producci\u00f3n de nuevas obras durante un per\u00edodo de tres meses. Las propuestas seleccionadas recibir\u00e1n un apoyo econ\u00f3mico de $80.000 y las canciones resultantes ser\u00e1n difundidas a trav\u00e9s de los canales digitales del Recoleta y el British Council.<\/p>\n<\/li>\n<\/ul>\n<blockquote>\n<p><a href=\"http:\/\/centroculturalrecoleta.org\/convocatorias\/\" target=\"_blank\" rel=\"noopener noreferrer\">M\u00e1s informaci\u00f3n<\/a><br \/>\n  <\/p>\n<\/blockquote>\n<p><img decoding=\"async\" loading=\"lazy\" src=\"https:\/\/www.diario5.com.ar\/wp-content\/uploads\/2020\/10\/recoleta_6.jpg\" width=\"1200\" height=\"688\" alt=\"\"><\/p>\n<hr>\n<p>Por otro lado, el <strong>Centro Cultural San Mart\u00edn<\/strong> junto a la Universidad Nacional de San Mart\u00edn, el British Council, Potenciar Comunidades y Fundaci\u00f3n Williams, presenta <strong>H20 Horizontes Humanos en Observaci\u00f3n (H2O)<\/strong>, una nueva convocatoria de arte y ciencia.<\/p>\n<p>En el marco de la novena edici\u00f3n de <strong>Noviembre Electr\u00f3nico<\/strong>, la convocatoria H20 se encontrar\u00e1 abierta hasta el pr\u00f3ximo 15 de octubre y estar\u00e1 destinada a fomentar la creaci\u00f3n y exhibici\u00f3n de obra art\u00edstico-cient\u00edfica que permita dar cuenta de hechos en los l\u00edmites del conocimiento. Esta convocatoria apoyar\u00e1 la producci\u00f3n de obra, tanto f\u00edsica como virtual, que sea producto de la colaboraci\u00f3n genuina entre artistas y cient\u00edficas\/os.<\/p>\n<p>La presentaci\u00f3n de los proyectos deber\u00e1n incluir un desarrollo presupuestario discriminado teniendo en cuenta la siguiente distribuci\u00f3n: producci\u00f3n t\u00e9cnica hasta $100.000 (cien mil pesos argentinos), honorarios para responsables del proyecto hasta $20.000 (veinte mil pesos argentinos) y viajes y vi\u00e1ticos no elegibles.<\/p>\n<blockquote>\n<p><a href=\"http:\/\/elculturalsanmartin.org\/programacion\/evento\/3531-convocatoria-h20-horizontes-humanos-en-observaci-n-\/\" target=\"_blank\" rel=\"noopener noreferrer\">M\u00e1s informaci\u00f3n<\/a><br \/>\n  <\/p>\n<\/blockquote>\n<p><img decoding=\"async\" loading=\"lazy\" src=\"https:\/\/www.diario5.com.ar\/wp-content\/uploads\/2020\/10\/convocatoria_visivilizar_foto_sandra_cartasso_2_1.jpg\" width=\"960\" height=\"639\" alt=\"\"><\/p>\n<hr>\n<p>Con el fin de seguir acompa\u00f1ando al sector cultural, el <strong>Complejo Teatral con el apoyo del Banco Ciudad<\/strong> lanzan la convocatoria abierta de proyectos para artes esc\u00e9nicas. Un jurado seleccionar\u00e1 10 proyectos para la creaci\u00f3n y producci\u00f3n de espect\u00e1culos nuevos para estrenarse en 2021 en salas independientes de la CABA con un fondo total de $5.000.000 recibiendo cada proyecto $500.000. La inscripci\u00f3n ser\u00e1 via web. La convocatoria se abrir\u00e1 en octubre, por 30 d\u00edas. Los ganadores se conocer\u00e1n antes de fin de a\u00f1o y la producci\u00f3n y puesta en escena de las obras ser\u00e1 desde marzo o abril del pr\u00f3ximo a\u00f1o de manera escalonada.<\/p>\n<p>Por \u00faltimo, a\u00fan quedan unos d\u00edas de la convocatoria para participar en el <strong>Ciclo Teatro sin Teatro: Conexi\u00f3n Timbre4<\/strong>. Esta iniciativa creada por el Ministerio de Cultura de la Ciudad junto con Timbre4 busca promover la producci\u00f3n de obras en formato audiovisual, dise\u00f1adas especialmente para ser transmitidas en la p\u00e1gina web del teatro y en el sitio Cultura en Casa.<\/p>\n<p>Los proyectos propuestos deben ser in\u00e9ditos, exclusivamente pensados como estreno para este llamado y no pueden haber participado en otra convocatoria similar.<\/p>\n<p>Las propuestas ser\u00e1n recibidas hasta el 20 de septiembre. Y ser\u00e1n seleccionadas s\u00f3lo 10 por un jurado de Timbre4. Los proyectos ganadores recibir\u00e1n $20.000 pesos y ser\u00e1n exhibidos a trav\u00e9s de la plataforma de Timbre4 desde el viernes 23 de octubre, en la web Cultura en Casa y replicados por instituciones internacionales de Chile, Uruguay y Espa\u00f1a, por confirmar, como contenidos de libre acceso.<\/p>\n<blockquote>\n<p><a href=\"https:\/\/www.timbre4.com\/teatro\/847-convocatoria.html\">M\u00e1s informaci\u00f3n<\/a><br \/>\n  <\/p>\n<\/blockquote>\n<\/div>","protected":false},"excerpt":{"rendered":"<p>Organizado por el Ministerio de Cultura de la Ciudad junto con Timbre4, el ciclo Teatro sin Teatro: Conexi\u00f3n Timbre4, ya cuenta con sus 10 proyectos ganadores. Esta iniciativa busca apoyar y promover la producci\u00f3n de obras en formato audiovisual, dise\u00f1adas especialmente para ser transmitidas en la p\u00e1gina web del teatro y en el sitio Cultura [&hellip;]<\/p>","protected":false},"author":8,"featured_media":619686,"comment_status":"open","ping_status":"closed","sticky":false,"template":"","format":"standard","meta":[],"categories":[5],"tags":[],"series":[],"_links":{"self":[{"href":"https:\/\/www.diario5.com.ar\/es\/wp-json\/wp\/v2\/posts\/619685"}],"collection":[{"href":"https:\/\/www.diario5.com.ar\/es\/wp-json\/wp\/v2\/posts"}],"about":[{"href":"https:\/\/www.diario5.com.ar\/es\/wp-json\/wp\/v2\/types\/post"}],"author":[{"embeddable":true,"href":"https:\/\/www.diario5.com.ar\/es\/wp-json\/wp\/v2\/users\/8"}],"replies":[{"embeddable":true,"href":"https:\/\/www.diario5.com.ar\/es\/wp-json\/wp\/v2\/comments?post=619685"}],"version-history":[{"count":1,"href":"https:\/\/www.diario5.com.ar\/es\/wp-json\/wp\/v2\/posts\/619685\/revisions"}],"predecessor-version":[{"id":619699,"href":"https:\/\/www.diario5.com.ar\/es\/wp-json\/wp\/v2\/posts\/619685\/revisions\/619699"}],"wp:featuredmedia":[{"embeddable":true,"href":"https:\/\/www.diario5.com.ar\/es\/wp-json\/wp\/v2\/media\/619686"}],"wp:attachment":[{"href":"https:\/\/www.diario5.com.ar\/es\/wp-json\/wp\/v2\/media?parent=619685"}],"wp:term":[{"taxonomy":"category","embeddable":true,"href":"https:\/\/www.diario5.com.ar\/es\/wp-json\/wp\/v2\/categories?post=619685"},{"taxonomy":"post_tag","embeddable":true,"href":"https:\/\/www.diario5.com.ar\/es\/wp-json\/wp\/v2\/tags?post=619685"},{"taxonomy":"series","embeddable":true,"href":"https:\/\/www.diario5.com.ar\/es\/wp-json\/wp\/v2\/series?post=619685"}],"curies":[{"name":"wp","href":"https:\/\/api.w.org\/{rel}","templated":true}]}}