{"id":619626,"date":"2020-10-02T10:01:07","date_gmt":"2020-10-02T13:01:07","guid":{"rendered":"https:\/\/www.diario5.com.ar\/talleres-virtuales-sobre-danza-y-movimiento-para-personas-mayores-de-60-anos\/"},"modified":"2020-10-05T21:27:22","modified_gmt":"2020-10-06T00:27:22","slug":"talleres-virtuales-sobre-danza-y-movimiento-para-personas-mayores-de-60-anos","status":"publish","type":"post","link":"https:\/\/www.diario5.com.ar\/es\/talleres-virtuales-sobre-danza-y-movimiento-para-personas-mayores-de-60-anos\/","title":{"rendered":"Talleres para mayores"},"content":{"rendered":"<h2 class=\"sub-title-primary\"><\/h2> <div>\n<p>Presentan, como un espacio de reflexi\u00f3n en torno a la <strong>danza y el movimiento, los<\/strong>\u00a0<strong>talleres virtuales orientados a personas mayores de 60 a\u00f1os<\/strong>, Se dividen en cuatro seminarios por semana. Son varias disciplinas. Todo va por Zoom. La inscripci\u00f3n estar\u00e1 abierta hasta este domingo 4 de octubre y comenzar\u00e1n el lunes 5. Como es ya conocido, se trata de iniciativas de la Direcci\u00f3n General de Promoci\u00f3n del Libro, Bibliotecas y la Cultura, con apoyo del Complejo Teatral de Buenos Aires y la supervisi\u00f3n del Ministerio de Cultura de la Ciudad,<\/p>\n<blockquote><p><a href=\"https:\/\/docs.google.com\/forms\/d\/e\/1FAIpQLSdWv_GL4803ltw-zcRmzRX_Yz2VR_rhytjNouL0RE1tjNQzEw\/viewform\">Inscripci\u00f3n<\/a><\/p><\/blockquote>\n<p>El programa abarca el estudio hist\u00f3rico del estilo barroco al clasicismo, la pr\u00e1ctica de danzas representativas del folklore nacional, pautas para prevenir el envejecimiento prematuro y la indagaci\u00f3n sobre desmontaje de obras. Los talleres estar\u00e1n a cargo de distintos referentes: An\u00edbal N\u00e9stor Zorrilla, Sergio Villalba, Roberto Liaskowsky y Alejandro Cervera. La iniciativa busca difundir conocimientos en distintos aspectos de la danza y el movimiento, con el objetivo de promover la participaci\u00f3n cultural de las personas mayores, generando a la vez espacios de desarrollo y cercan\u00eda en tiempos de aislamiento social.<\/p>\n<h3>Del Barroco al Clasicismo<\/h3>\n<ul>\n<li><strong>D\u00edas y hora de cursada:<\/strong> viernes 9, 16, 23 y 30 de octubre a las 11 horas.<\/li>\n<\/ul>\n<p>En la primera mitad del siglo XVIII junto a Johann Sebastian Bach, Georg Friedrich H\u00e4ndel y Antonio Vivaldi existieron muchos otros compositores hoy poco recordados que fueron quienes abandonaron la forma de hacer m\u00fasica del barroco y crearon los nuevos estilos que luego van a derivar en el neoclasicismo de Joseph Haydn, Wolfgang Amadeus Mozart y Ludwig van Beethoven. Es una \u00e9poca de cambios r\u00e1pidos, de b\u00fasquedas, exploraciones e innovaciones quiz\u00e1s poco evidentes desde la perspectiva del siglo XXI, que merece una mirada m\u00e1s atenta y una escucha desprejuiciada, alejada de las comparaciones con los \u00abgrandes cl\u00e1sicos\u00bb, para poder acceder a la riqueza de sus creaciones. A trav\u00e9s de la m\u00fasica instrumental, espec\u00edficamente de la sinfon\u00eda y las sonatas para teclado, se abordar\u00e1n las obras y estilos de estos compositores y relacionarlos con la vida en los lugares y la \u00e9poca en que produjeron sus realizaciones.<\/p>\n<ul>\n<li>Docente a cargo: An\u00edbal N\u00e9stor Zorilla.<\/li>\n<\/ul>\n<hr \/>\n<h3>Un gato en Carnaval \u2013 Historia de la m\u00fasica en cuatro encuentros y dos danzas folcl\u00f3ricas<\/h3>\n<ul>\n<li><strong>D\u00edas y hora de cursada:<\/strong> lunes 12, 19 y 26 de octubre y lunes 2 de noviembre a las 11 horas.<br \/>\nCuatro encuentros para moverse y dialogar, teniendo como eje principal dos danzas folcl\u00f3ricas argentinas: \u201cEl gato\u201d y \u201cEl carnavalito\u201d. La idea es aprender a bailar y hacer \u00e9nfasis en la m\u00fasica, repasando la historia y las influencias, con apoyo en un diverso material sonoro y videogr\u00e1fico.<\/li>\n<li>Docente a cargo: Sergio Villalba.<\/li>\n<\/ul>\n<hr \/>\n<h3>Taller: pautas para prevenir el envejecimiento prematuro<\/h3>\n<ul>\n<li><strong>D\u00edas y hora de cursada:<\/strong> mi\u00e9rcoles 7, 14, 21 y 28 de octubre a las 10.30 horas.<br \/>\nLa propuesta del curso es conocer y experimentar una serie de recursos pr\u00e1cticos, que ayudan a una mejor calidad de vida. Se trabajar\u00e1 mejorando la respiraci\u00f3n, aliviando las tensiones y rigideces corporales y ayudando a una mejor postura.<br \/>\nHabr\u00e1 un espacio tambi\u00e9n para conectar con el aspecto creativo que tiene el cuerpo, recuperando el aspecto vital y l\u00fadico. La idea es que los participantes dispongan de recursos autogestivos para poder seguir practicando en su vida cotidiana.<\/li>\n<li>Docente a cargo: Roberto Liaskowsky.<\/li>\n<\/ul>\n<hr \/>\n<h3>Conversaciones con Cervera<\/h3>\n<ul>\n<li><strong>D\u00edas y hora de cursada:<\/strong> martes 6, 13, 20 y 27 de octubre a las 11 horas.<\/li>\n<li>Docente a cargo: Alejandro Cervera es m\u00fasico, regisseur y core\u00f3grafo. Trabaj\u00f3 con las principales compa\u00f1\u00edas de danza de Argentina. Sus obras fueron presentadas en USA, Europa y Oriente. Su trabajo como director de escena incluye el repertorio barroco, el verismo y estrenos contempor\u00e1neos. Ha recibido los premios Maria Ruanova , ACE y Teatros del Mundo.<\/li>\n<\/ul>\n<p>Quienes est\u00e9n interesados en participar tendr\u00e1n tiempo de llenar la <strong>solicitud de inscripci\u00f3n hasta el domingo 4 de octubre<\/strong>. Para hacerlo, deber\u00e1n completar el siguiente <a href=\"https:\/\/docs.google.com\/forms\/d\/e\/1FAIpQLSdWv_GL4803ltw-zcRmzRX_Yz2VR_rhytjNouL0RE1tjNQzEw\/viewform\">formulario de inscripci\u00f3n<\/a>.<\/p>\n<p><img decoding=\"async\" loading=\"lazy\" src=\"https:\/\/www.diario5.com.ar\/wp-content\/uploads\/2020\/10\/mg_4427_0-1.jpg\" alt=\"\" width=\"700\" height=\"467\" \/><\/p>\n<\/div>","protected":false},"excerpt":{"rendered":"<p>Presentan, como un espacio de reflexi\u00f3n en torno a la danza y el movimiento, los\u00a0talleres virtuales orientados a personas mayores de 60 a\u00f1os, Se dividen en cuatro seminarios por semana. Son varias disciplinas. Todo va por Zoom. La inscripci\u00f3n estar\u00e1 abierta hasta este domingo 4 de octubre y comenzar\u00e1n el lunes 5. Como es ya [&hellip;]<\/p>","protected":false},"author":8,"featured_media":619627,"comment_status":"open","ping_status":"closed","sticky":false,"template":"","format":"standard","meta":[],"categories":[5],"tags":[],"series":[],"_links":{"self":[{"href":"https:\/\/www.diario5.com.ar\/es\/wp-json\/wp\/v2\/posts\/619626"}],"collection":[{"href":"https:\/\/www.diario5.com.ar\/es\/wp-json\/wp\/v2\/posts"}],"about":[{"href":"https:\/\/www.diario5.com.ar\/es\/wp-json\/wp\/v2\/types\/post"}],"author":[{"embeddable":true,"href":"https:\/\/www.diario5.com.ar\/es\/wp-json\/wp\/v2\/users\/8"}],"replies":[{"embeddable":true,"href":"https:\/\/www.diario5.com.ar\/es\/wp-json\/wp\/v2\/comments?post=619626"}],"version-history":[{"count":3,"href":"https:\/\/www.diario5.com.ar\/es\/wp-json\/wp\/v2\/posts\/619626\/revisions"}],"predecessor-version":[{"id":619682,"href":"https:\/\/www.diario5.com.ar\/es\/wp-json\/wp\/v2\/posts\/619626\/revisions\/619682"}],"wp:featuredmedia":[{"embeddable":true,"href":"https:\/\/www.diario5.com.ar\/es\/wp-json\/wp\/v2\/media\/619627"}],"wp:attachment":[{"href":"https:\/\/www.diario5.com.ar\/es\/wp-json\/wp\/v2\/media?parent=619626"}],"wp:term":[{"taxonomy":"category","embeddable":true,"href":"https:\/\/www.diario5.com.ar\/es\/wp-json\/wp\/v2\/categories?post=619626"},{"taxonomy":"post_tag","embeddable":true,"href":"https:\/\/www.diario5.com.ar\/es\/wp-json\/wp\/v2\/tags?post=619626"},{"taxonomy":"series","embeddable":true,"href":"https:\/\/www.diario5.com.ar\/es\/wp-json\/wp\/v2\/series?post=619626"}],"curies":[{"name":"wp","href":"https:\/\/api.w.org\/{rel}","templated":true}]}}