{"id":619514,"date":"2020-09-30T22:18:24","date_gmt":"2020-10-01T01:18:24","guid":{"rendered":"https:\/\/www.diario5.com.ar\/?p=619514"},"modified":"2025-09-07T01:03:44","modified_gmt":"2025-09-07T04:03:44","slug":"619514-2","status":"publish","type":"post","link":"https:\/\/www.diario5.com.ar\/es\/619514-2\/","title":{"rendered":"Quino: Amor al Creador"},"content":{"rendered":"<h2 class=\"sub-title-primary\"><\/h2> <p>La p\u00e9rdida f\u00edsica de Joaqu\u00edn Lavado, el inolvidable quino conforma un significativo cambio de era en el mundo del arte humor\u00edstico gr\u00e1fico. Quino fue la bisagra que consagr\u00f3 la condici\u00f3n de creador por encima de la mera t\u00e9cnica del dibujo condimentada con alg\u00fan toque humor\u00edstico o literario.<\/p>\n<p>Por supuesto que la amalgama de ambas cosas val\u00eda la pena que se expresaran, m\u00e1s tomando en cuenta que -en la mayor\u00eda de los casos-era f\u00e1cil encontrar la reuni\u00f3n de los dos talentos en una misma persona.<\/p>\n<p>Hasta aqu\u00ed todo parece sencillo: un artista con buenas ideas, lindas formitas para dibujar, personajitos simp\u00e1ticos, cierta lucidez para combinar la realidad pol\u00edtica y social con la historia misma contada en la tira y buen conocimiento del lenguaje de los m\u00e1s j\u00f3venes en el momento adecuado, dejan como resultado una suerte de \u00e9xito asegurado para una historieta.<\/p>\n<p>Pero la realidad indica que s\u00f3lo unos pocos, poqu\u00edsimos artistas gr\u00e1ficos alcanzan la talla monumental de Joaqu\u00edn.<\/p>\n<p>Para algunos historietistas muy experimentados, lo m\u00e1s maravilloso que les puede suceder en la vida es lograr que personajes de su creaci\u00f3n se introduzcan en el coraz\u00f3n del p\u00fablico al que se dirigen. Se trata de una de las quimeras casi imposibles a la que se someten permanentemente los dibujantes de comics o g\u00e9neros afines en el mundo entero. Y el planteo es real: a todos, alguna vez se les pas\u00f3 por la cabeza crear historias con personajes que consigan calar tan hondo como Mafalda y sus amigos. Quiz\u00e1s, en el futuro, deje de ser imposible. Por ahora, lo es.<\/p>\n<p style=\"text-align: left;\"><img decoding=\"async\" loading=\"lazy\" class=\"wp-image-619519 alignleft\" src=\"https:\/\/www.diario5.com.ar\/wp-content\/uploads\/2020\/09\/quino_02.jpg\" alt=\"\" width=\"496\" height=\"333\" \/>La primera entrevista que tuve con Quino fue en 1980, cuando integr\u00e9 la producci\u00f3n del audiovisual que inaugur\u00f3 el Primer Festival del Humor y la Historieta en Mor\u00f3n. All\u00ed, Quino demostr\u00f3 una predisposici\u00f3n extraordinaria a colaborar con un trabajo que lo inclu\u00eda entre los hist\u00f3ricos dibujantes e historietistas del pa\u00eds, en los que se inclu\u00edan nombres como H\u00e9ctor Oesterheld, Alberto y Enrique Breccia, Dante Quinterno, Garc\u00eda Ferr\u00e9, Lino Palacio.\u00a0Especial \u00e9nfasis puso el creador de Mafalda en cambiar el rol y preguntarnos a los j\u00f3venes periodistas c\u00f3mo se encontraba Elsa, la esposa de H\u00e9ctor Germ\u00e1n <em>Oesterheld. <\/em>No estuve en el equipo que entrevist\u00f3 a Elsa S\u00e1nchez para el documental. Por entonces, se sospechaba de todo ante la ausencia del famoso creador de El Eternauta. S\u00f3lo los asesinos de H\u00e9ctor y sus cobardes jefes sab\u00edan que ella ya era viuda, pero los ciudadanos de a pie, a\u00fan no. Quino escuch\u00f3 con gran sensibilidad todo lo que le transmitimos de nuestras entrevistas a Francisco Solano L\u00f3pez, el dibujante de El Eternauta, a los Breccia, a Juan Sasturain, a Lino Palacio (de posterior horrible final, junto a su esposa) y a otros dibujantes con los que \u00e9l no sol\u00eda tener contacto. Distinto era el caso de Hermenegildo S\u00e1bat, Horacio Altuna, Aldo Rivero, Crist, Caloi y Alberto Br\u00f3ccoli, con quienes se ve\u00eda en el \u00e1rea de dibujantes de la antigua redacci\u00f3n del diario Clar\u00edn. Joaqu\u00edn sab\u00eda que no iba a poder estar presente en el festival, porque viajaba a Europa para esa fecha.<\/p>\n<p>A pesar de ser muy reservado, se vinculaba jovialmente con sus colegas y a muchos les manifestaba su admiraci\u00f3n, como fue el caso de Eduardo Mel\u00e9ndez, quien dibujaba para el diario La Naci\u00f3n, en un estilo que ten\u00eda puntos en com\u00fan con el estilo de Quino en dibujos humor\u00edsticos de \u00abpiezas \u00fanicas\u00bb. A Joaqu\u00edn le gustaba el trabajo de Carlos Nine y se divert\u00eda con las caricaturas del talentoso S\u00f3crates, en La Naci\u00f3n.<\/p>\n<p><img decoding=\"async\" loading=\"lazy\" class=\"wp-image-619518 alignleft\" src=\"https:\/\/www.diario5.com.ar\/wp-content\/uploads\/2020\/09\/quino_01-clasica.jpg\" alt=\"\" width=\"682\" height=\"483\" \/>Ya en el cierre de la d\u00e9cada y abriendo la siguiente, todos los miembros del staff de Radio y Revista Cl\u00e1sica tuvimos el honor de contar con sus maravillosas ideas humor\u00edsticas llevadas <span style=\"letter-spacing: 0.8px;\">inteligent\u00edsimamente <\/span><span style=\"letter-spacing: 0.05em;\">al papel y basadas en situaciones de la vida orquestal o de instrumentistas de la m\u00fasica acad\u00e9mica.<\/span><\/p>\n<p>Los personajes creados por Quino son amados porque realmente son amables, incluso aquellos que se llevan la peor parte de la torta de nuestra simpat\u00eda como p\u00fablico.<\/p>\n<p>Y en ese amor a las creaciones, se incluye el amor al creador.<\/p>\n<p>Te amaremos siempre, Joaqu\u00edn, porque sos parte de una Argentina deseada, de un pa\u00eds cuya cultura global se basa en las culturas de base, como la del trabajo, la del respeto, tanto por el el que sabe <em>c\u00f3mo se hacen<\/em> las cosas, como por <em>el que las hace<\/em>. Quino, con tanto humor inteligente, nos ense\u00f1\u00f3 que la cultura de base a la que no debemos quitar los ojos de encima es la de \u00abhacer\u00bb pensando en los otros para luego pasar a pensar c\u00f3mo podemos hacer (cosas), tanto los otros como nosotros, sin entorpecernos, sin chocarnos y sin pelearnos.<\/p>","protected":false},"excerpt":{"rendered":"<p>La p\u00e9rdida f\u00edsica de Joaqu\u00edn Lavado, el inolvidable quino conforma un significativo cambio de era en el mundo del arte humor\u00edstico gr\u00e1fico. Quino fue la bisagra que consagr\u00f3 la condici\u00f3n de creador por encima de la mera t\u00e9cnica del dibujo condimentada con alg\u00fan toque humor\u00edstico o literario. Por supuesto que la amalgama de ambas cosas [&hellip;]<\/p>","protected":false},"author":3,"featured_media":619517,"comment_status":"open","ping_status":"open","sticky":false,"template":"","format":"standard","meta":[],"categories":[1],"tags":[4008,1177,1777,4005,4015,4018,4016,3535,3212,4010,4024,4007,4009,1300,4022,2340,3026,4011,4006,4013,3150,4004,4017,4014,4003,4019,4001,4025,3446,4012,2529,4002,1774,1873,4021,3135,4020,4000,1135,4023,1685],"series":[],"_links":{"self":[{"href":"https:\/\/www.diario5.com.ar\/es\/wp-json\/wp\/v2\/posts\/619514"}],"collection":[{"href":"https:\/\/www.diario5.com.ar\/es\/wp-json\/wp\/v2\/posts"}],"about":[{"href":"https:\/\/www.diario5.com.ar\/es\/wp-json\/wp\/v2\/types\/post"}],"author":[{"embeddable":true,"href":"https:\/\/www.diario5.com.ar\/es\/wp-json\/wp\/v2\/users\/3"}],"replies":[{"embeddable":true,"href":"https:\/\/www.diario5.com.ar\/es\/wp-json\/wp\/v2\/comments?post=619514"}],"version-history":[{"count":7,"href":"https:\/\/www.diario5.com.ar\/es\/wp-json\/wp\/v2\/posts\/619514\/revisions"}],"predecessor-version":[{"id":694493,"href":"https:\/\/www.diario5.com.ar\/es\/wp-json\/wp\/v2\/posts\/619514\/revisions\/694493"}],"wp:featuredmedia":[{"embeddable":true,"href":"https:\/\/www.diario5.com.ar\/es\/wp-json\/wp\/v2\/media\/619517"}],"wp:attachment":[{"href":"https:\/\/www.diario5.com.ar\/es\/wp-json\/wp\/v2\/media?parent=619514"}],"wp:term":[{"taxonomy":"category","embeddable":true,"href":"https:\/\/www.diario5.com.ar\/es\/wp-json\/wp\/v2\/categories?post=619514"},{"taxonomy":"post_tag","embeddable":true,"href":"https:\/\/www.diario5.com.ar\/es\/wp-json\/wp\/v2\/tags?post=619514"},{"taxonomy":"series","embeddable":true,"href":"https:\/\/www.diario5.com.ar\/es\/wp-json\/wp\/v2\/series?post=619514"}],"curies":[{"name":"wp","href":"https:\/\/api.w.org\/{rel}","templated":true}]}}