{"id":619435,"date":"2020-09-11T17:12:15","date_gmt":"2020-09-11T20:12:15","guid":{"rendered":"https:\/\/www.diario5.com.ar\/detectar-el-movil-volvio-este-viernes-a-constitucion\/"},"modified":"2020-10-05T21:27:23","modified_gmt":"2020-10-06T00:27:23","slug":"detectar-el-movil-volvio-este-viernes-a-constitucion","status":"publish","type":"post","link":"https:\/\/www.diario5.com.ar\/es\/detectar-el-movil-volvio-este-viernes-a-constitucion\/","title":{"rendered":"Covid-19: Por qu\u00e9 en Constituci\u00f3n crecen los casos"},"content":{"rendered":"<h2 class=\"sub-title-primary\"><\/h2> <figure id=\"attachment_11256\" aria-describedby=\"caption-attachment-11256\" style=\"width: 960px\" class=\"wp-caption alignnone\"><img decoding=\"async\" loading=\"lazy\" class=\"size-full wp-image-11256\" src=\"http:\/\/diario5.com.ar\/wp-content\/uploads\/2017\/02\/constitucion01.jpg\" alt=\"\" width=\"960\" height=\"460\" srcset=\"https:\/\/www.diario5.com.ar\/wp-content\/uploads\/2017\/02\/constitucion01.jpg 960w, https:\/\/www.diario5.com.ar\/wp-content\/uploads\/2017\/02\/constitucion01-300x144.jpg 300w, https:\/\/www.diario5.com.ar\/wp-content\/uploads\/2017\/02\/constitucion01-768x368.jpg 768w, https:\/\/www.diario5.com.ar\/wp-content\/uploads\/2017\/02\/constitucion01-400x192.jpg 400w, https:\/\/www.diario5.com.ar\/wp-content\/uploads\/2017\/02\/constitucion01-260x125.jpg 260w, https:\/\/www.diario5.com.ar\/wp-content\/uploads\/2017\/02\/constitucion01-160x77.jpg 160w\" sizes=\"(max-width: 960px) 100vw, 960px\" \/><figcaption id=\"caption-attachment-11256\" class=\"wp-caption-text\">Arco de acceso a la nueva estaci\u00f3n Constituci\u00f3n.<\/figcaption><\/figure>\n<div>\n<p><iframe loading=\"lazy\" src=\"https:\/\/www.youtube.com\/embed\/-d-gCobVczk\" width=\"740\" height=\"395\" frameborder=\"0\" allowfullscreen=\"allowfullscreen\"><\/iframe><\/p>\n<p>&nbsp;<\/p>\n<p>Por necesidades claramente visibles ante los contagios que se suscitaron en el barrio de Constituci\u00f3n, el operativo DetectAr debi\u00f3 instalarse nuevamente en la zona para generar testeos.<\/p>\n<p>El coronavirus est\u00e1 dejando claras pruebas de que queda instalado en las \u00e1reas donde, indefectiblemente, circulan miles de personas aunque procure evitarse. Esto significa que los alrededores de la estaci\u00f3n cabecera del Ferrocarril Roca sufre consecuencias parecidas a las que ya ven\u00edamos conociendo del barrio de Once.<\/p>\n<p>La Ciudad Procura acelerar los testeos para frenar los contagios. El Operativo Detectar se realiza -a\u00fan- en conjunto con el Gobierno Nacional. Constituci\u00f3n Fue el barrio al que regres\u00f3 el m\u00f3vil con el equipamiento y las personas preparadas para los testeos de saliva. El n\u00famero de pacientes a los que sls realiz\u00f3 el test asciende a la 71.126 personas de los cuales se confirmaron 24.669 infectados<\/p>\n<p>Si bien en el barrio de Constituci\u00f3n se suma a un centro comercial, \u00e9te no es tan inmenso como el del barrio de once. No obstante, las pocas cuadras que constituci\u00f3n alberga para comercios, fueron suficiente foco de transmisi\u00f3n del virus al momento de ingresar en Fase 2<\/p>\n<p><!--googleoff: index--><\/p>\n<p>Desde el Ministerio de Salud de la Ciudad anunciaron que desde el lunes pasado se inici\u00f3 la serie de testeos con PCR a\u00a0 contactos estrechos de casos de coronavirus recientemente confirmados, que no presentan s\u00edntomas compatibles con la enfermedad.<\/p>\n<p>Se trata de una medida preventiva que se hab\u00eda implementado hace un mes con los convivientes de personas positivas y ahora tambi\u00e9n se extiende a las viviendas colectivas con al menos un contagio. Aquellas personas que presenten s\u00edntomas continuar\u00e1n siendo hisopadas en los distintos dispositivos.<\/p>\n<p>Detectar funciona en Parque Patricios, Balvanera, Flores, La Boca, Barracas, Almagro, Palermo, Soldati, Nueva Pompeya, Lugano, Villa Riachuelo, La Paternal, Chacarita, Parque Chacabuco, Boedo, San Crist\u00f3bal, Mataderos, San Telmo, Recoleta, Caballito, Parque Avellaneda, Villa Ort\u00fazar, Parque Chas, Belgrano, Coghan, Villa Urquiza, Colegiales, Villa Crespo, N\u00fa\u00f1ez, Saavedra y siete barrios vulnerables.<\/p>\n<p>Para evaluar a todos los contactos estrechos asintom\u00e1ticos se utiliza la metodolog\u00eda de muestra de saliva que se puede realizar directamente en el domicilio. Es m\u00e1s sencilla, menos invasiva para el paciente y m\u00e1s segura para el operador de salud.<\/p>\n<p>&nbsp;<\/p>\n<p>&nbsp;<\/p>\n<p><img decoding=\"async\" loading=\"lazy\" title=\"Foto de Walter Carrera\/Prensa GCBA.\" src=\"https:\/\/www.diario5.com.ar\/wp-content\/uploads\/2020\/09\/f8047cd6-017b-4a50-9810-86940c05fe27-1.jpg\" alt=\"Foto de Walter Carrera\/Prensa GCBA.\" width=\"1280\" height=\"851\" \/><\/p>\n<h3>Los resultados de DetectAR M\u00f3vil por barrio<\/h3>\n<p><strong>Parque Patricios (inici\u00f3 el 14 de agosto)<\/strong><br \/>\nPersonas hisopadas: 297.<br \/>\nPositivos: 70.<\/p>\n<p><strong>Saavedra (inici\u00f3 el 12 de agosto)<\/strong><br \/>\nPersonas hisopadas: 194.<br \/>\nPositivos: 48<\/p>\n<p><strong>N\u00fa\u00f1ez (inici\u00f3 el 10 de agosto)<\/strong><br \/>\nPersonas hisopadas: 137.<br \/>\nPositivos: 18<\/p>\n<p><strong>Villa Crespo (inici\u00f3 el 6 de agosto)<\/strong><br \/>\nPersonas hisopadas: 190.<br \/>\nPositivos: 43.<\/p>\n<p><strong>Villa Urquiza (inici\u00f3 el 3 de agosto)<\/strong><br \/>\nPersonas hisopadas: 57.<br \/>\nPositivos: 41.<\/p>\n<p><strong>Coghlan (inici\u00f3 el 3 de agosto)<\/strong><br \/>\nPersonas hisopadas: 19.<br \/>\nPositivos: 7.<\/p>\n<p><strong>Belgrano y Colegiales (inici\u00f3 el 30 de julio)<\/strong><br \/>\nPersonas hisopadas: 1.234.<br \/>\nPositivos: 135.<\/p>\n<p><strong>Villa Ort\u00fazar y Parque Chas (inici\u00f3 el 27 de julio)<\/strong><br \/>\nPersonas hisopadas: 388<br \/>\nPositivos: 70.<\/p>\n<p><strong>Parque Avellaneda (inici\u00f3 el 23 de julio)<\/strong><br \/>\nPersonas hisopadas: 652.<br \/>\nPositivos: 198.<\/p>\n<p><strong>Caballito (inici\u00f3 el 16 de julio)<\/strong><br \/>\nPersonas hisopadas: 634.<br \/>\nPositivos: 303.<\/p>\n<p><strong>San Telmo (inici\u00f3 el 13 de julio)<\/strong><br \/>\nPersonas hisopadas: 1.694.<br \/>\nPositivos: 313<\/p>\n<p><strong>Recoleta (inici\u00f3 el 13 de julio)<\/strong><br \/>\nPersonas hisopadas: 479.<br \/>\nPositivos: 115.<\/p>\n<p><strong>Mataderos (inici\u00f3 el 9 de julio)<\/strong><br \/>\nPersonas hisopadas: 781.<br \/>\nPositivos: 247.<\/p>\n<p><strong>San Crist\u00f3bal (inici\u00f3 el 6 de julio)<\/strong><br \/>\nPersonas hisopadas: 622.<br \/>\nPositivos: 267.<\/p>\n<p><strong>Boedo (inici\u00f3 el 3 de julio)<\/strong><br \/>\nPersonas hisopadas: 158.<br \/>\nPositivos: 68.<\/p>\n<p><strong>Parque Chacabuco (inici\u00f3 el 1 de julio)<\/strong><br \/>\nPersonas hisopadas: 204.<br \/>\nPositivos: 106.<\/p>\n<p><strong>Chacarita (inici\u00f3 el 29 de junio)<\/strong><br \/>\nPersonas hisopadas: 997.<br \/>\nPositivos: 342.<\/p>\n<p><strong>La Paternal (inici\u00f3 el 27 de junio)<\/strong><br \/>\nPersonas hisopadas: 583.<br \/>\nPositivos: 290.<\/p>\n<p><strong>Soldati (inici\u00f3 el 25 de junio)<\/strong><br \/>\nPersonas hisopadas: 1.106.<br \/>\nPositivos: 442.<\/p>\n<p><strong>Pompeya (inici\u00f3 el 25 de junio)<\/strong><br \/>\nPersonas hisopadas: 1.048.<br \/>\nPositivos: 306.<\/p>\n<p><strong>Villa Lugano y Villa Riachuelo (inici\u00f3 el 25 de junio)<\/strong><br \/>\nPersonas hisopadas: 858<br \/>\nPositivos: 417.<\/p>\n<p><strong>Palermo (inici\u00f3 el 23 de junio)<\/strong><br \/>\nPersonas hisopadas: 2.327.<br \/>\nPositivos: 536.<\/p>\n<p><strong>Almagro (inici\u00f3 el 20 de junio)<\/strong><br \/>\nPersonas hisopadas: 2.376.<br \/>\nPositivos: 548.<\/p>\n<p><strong>Barracas (inici\u00f3 el 18 de junio)<\/strong><br \/>\nPersonas hisopadas: 1.138.<br \/>\nPositivos: 438.<\/p>\n<p><strong>Constituci\u00f3n (inici\u00f3 el 16 de junio)<\/strong><br \/>\nPersonas hisopadas: 1.543.<br \/>\nPositivos: 403.<\/p>\n<p><strong>La Boca (inici\u00f3 el 13 de junio)<\/strong><br \/>\nPersonas hisopadas: 1.567.<br \/>\nPositivos: 501.<\/p>\n<p><strong>Flores (inici\u00f3 el 10 de junio)<\/strong><br \/>\nPersonas hisopadas: 1.505.<br \/>\nPositivos: 601.<\/p>\n<p><strong>Balvanera (inici\u00f3 el 6 de junio)<\/strong><br \/>\nPersonas hisopadas: 3.177.<br \/>\nPositivos: 1.197.<\/p>\n<p><em>A\u00fan hay test pendientes de an\u00e1lisis<\/em><\/p>\n<p>En paralelo, el Operativo DetectAR sigue funcionando en los barrios 1.11.14, 31, 21.24, 15, 20, Rodrigo Bueno y Carrillo, donde est\u00e1 demostrando buenos resultados. Al jueves 10 de septiembre se confirmaron 15.836 casos positivos.<\/p>\n<h3>5 claves para confirmar que es una visita de un representante del Operativo DetectAR<\/h3>\n<p>Teniendo en cuenta la importancia de brindarle tranquilidad a los vecinos, se implementan una serie de pautas de seguridad para que puedan verificar que se trate de un representante oficial:<\/p>\n<ul>\n<li>Siempre que sea posible, la Ciudad se contactar\u00e1 con el caso confirmado y le pedir\u00e1 que act\u00fae como intermediario para notificarle a sus \u2018contactos estrechos\u2019 y convivientes que van a ser visitados en su domicilio por una persona del Operativo.<\/li>\n<li>Se comunicar\u00e1n previamente desde el equipo del Ministerio de Salud para dar aviso de la visita sanitaria.<\/li>\n<li>Se lleva adelante una campa\u00f1a de comunicaci\u00f3n directa en el barrio para informar a los vecinos de la nueva iniciativa de b\u00fasqueda.<\/li>\n<li>El agente en territorio presentar\u00e1 una identificaci\u00f3n que certifique que es parte del Ministerio de Salud y del DetectAR.<\/li>\n<li>Ante cualquier duda se podr\u00e1n comunicar con el 147.<\/li>\n<\/ul>\n<\/div>\n<p> <!--googleon: index--><\/p>","protected":false},"excerpt":{"rendered":"<p>&nbsp; Por necesidades claramente visibles ante los contagios que se suscitaron en el barrio de Constituci\u00f3n, el operativo DetectAr debi\u00f3 instalarse nuevamente en la zona para generar testeos. El coronavirus est\u00e1 dejando claras pruebas de que queda instalado en las \u00e1reas donde, indefectiblemente, circulan miles de personas aunque procure evitarse. Esto significa que los alrededores [&hellip;]<\/p>","protected":false},"author":20,"featured_media":11256,"comment_status":"open","ping_status":"closed","sticky":false,"template":"","format":"standard","meta":[],"categories":[57,22,3],"tags":[],"series":[],"_links":{"self":[{"href":"https:\/\/www.diario5.com.ar\/es\/wp-json\/wp\/v2\/posts\/619435"}],"collection":[{"href":"https:\/\/www.diario5.com.ar\/es\/wp-json\/wp\/v2\/posts"}],"about":[{"href":"https:\/\/www.diario5.com.ar\/es\/wp-json\/wp\/v2\/types\/post"}],"author":[{"embeddable":true,"href":"https:\/\/www.diario5.com.ar\/es\/wp-json\/wp\/v2\/users\/20"}],"replies":[{"embeddable":true,"href":"https:\/\/www.diario5.com.ar\/es\/wp-json\/wp\/v2\/comments?post=619435"}],"version-history":[{"count":4,"href":"https:\/\/www.diario5.com.ar\/es\/wp-json\/wp\/v2\/posts\/619435\/revisions"}],"predecessor-version":[{"id":619441,"href":"https:\/\/www.diario5.com.ar\/es\/wp-json\/wp\/v2\/posts\/619435\/revisions\/619441"}],"wp:featuredmedia":[{"embeddable":true,"href":"https:\/\/www.diario5.com.ar\/es\/wp-json\/wp\/v2\/media\/11256"}],"wp:attachment":[{"href":"https:\/\/www.diario5.com.ar\/es\/wp-json\/wp\/v2\/media?parent=619435"}],"wp:term":[{"taxonomy":"category","embeddable":true,"href":"https:\/\/www.diario5.com.ar\/es\/wp-json\/wp\/v2\/categories?post=619435"},{"taxonomy":"post_tag","embeddable":true,"href":"https:\/\/www.diario5.com.ar\/es\/wp-json\/wp\/v2\/tags?post=619435"},{"taxonomy":"series","embeddable":true,"href":"https:\/\/www.diario5.com.ar\/es\/wp-json\/wp\/v2\/series?post=619435"}],"curies":[{"name":"wp","href":"https:\/\/api.w.org\/{rel}","templated":true}]}}