{"id":619301,"date":"2020-08-31T12:17:11","date_gmt":"2020-08-31T15:17:11","guid":{"rendered":"https:\/\/www.diario5.com.ar\/?p=619301"},"modified":"2020-08-31T12:17:11","modified_gmt":"2020-08-31T15:17:11","slug":"buenos-aires-en-el-panorama-turistico-internacional","status":"publish","type":"post","link":"https:\/\/www.diario5.com.ar\/es\/buenos-aires-en-el-panorama-turistico-internacional\/","title":{"rendered":"Buenos Aires en el panorama tur\u00edstico internacional"},"content":{"rendered":"<h2 class=\"sub-title-primary\"><\/h2> <p><img decoding=\"async\" loading=\"lazy\" class=\"wp-image-619303 alignright\" src=\"https:\/\/www.diario5.com.ar\/wp-content\/uploads\/2020\/08\/aeropuerto_01-1024x669.jpg\" alt=\"\" width=\"502\" height=\"332\" \/>\u00bfC\u00f3mo son los informes internacionales en las web de operadores tur\u00edsticos respecto de la Ciudad de Buenos Aires y toda la rep\u00fablica Argentina? Presentamos la versi\u00f3n actualizada del cap\u00edtulo referido a nuestro pa\u00eds cuando los viajeros del mundo realizan consultas para conocer c\u00f3mo est\u00e1n atravesando el medio a\u00f1o de pandemia los diversos destinos en el mundo.<\/p>\n<p>Argentina y los Viajes internacionales<br \/>\nLa venta de boletos para vuelos fuera o dentro de Argentina se encuentra suspendida hasta el 1 de septiembre.<br \/>\nLas fronteras est\u00e1n cerradas a todos los residentes nacionales o no argentinos.<br \/>\nLatam Airlines ha reducido los vuelos internacionales.<\/p>\n<p>Sin embargo, hay vuelos. Se trata de los comercializados fuera del pa\u00eds. Por ejemplo, para Ezeiza, Aeropiuertos Argentina 2000 reporta hoy arribos desde Frankfurt \/ Montevideo, Ushuaia, San Pablo-Guarulhos. Se registra un vuelo cancelado desde Miami. En cuanto a partidas, se prev\u00e9n vuelos a Santiago de Chile, Frankfurt, San Pablo, Londres y Miami. Las aerol\u00edneas a las que les toca tener algo de operatividad en el Aeropuerto Pistarini, son Lufthansa, American, Aerol\u00edneas Argentina, Austral, Latam, Qatar y British.<\/p>\n<p>Respecto de los viajes nacionales en el pa\u00eds, el transporte p\u00fablico sigue operando un servicio limitado para trabajadores esenciales en los sectores de alimentos, seguridad y salud \u00fanicamente y no hay vuelos de l\u00ednea programados.<\/p>\n<p>Las Medidas nacionales incluyen un bloqueo nacional que se ha extendido hasta el 20 de septiembre.<br \/>\nLas tiendas locales, como los salones de peluquer\u00eda, reabrieron a partir del 18 de julio.<br \/>\nLa restricci\u00f3n ahora permite a los residentes caminar y hacer ejercicio dentro de los 500 metros (0.3 millas) de su hogar, durante ciertas horas.<\/p>\n<p>Los restaurantes de la capital permitieron atender hasta cuatro clientes en mesas fuera de sus establecimientos.<br \/>\nSe permiten reuniones sociales al aire libre de hasta 10 personas en todo el pa\u00eds.<br \/>\nLas escuelas permanecieron cerradas<\/p>\n<p>Desde el 22 de abril en Buenos Aires es obligatorio el uso de mascarillas en las \u00e1reas p\u00fablicas.<br \/>\nYa es obligatorio el uso de mascarillas en \u00e1reas p\u00fablicas en las provincias de La Rioja, Santiago del Estero, Salta, Misiones, Catamarca, Chaco y Jujuy.<\/p>","protected":false},"excerpt":{"rendered":"<p>\u00bfC\u00f3mo son los informes internacionales en las web de operadores tur\u00edsticos respecto de la Ciudad de Buenos Aires y toda la rep\u00fablica Argentina? Presentamos la versi\u00f3n actualizada del cap\u00edtulo referido a nuestro pa\u00eds cuando los viajeros del mundo realizan consultas para conocer c\u00f3mo est\u00e1n atravesando el medio a\u00f1o de pandemia los diversos destinos en el [&hellip;]<\/p>","protected":false},"author":1,"featured_media":619303,"comment_status":"open","ping_status":"open","sticky":false,"template":"","format":"standard","meta":[],"categories":[3,51],"tags":[],"series":[],"_links":{"self":[{"href":"https:\/\/www.diario5.com.ar\/es\/wp-json\/wp\/v2\/posts\/619301"}],"collection":[{"href":"https:\/\/www.diario5.com.ar\/es\/wp-json\/wp\/v2\/posts"}],"about":[{"href":"https:\/\/www.diario5.com.ar\/es\/wp-json\/wp\/v2\/types\/post"}],"author":[{"embeddable":true,"href":"https:\/\/www.diario5.com.ar\/es\/wp-json\/wp\/v2\/users\/1"}],"replies":[{"embeddable":true,"href":"https:\/\/www.diario5.com.ar\/es\/wp-json\/wp\/v2\/comments?post=619301"}],"version-history":[{"count":1,"href":"https:\/\/www.diario5.com.ar\/es\/wp-json\/wp\/v2\/posts\/619301\/revisions"}],"predecessor-version":[{"id":619304,"href":"https:\/\/www.diario5.com.ar\/es\/wp-json\/wp\/v2\/posts\/619301\/revisions\/619304"}],"wp:featuredmedia":[{"embeddable":true,"href":"https:\/\/www.diario5.com.ar\/es\/wp-json\/wp\/v2\/media\/619303"}],"wp:attachment":[{"href":"https:\/\/www.diario5.com.ar\/es\/wp-json\/wp\/v2\/media?parent=619301"}],"wp:term":[{"taxonomy":"category","embeddable":true,"href":"https:\/\/www.diario5.com.ar\/es\/wp-json\/wp\/v2\/categories?post=619301"},{"taxonomy":"post_tag","embeddable":true,"href":"https:\/\/www.diario5.com.ar\/es\/wp-json\/wp\/v2\/tags?post=619301"},{"taxonomy":"series","embeddable":true,"href":"https:\/\/www.diario5.com.ar\/es\/wp-json\/wp\/v2\/series?post=619301"}],"curies":[{"name":"wp","href":"https:\/\/api.w.org\/{rel}","templated":true}]}}