{"id":619287,"date":"2020-08-29T00:01:55","date_gmt":"2020-08-29T03:01:55","guid":{"rendered":"https:\/\/www.diario5.com.ar\/?p=619287"},"modified":"2020-08-31T15:08:04","modified_gmt":"2020-08-31T18:08:04","slug":"bici-vereda","status":"publish","type":"post","link":"https:\/\/www.diario5.com.ar\/es\/bici-vereda\/","title":{"rendered":"En bicicleta por la vereda, no!"},"content":{"rendered":"<h2 class=\"sub-title-primary\"><\/h2> <h3 style=\"text-align: right;\"><img decoding=\"async\" loading=\"lazy\" class=\"size-full wp-image-619295 alignright\" src=\"https:\/\/www.diario5.com.ar\/wp-content\/uploads\/2020\/08\/bicicleta_en_vereda_c.jpg\" alt=\"\" width=\"671\" height=\"558\" srcset=\"https:\/\/www.diario5.com.ar\/wp-content\/uploads\/2020\/08\/bicicleta_en_vereda_c.jpg 671w, https:\/\/www.diario5.com.ar\/wp-content\/uploads\/2020\/08\/bicicleta_en_vereda_c-300x249.jpg 300w, https:\/\/www.diario5.com.ar\/wp-content\/uploads\/2020\/08\/bicicleta_en_vereda_c-400x333.jpg 400w, https:\/\/www.diario5.com.ar\/wp-content\/uploads\/2020\/08\/bicicleta_en_vereda_c-260x216.jpg 260w, https:\/\/www.diario5.com.ar\/wp-content\/uploads\/2020\/08\/bicicleta_en_vereda_c-160x133.jpg 160w\" sizes=\"(max-width: 671px) 100vw, 671px\" \/>La vereda es el lugar de circulaci\u00f3n peatonal. No es raro que los ciclistas lo utilicen. Si bien algunos peatones toleran su presencia, otros son mucho menos comprensivos, especialmente cuando se enfrentan a quienes conducen demasiado r\u00e1pido o muestran imprudencia. Por eso, en general, los ciclistas que circulan por la acera est\u00e1n mal vistos.<\/h3>\n<p>&nbsp;<\/p>\n<p>Por supuesto, esto a veces puede ser un comportamiento necesario pero es ilegal. Incluso si las aceras todav\u00eda se consideran los lugares menos riesgosos, los ciclistas nunca tendr\u00e1n un lugar completo all\u00ed. De hecho, las veredas est\u00e1n destinadas a los peatones. Adem\u00e1s, est\u00e1 registrado en el c\u00f3digo de circulaci\u00f3n. Un ciclista no puede pedalear en una acera\u00a0 despu\u00e9s de los 12 a\u00f1os (el l\u00edmite en Pa\u00eds es 8 a\u00f1os!) a menos que el carril bici se fusione con ella. Hay mucho de esto en Palermo pero los espacios son muy anchos y bien diferenciados. Para circular por la acera, el ciclista debe caminar parado junto a su montura.<\/p>\n<p>Evit\u00e1, por supuesto, tanto como sea posible conducir en la acera. Si te ves en la situaci\u00f3n en la que la estaci\u00f3n de bicicletas se fusiona con la acera, no dudes en reducir la velocidad al pasar entre los peatones. Haceles saber acerca de tu presencia con un peque\u00f1o toque del timbre, para que no se sorprendan.<\/p>\n<p>Si no hay senda en el \u00e1rea en la que est\u00e1s circulando, pon\u00e9 cuidado, ya que deber\u00e1s ir por una calle. En lo posible, eleg\u00ed alguna en la se evidencie una menor circulaci\u00f3n de veh\u00edculos. Si el objetivo es vivir en armon\u00eda con peatones y automovilistas, entonces lo primero que deb\u00e9s hacer como ciclista responsable ser\u00e1 obedecer las reglas de la calle. Tambi\u00e9n record\u00e1 autose\u00f1alizarte, especialmente de noche.<\/p>\n<p>Por \u00faltimo, si el ancho de la calzada impide que un autom\u00f3vil te alcance, no te arrimes a la acera y sobre todo no subas all\u00ed. Por tu seguridad y la seguridad de los dem\u00e1s, segu\u00ed conduciendo tu bicicleta en la ciclov\u00eda porque, despu\u00e9s de todo, siempre ser\u00e1 tu derecho.<\/p>","protected":false},"excerpt":{"rendered":"<p>La vereda es el lugar de circulaci\u00f3n peatonal. No es raro que los ciclistas lo utilicen. Si bien algunos peatones toleran su presencia, otros son mucho menos comprensivos, especialmente cuando se enfrentan a quienes conducen demasiado r\u00e1pido o muestran imprudencia. Por eso, en general, los ciclistas que circulan por la acera est\u00e1n mal vistos. &nbsp; [&hellip;]<\/p>","protected":false},"author":2,"featured_media":619292,"comment_status":"open","ping_status":"open","sticky":false,"template":"","format":"standard","meta":[],"categories":[1],"tags":[],"series":[],"_links":{"self":[{"href":"https:\/\/www.diario5.com.ar\/es\/wp-json\/wp\/v2\/posts\/619287"}],"collection":[{"href":"https:\/\/www.diario5.com.ar\/es\/wp-json\/wp\/v2\/posts"}],"about":[{"href":"https:\/\/www.diario5.com.ar\/es\/wp-json\/wp\/v2\/types\/post"}],"author":[{"embeddable":true,"href":"https:\/\/www.diario5.com.ar\/es\/wp-json\/wp\/v2\/users\/2"}],"replies":[{"embeddable":true,"href":"https:\/\/www.diario5.com.ar\/es\/wp-json\/wp\/v2\/comments?post=619287"}],"version-history":[{"count":8,"href":"https:\/\/www.diario5.com.ar\/es\/wp-json\/wp\/v2\/posts\/619287\/revisions"}],"predecessor-version":[{"id":619310,"href":"https:\/\/www.diario5.com.ar\/es\/wp-json\/wp\/v2\/posts\/619287\/revisions\/619310"}],"wp:featuredmedia":[{"embeddable":true,"href":"https:\/\/www.diario5.com.ar\/es\/wp-json\/wp\/v2\/media\/619292"}],"wp:attachment":[{"href":"https:\/\/www.diario5.com.ar\/es\/wp-json\/wp\/v2\/media?parent=619287"}],"wp:term":[{"taxonomy":"category","embeddable":true,"href":"https:\/\/www.diario5.com.ar\/es\/wp-json\/wp\/v2\/categories?post=619287"},{"taxonomy":"post_tag","embeddable":true,"href":"https:\/\/www.diario5.com.ar\/es\/wp-json\/wp\/v2\/tags?post=619287"},{"taxonomy":"series","embeddable":true,"href":"https:\/\/www.diario5.com.ar\/es\/wp-json\/wp\/v2\/series?post=619287"}],"curies":[{"name":"wp","href":"https:\/\/api.w.org\/{rel}","templated":true}]}}