{"id":619274,"date":"2020-08-27T17:35:31","date_gmt":"2020-08-27T20:35:31","guid":{"rendered":"https:\/\/www.diario5.com.ar\/?p=619274"},"modified":"2020-08-27T19:04:13","modified_gmt":"2020-08-27T22:04:13","slug":"el-turismo-a-las-puertas-de-septiembre","status":"publish","type":"post","link":"https:\/\/www.diario5.com.ar\/es\/el-turismo-a-las-puertas-de-septiembre\/","title":{"rendered":"El turismo, a las puertas de septiembre"},"content":{"rendered":"<h2 class=\"sub-title-primary\">Aldo El\u00edas, Presidente de la C\u00e1mara Argentina de Turismo nos actualiza el panorama de la situaci\u00f3n tur\u00edstica Argentina al filo de cumplir seis meses de cuarentena por la pandemia del Covid-19. <\/h2> <figure id=\"attachment_619276\" aria-describedby=\"caption-attachment-619276\" style=\"width: 358px\" class=\"wp-caption alignright\"><img decoding=\"async\" loading=\"lazy\" class=\"wp-image-619276\" src=\"https:\/\/www.diario5.com.ar\/wp-content\/uploads\/2020\/08\/Aldo_Elias01.jpg\" alt=\"\" width=\"358\" height=\"358\" srcset=\"https:\/\/www.diario5.com.ar\/wp-content\/uploads\/2020\/08\/Aldo_Elias01.jpg 300w, https:\/\/www.diario5.com.ar\/wp-content\/uploads\/2020\/08\/Aldo_Elias01-150x150.jpg 150w, https:\/\/www.diario5.com.ar\/wp-content\/uploads\/2020\/08\/Aldo_Elias01-260x260.jpg 260w, https:\/\/www.diario5.com.ar\/wp-content\/uploads\/2020\/08\/Aldo_Elias01-160x160.jpg 160w\" sizes=\"(max-width: 358px) 100vw, 358px\" \/><figcaption id=\"caption-attachment-619276\" class=\"wp-caption-text\">Aldo El\u00edas, presidente de la CAT<\/figcaption><\/figure>\n<p>El\u00edas nos recuerda que el programa Ampliar Destinos comenz\u00f3 en abril y que ahora inicia su segunda temporada. Se trata de una iniciativa para fomentar el flujo tur\u00edstico hacia localidades que, hasta ahora, no ten\u00edan del todo desarrollada su capacidad de recepci\u00f3n.<\/p>\n<p>La lista de los destinos sobre los que se trabaj\u00f3 durante esta etapa asciende a 26 localidades argentinas<\/p>\n<p>Cuando se lo consulta al Presidente de la CAT acerca del criterio que adoptan las distintas provincias en pos de un ordenador regreso a una rutina que permita entender el restablecimiento de la actividad tur\u00edstica, su respuesta se divide entre la posici\u00f3n adoptada por las autoridades de turismo de cada una de las provincias del de la que sostienen sus jefes, es decir, los gobernadores.<\/p>\n<p>\u201c Yo creo, por un lado, que desde la actividad tur\u00edstica, desde los ministros, los subsecretarios de turismo, los presidentes de entes de turismo, hay una voluntad com\u00fan de habilitar la actividad tur\u00edstica en el pa\u00eds, remarca Aldo El\u00edas. Pero, a su vez, el titular de la mayor entidad tur\u00edatica de la Argenrtina, entiende que \u201cel poder pol\u00edtico de las provincias, es decir, los gobernadores, no est\u00e1n compartiendo las mismas ideas de los funcionarios que tienen a cargo el turismo en cada distrito\u201d.<\/p>\n<p>El\u00edas enfatiza en que \u201cesto hace que cada uno de los destinos aplique reglamentaciones y restricciones que no se condicen con el nivel de contagio que tiene esa provincia y que no est\u00e1n pensados en funci\u00f3n de un beneficio grupal, sino individual\u201d.<\/p>\n<p>Estamos viendo que la indefinici\u00f3n o la incertidumbre que la falta de un plan provoca en la actividad es letal. El turismo se apoya en dos pilaress fundamentales previsibilidad y confianza. Y los dos est\u00e1n completamemnte minados.<\/p>\n<p>Con respecto de la interactividad entre la C\u00e1mara y el CFT, Aldo El\u00edas dijo que \u201cese v\u00ednculo est\u00e1 muy bien. Expres\u00f3 que el Consejo Federal de Turismo crece d\u00eda a d\u00eda y hay un muy buen trabajo de equipo. aunque \u2013y retomando la l\u00ednea de su explicaci\u00f3n inicial- las decisiones no las puede tomar el consejo, sino que lo hace el Ministerio de Salud, al que ve muy complicado, no s\u00f3lo  por la pandemia en s\u00ed misma, sino por la falta de interactividad con el Ministerio de Turismo, lo que hace m\u00e1s dif\u00edcil poder poner arriba de la mesa las necesidades que el sector\u00a0 y las posibilidades de que el\u00a0 Ministerio de Salud las contemple\u201d.<\/p>\n<p>Entiende el dirigente que es necesario revertir ese desv\u00ednculo dentro del gabinete nacional, en pos de salir de un estado de incertidumbre que no pernite saber qu\u00e9 es lo que viene por delante.<\/p>\n<p>Finalmente, Aldo El\u00edas no ve que haya una localidad o provincia argentina lista para encabezar un modelo de acci\u00f3n o un liderazgo en las formas y procedimientos que depositen al pa\u00eds en el regreso a la actividad. Utiliz\u00f3 el ejemplo de la provincia de Catamarca, cuya situaci\u00f3n sanitaria a dos meses de iniciada la pandemia era la ideal, por no haber registrado contagios en su territorio, panorama que en la actualidad ya no es as\u00ed.<\/p>\n<h6>Reportaje original para Radio Cl\u00e1sica, realizado por Carlos Allo<\/h6>","protected":false},"excerpt":{"rendered":"<p>Aldo El\u00edas, Presidente de la C\u00e1mara Argentina de Turismo nos actualiza el panorama de la situaci\u00f3n tur\u00edstica Argentina al filo de cumplir seis meses de cuarentena por la pandemia del Covid-19. El\u00edas nos recuerda que el programa Ampliar Destinos comenz\u00f3 en abril y que ahora inicia su segunda temporada. Se trata de una iniciativa para [&hellip;]<\/p>","protected":false},"author":1,"featured_media":619276,"comment_status":"open","ping_status":"open","sticky":false,"template":"","format":"standard","meta":[],"categories":[1],"tags":[],"series":[],"_links":{"self":[{"href":"https:\/\/www.diario5.com.ar\/es\/wp-json\/wp\/v2\/posts\/619274"}],"collection":[{"href":"https:\/\/www.diario5.com.ar\/es\/wp-json\/wp\/v2\/posts"}],"about":[{"href":"https:\/\/www.diario5.com.ar\/es\/wp-json\/wp\/v2\/types\/post"}],"author":[{"embeddable":true,"href":"https:\/\/www.diario5.com.ar\/es\/wp-json\/wp\/v2\/users\/1"}],"replies":[{"embeddable":true,"href":"https:\/\/www.diario5.com.ar\/es\/wp-json\/wp\/v2\/comments?post=619274"}],"version-history":[{"count":2,"href":"https:\/\/www.diario5.com.ar\/es\/wp-json\/wp\/v2\/posts\/619274\/revisions"}],"predecessor-version":[{"id":619278,"href":"https:\/\/www.diario5.com.ar\/es\/wp-json\/wp\/v2\/posts\/619274\/revisions\/619278"}],"wp:featuredmedia":[{"embeddable":true,"href":"https:\/\/www.diario5.com.ar\/es\/wp-json\/wp\/v2\/media\/619276"}],"wp:attachment":[{"href":"https:\/\/www.diario5.com.ar\/es\/wp-json\/wp\/v2\/media?parent=619274"}],"wp:term":[{"taxonomy":"category","embeddable":true,"href":"https:\/\/www.diario5.com.ar\/es\/wp-json\/wp\/v2\/categories?post=619274"},{"taxonomy":"post_tag","embeddable":true,"href":"https:\/\/www.diario5.com.ar\/es\/wp-json\/wp\/v2\/tags?post=619274"},{"taxonomy":"series","embeddable":true,"href":"https:\/\/www.diario5.com.ar\/es\/wp-json\/wp\/v2\/series?post=619274"}],"curies":[{"name":"wp","href":"https:\/\/api.w.org\/{rel}","templated":true}]}}