{"id":619260,"date":"2020-08-25T00:01:53","date_gmt":"2020-08-25T03:01:53","guid":{"rendered":"https:\/\/www.diario5.com.ar\/?p=619260"},"modified":"2020-08-25T14:30:28","modified_gmt":"2020-08-25T17:30:28","slug":"detectar-y-el-test-de-saliva","status":"publish","type":"post","link":"https:\/\/www.diario5.com.ar\/es\/detectar-y-el-test-de-saliva\/","title":{"rendered":"DetectAr y el Test de Saliva"},"content":{"rendered":"<h2 class=\"sub-title-primary\"><\/h2> <figure id=\"attachment_619250\" aria-describedby=\"caption-attachment-619250\" style=\"width: 498px\" class=\"wp-caption alignright\"><img decoding=\"async\" loading=\"lazy\" class=\"wp-image-619250\" src=\"https:\/\/www.diario5.com.ar\/wp-content\/uploads\/2020\/08\/DetectAr1.jpg\" alt=\"\" width=\"498\" height=\"346\" \/><figcaption id=\"caption-attachment-619250\" class=\"wp-caption-text\">Grupo de profesionales de DetectAr en la puerta de Diario 5, durante un control.<\/figcaption><\/figure>\n<p style=\"text-align: left;\">Se mueven por los barrios y llaman claramente la atenci\u00f3n. Son como un enjambre celeste. No suelen utilizar veh\u00edculos, ni ambulancias que las asistan. Se pertrechan con toda la cobertura de seguridad posible, incluyendo la capa pl\u00e1stica que cubre sus mochilas. La rutina es: timbre en la puerta indicada, preguntas en pasillos, umbrales y zaguanes, planilla y celular a mano.<\/p>\n<p>C\u00f3mo llegan?<\/p>\n<p>Primera premisa detr\u00e1s de una buena noticia: Probablemente, pocas cosas funcionen en el Estado con tanta velocidad, como la propagaci\u00f3n informativa de una sospecha de riesgo de contagio por coronavirus. Segunda se\u00f1al, ahora emanada de una mala noticia: la cantidad de sospechas declaradas e ingresadas al sistema no suelen ser suficientes, por lo que crecen los contagios considerados \u00absorpresivos\u00bb.<\/p>\n<p>As\u00ed es el DetectAr. El personal est\u00e1 bien capacitado. En general son mujeres j\u00f3venes, muy cuidadosas y suelen ser profesionales de la salud dentro de la enorme diversidad de carreras que ello implica y, como dato curioso, se observa entre estos equipos a muchas profesionales extranjeras.<\/p>\n<p>Los equipos de DetectAr son los que se encargan de realizar el test de saliva, siempre indicados desde la coordinaci\u00f3n del \u00e1rea de trabajo al que pertenecen, por zona. En estos casos, para las chicas y chicos de DetectAr no queda otra alternativa que realizar este test -bastante tedioso- y seguir caminando.<\/p>\n<p>Los test de saliva se realizan en los halls, pasillos de acceso o zaguanes de las casas.<\/p>\n<p>Como es el test de saliva?<\/p>\n<p>El personal de DetectAr le provee al paciente que deber\u00e1 testearse un peque\u00f1o recipiente pl\u00e1stico esterilizado en el que deber\u00e1 verter saliva en una cantidad a la que \u2013a primer juicio- nadie est\u00e1 acostumbrado: 2 (dos) cent\u00edmetros de saliva. Para tal fin, los profesionales de DetectAr van recomendando al paciente que se masajee los laterales delanteros del cuello para estimular las gl\u00e1ndulas salivales.<\/p>\n<p>El test debe ser muy preciso en cuanto a cantidad y calidad de la saliva vertida. \u00bfPor qu\u00e9? En primer lugar \u2013y es tono es algo que los pre4fesionales que realizan la visita lo expresen necesariamente a los pacientes- es que se trata de una prueba espec\u00edfica para personas asintom\u00e1ticas que ya se encuentran en el quinto d\u00eda de contagio. No obstante, los pacientes con s\u00edntomas pueden ser testeados con este recurso.<\/p>\n<p>Desde lo cualitativo, se recomienda realizarse el estudio en ayunas y no haber hecho pasar por la boca productos que puedan generar efectos diluyentes, como pastas dentales, enjuagues bucales, buches, etc.<\/p>\n<p>Las posibilidades de que el test falle no son \u00ednfimas. Durante la \u00faltima semana del mes de julio y las primera de agosto, cuando el DetectAr se hizo notas mucho en San Crist\u00f3bal y Balvanera, personas con todos los s\u00edntomas del coronavirus y con contactos estrechos confirmados del contagio, recibieron la visita del equipo DetectAr, se realizaron el test y cuando lleg\u00f3 el d\u00eda de confirmar la enfermedad, el reactivo termin\u00f3 dando error en el resultado.<\/p>\n<p>Si bien es confiable todo el proceso qu\u00edmico, es necesario cumplir y hacer cumplir las pautas b\u00e1sicas para su realizaci\u00f3n: ayuno y cantidad necesaria de saliva.<\/p>","protected":false},"excerpt":{"rendered":"<p>Se mueven por los barrios y llaman claramente la atenci\u00f3n. Son como un enjambre celeste. No suelen utilizar veh\u00edculos, ni ambulancias que las asistan. Se pertrechan con toda la cobertura de seguridad posible, incluyendo la capa pl\u00e1stica que cubre sus mochilas. La rutina es: timbre en la puerta indicada, preguntas en pasillos, umbrales y zaguanes, [&hellip;]<\/p>","protected":false},"author":1,"featured_media":619250,"comment_status":"open","ping_status":"open","sticky":false,"template":"","format":"standard","meta":[],"categories":[1],"tags":[],"series":[],"_links":{"self":[{"href":"https:\/\/www.diario5.com.ar\/es\/wp-json\/wp\/v2\/posts\/619260"}],"collection":[{"href":"https:\/\/www.diario5.com.ar\/es\/wp-json\/wp\/v2\/posts"}],"about":[{"href":"https:\/\/www.diario5.com.ar\/es\/wp-json\/wp\/v2\/types\/post"}],"author":[{"embeddable":true,"href":"https:\/\/www.diario5.com.ar\/es\/wp-json\/wp\/v2\/users\/1"}],"replies":[{"embeddable":true,"href":"https:\/\/www.diario5.com.ar\/es\/wp-json\/wp\/v2\/comments?post=619260"}],"version-history":[{"count":3,"href":"https:\/\/www.diario5.com.ar\/es\/wp-json\/wp\/v2\/posts\/619260\/revisions"}],"predecessor-version":[{"id":619266,"href":"https:\/\/www.diario5.com.ar\/es\/wp-json\/wp\/v2\/posts\/619260\/revisions\/619266"}],"wp:featuredmedia":[{"embeddable":true,"href":"https:\/\/www.diario5.com.ar\/es\/wp-json\/wp\/v2\/media\/619250"}],"wp:attachment":[{"href":"https:\/\/www.diario5.com.ar\/es\/wp-json\/wp\/v2\/media?parent=619260"}],"wp:term":[{"taxonomy":"category","embeddable":true,"href":"https:\/\/www.diario5.com.ar\/es\/wp-json\/wp\/v2\/categories?post=619260"},{"taxonomy":"post_tag","embeddable":true,"href":"https:\/\/www.diario5.com.ar\/es\/wp-json\/wp\/v2\/tags?post=619260"},{"taxonomy":"series","embeddable":true,"href":"https:\/\/www.diario5.com.ar\/es\/wp-json\/wp\/v2\/series?post=619260"}],"curies":[{"name":"wp","href":"https:\/\/api.w.org\/{rel}","templated":true}]}}