{"id":619238,"date":"2020-08-22T21:04:36","date_gmt":"2020-08-23T00:04:36","guid":{"rendered":"https:\/\/www.diario5.com.ar\/?p=619238"},"modified":"2020-08-22T21:20:07","modified_gmt":"2020-08-23T00:20:07","slug":"donaciones-a-traves-de-la-fundacion-fernandez","status":"publish","type":"post","link":"https:\/\/www.diario5.com.ar\/es\/donaciones-a-traves-de-la-fundacion-fernandez\/","title":{"rendered":"Donaciones a trav\u00e9s de la Fundaci\u00f3n Fern\u00e1ndez"},"content":{"rendered":"<h2 class=\"sub-title-primary\">En este mes, se incorporaron once respiradores. MetLife Foundation y la C\u00e1mara de la Industria Farmac\u00e9utica, responsables del aporte. <\/h2> <p><img decoding=\"async\" loading=\"lazy\" class=\"wp-image-619241 alignright\" src=\"https:\/\/www.diario5.com.ar\/wp-content\/uploads\/2020\/08\/Respirador-cuidados-intensivos-con-sist-de-ventilaci\u00f3n_1-768x1024.jpeg\" alt=\"\" width=\"312\" height=\"411\" \/>Dos importantes donaciones a favor del hospital Dr. Juan A Fern\u00e1ndez, fueron canalizadas a trav\u00e9s de la Fundaci\u00f3n Fern\u00e1ndez. MetLife Foundation don\u00f3 cuatro respiradores de cuidados intensivos, de fabricaci\u00f3n alemana, con control digital en su sistema de ventilaci\u00f3n.<\/p>\n<p>Tambi\u00e9n la C\u00e1mara Industrial de Laboratorios Farmac\u00e9uticos, CILFA, realiz\u00f3 una donaci\u00f3n importante. En su caso se trat\u00f3 de siete respiradores microprocesados para cuidados intensivos. Una vez m\u00e1s la v\u00eda elegida para realizar la donaci\u00f3n fue en la Fundaci\u00f3n Fern\u00e1ndez.<\/p>\n<p>La FF inici\u00f3 en marzo su campa\u00f1a llamada \u201cCuidemos a quienes nos cuidan\u201d. M\u00e1s que nunca, cuando la pandemia por el coronavirus acelera su acecho, el plan contin\u00faa siendo dotar al hospital del equipamiento necesario para poder cubrir los dos grandes flancos que, hoy por hoy, no dejan tregua: el sost\u00e9n para la atenci\u00f3n de los pacientes que necesitan de la aparatolog\u00eda y una protecci\u00f3n de m\u00e1xima performance para el personal de salud.<\/p>\n<p>Desde la Fundaci\u00f3n Fern\u00e1ndez consideran que la solidaridad, la responsabilidad social y la empat\u00eda se han transformado en herramientas fundamentales para que el COVID-19 pueda ser derrotado.<\/p>\n<p>&nbsp;<\/p>\n<p><span style=\"letter-spacing: 0.8px;\"><img decoding=\"async\" loading=\"lazy\" class=\"wp-image-619245 alignleft\" src=\"https:\/\/www.diario5.com.ar\/wp-content\/uploads\/2020\/08\/FF2020-08-22-768x1024.jpeg\" alt=\"\" width=\"253\" height=\"335\" \/>Como vale la pena estar al d\u00eda con las acciones solidarias que se est\u00e1n impulsando en esta etapa tan compleja, lo m\u00e1s efectivo es<\/span>\u00a0ingresar a la p\u00e1gina <a href=\"http:\/\/fundacionfernandez.org\/\" target=\"_blank\" rel=\"noopener noreferrer\">web de la Fundaci\u00f3n Fernandez<\/a>. All\u00ed se puede acceder a una orientaci\u00f3n m\u00e1s global acerca de la entidad, que excede largamente las operaciones que conocen por la actual pandemia, como la renovaci\u00f3n de la Sala de Terapia Intensiva y la planta quir\u00fargica, el equipamiento de la Guardia, el laboratorio de C\u00e9lulas Madre, el quir\u00f3fano h\u00edbrido de \u00faltima tecnolog\u00eda y muchos beneficios m\u00e1s en favor del hist\u00f3rico hospital de la calle Cervi\u00f1o.<\/p>","protected":false},"excerpt":{"rendered":"<p>En este mes, se incorporaron once respiradores. MetLife Foundation y la C\u00e1mara de la Industria Farmac\u00e9utica, responsables del aporte. Dos importantes donaciones a favor del hospital Dr. Juan A Fern\u00e1ndez, fueron canalizadas a trav\u00e9s de la Fundaci\u00f3n Fern\u00e1ndez. MetLife Foundation don\u00f3 cuatro respiradores de cuidados intensivos, de fabricaci\u00f3n alemana, con control digital en su sistema [&hellip;]<\/p>","protected":false},"author":1,"featured_media":619240,"comment_status":"open","ping_status":"open","sticky":false,"template":"","format":"standard","meta":[],"categories":[1],"tags":[],"series":[],"_links":{"self":[{"href":"https:\/\/www.diario5.com.ar\/es\/wp-json\/wp\/v2\/posts\/619238"}],"collection":[{"href":"https:\/\/www.diario5.com.ar\/es\/wp-json\/wp\/v2\/posts"}],"about":[{"href":"https:\/\/www.diario5.com.ar\/es\/wp-json\/wp\/v2\/types\/post"}],"author":[{"embeddable":true,"href":"https:\/\/www.diario5.com.ar\/es\/wp-json\/wp\/v2\/users\/1"}],"replies":[{"embeddable":true,"href":"https:\/\/www.diario5.com.ar\/es\/wp-json\/wp\/v2\/comments?post=619238"}],"version-history":[{"count":4,"href":"https:\/\/www.diario5.com.ar\/es\/wp-json\/wp\/v2\/posts\/619238\/revisions"}],"predecessor-version":[{"id":619246,"href":"https:\/\/www.diario5.com.ar\/es\/wp-json\/wp\/v2\/posts\/619238\/revisions\/619246"}],"wp:featuredmedia":[{"embeddable":true,"href":"https:\/\/www.diario5.com.ar\/es\/wp-json\/wp\/v2\/media\/619240"}],"wp:attachment":[{"href":"https:\/\/www.diario5.com.ar\/es\/wp-json\/wp\/v2\/media?parent=619238"}],"wp:term":[{"taxonomy":"category","embeddable":true,"href":"https:\/\/www.diario5.com.ar\/es\/wp-json\/wp\/v2\/categories?post=619238"},{"taxonomy":"post_tag","embeddable":true,"href":"https:\/\/www.diario5.com.ar\/es\/wp-json\/wp\/v2\/tags?post=619238"},{"taxonomy":"series","embeddable":true,"href":"https:\/\/www.diario5.com.ar\/es\/wp-json\/wp\/v2\/series?post=619238"}],"curies":[{"name":"wp","href":"https:\/\/api.w.org\/{rel}","templated":true}]}}