{"id":619182,"date":"2020-08-12T10:02:18","date_gmt":"2020-08-12T13:02:18","guid":{"rendered":"https:\/\/www.diario5.com.ar\/protocolo-para-la-reactivacion-del-sistema-de-prestamo-de-libros-de-las-bibliotecas\/"},"modified":"2020-08-12T10:02:18","modified_gmt":"2020-08-12T13:02:18","slug":"protocolo-para-la-reactivacion-del-sistema-de-prestamo-de-libros-de-las-bibliotecas","status":"publish","type":"post","link":"https:\/\/www.diario5.com.ar\/es\/protocolo-para-la-reactivacion-del-sistema-de-prestamo-de-libros-de-las-bibliotecas\/","title":{"rendered":"Protocolo para la reactivaci\u00f3n del sistema de pr\u00e9stamo de libros de las bibliotecas"},"content":{"rendered":"<h2 class=\"sub-title-primary\"><\/h2> <div>\n<p>El Gobierno de la Ciudad de Buenos Aires desde el <a href=\"http:\/\/www.buenosaires.gob.ar\/cultura\">Ministerio de Cultura<\/a> de la Ciudad, anuncia el <a href=\"http:\/\/www.buenosaires.gob.ar\/sites\/gcaba\/files\/if-2020-18278924-gcaba-mcgc-bibliotecas.pdf\">protocolo<\/a> de seguridad acorde a las normas dictadas por los organismos jurisdiccionales y nacionales para llevar adelante la <strong>reactivaci\u00f3n del sistema de pr\u00e9stamo de libros de las bibliotecas<\/strong> de la Ciudad Aut\u00f3noma de Buenos Aires.<\/p>\n<\/p>\n<p>El usuario que desee acceder al sistema de pr\u00e9stamo de libros deber\u00e1 consultar el cat\u00e1logo de libros de la biblioteca en el respectivo sitio web. Una vez seleccionado el libro, el pr\u00e9stamo se acordar\u00e1 enviando un correo electr\u00f3nico o por v\u00eda telef\u00f3nica, solicitando el libro que se requiera. El usuario recibir\u00e1 confirmaci\u00f3n por parte del equipo de la biblioteca y <strong>se fijar\u00e1 un turno con d\u00eda y horario para acercarse a retirar y\/o devolver el libro<\/strong>.<\/p>\n<blockquote>\n<p>Conoc\u00e9 el <a href=\"http:\/\/www.buenosaires.gob.ar\/sites\/gcaba\/files\/if-2020-18278924-gcaba-mcgc-bibliotecas.pdf\">protocolo<\/a> para pr\u00e9stamo de libros<\/p>\n<\/blockquote>\n<p>A su vez, se deber\u00e1 <strong>respetar el esquema de diferenciaci\u00f3n de acuerdo al n\u00famero de terminaci\u00f3n del DNI<\/strong>, con la finalidad de disminuir la afluencia de personas en las bibliotecas. En consecuencia, los d\u00edas impares se atender\u00e1 a personas cuyo DNI termine en un n\u00famero impar y los d\u00edas pares, a aquellas con terminaciones pares de documento.<\/p>\n<p>El retiro y\/o devoluci\u00f3n del libro se realizar\u00e1 sin ingresar a la biblioteca pero el usuario deber\u00e1 cumplimentar con las medidas de seguridad e higiene y utilizando tapabocas como se establece en la Resoluci\u00f3n del Ministerio de Salud N\u00b0 RESFC-2020-15-GCABA-MJGGC y su modificatoria N\u00b0 17\/MJGGC\/20. Cada biblioteca definir\u00e1 de acuerdo a su reglamento las condiciones del plazo del pr\u00e9stamo del libro.<\/p>\n<p><a class=\"btn btn-small btn-default\" href=\"http:\/\/www.buenosaires.gob.ar\/sites\/gcaba\/files\/if-2020-18278924-gcaba-mcgc-bibliotecas.pdf\" target=\"_blank\" rel=\"noopener noreferrer\">Descarg\u00e1 el protocolo<\/a><\/p>\n<\/div>","protected":false},"excerpt":{"rendered":"<p>El Gobierno de la Ciudad de Buenos Aires desde el Ministerio de Cultura de la Ciudad, anuncia el protocolo de seguridad acorde a las normas dictadas por los organismos jurisdiccionales y nacionales para llevar adelante la reactivaci\u00f3n del sistema de pr\u00e9stamo de libros de las bibliotecas de la Ciudad Aut\u00f3noma de Buenos Aires. El usuario [&hellip;]<\/p>","protected":false},"author":8,"featured_media":619183,"comment_status":"open","ping_status":"closed","sticky":false,"template":"","format":"standard","meta":[],"categories":[5],"tags":[],"series":[],"_links":{"self":[{"href":"https:\/\/www.diario5.com.ar\/es\/wp-json\/wp\/v2\/posts\/619182"}],"collection":[{"href":"https:\/\/www.diario5.com.ar\/es\/wp-json\/wp\/v2\/posts"}],"about":[{"href":"https:\/\/www.diario5.com.ar\/es\/wp-json\/wp\/v2\/types\/post"}],"author":[{"embeddable":true,"href":"https:\/\/www.diario5.com.ar\/es\/wp-json\/wp\/v2\/users\/8"}],"replies":[{"embeddable":true,"href":"https:\/\/www.diario5.com.ar\/es\/wp-json\/wp\/v2\/comments?post=619182"}],"version-history":[{"count":0,"href":"https:\/\/www.diario5.com.ar\/es\/wp-json\/wp\/v2\/posts\/619182\/revisions"}],"wp:featuredmedia":[{"embeddable":true,"href":"https:\/\/www.diario5.com.ar\/es\/wp-json\/wp\/v2\/media\/619183"}],"wp:attachment":[{"href":"https:\/\/www.diario5.com.ar\/es\/wp-json\/wp\/v2\/media?parent=619182"}],"wp:term":[{"taxonomy":"category","embeddable":true,"href":"https:\/\/www.diario5.com.ar\/es\/wp-json\/wp\/v2\/categories?post=619182"},{"taxonomy":"post_tag","embeddable":true,"href":"https:\/\/www.diario5.com.ar\/es\/wp-json\/wp\/v2\/tags?post=619182"},{"taxonomy":"series","embeddable":true,"href":"https:\/\/www.diario5.com.ar\/es\/wp-json\/wp\/v2\/series?post=619182"}],"curies":[{"name":"wp","href":"https:\/\/api.w.org\/{rel}","templated":true}]}}