{"id":619004,"date":"2020-08-01T14:34:57","date_gmt":"2020-08-01T17:34:57","guid":{"rendered":"https:\/\/www.diario5.com.ar\/coronavirus-las-actividades-contempladas-para-la-nueva-etapa\/"},"modified":"2020-08-03T21:47:52","modified_gmt":"2020-08-04T00:47:52","slug":"coronavirus-las-actividades-contempladas-para-la-nueva-etapa","status":"publish","type":"post","link":"https:\/\/www.diario5.com.ar\/es\/coronavirus-las-actividades-contempladas-para-la-nueva-etapa\/","title":{"rendered":"Coronavirus: las actividades contempladas para la nueva etapa"},"content":{"rendered":"<h2 class=\"sub-title-primary\"><\/h2> <p><!--googleoff: index--><\/p>\n<div>\n<p>En el marco del aislamiento social, preventivo y obligatorio por el coronavirus, del lunes 3 de agosto al domingo 16 de agosto la Ciudad va a mantener y consolidar todo lo que estaba previsto en la etapa 1 del <a href=\"http:\/\/www.buenosaires.gob.ar\/coronavirus\/plan-integral\">Plan Integral y Gradual de Puesta en Marcha<\/a>.<\/p>\n<h2>Las actividades contempladas durante esta etapa<\/h2>\n<ul>\n<li>Comercios barriales, de cercan\u00eda, galer\u00edas barriales con DNI seg\u00fan el d\u00eda:\n<ul>\n<li>DNI terminado en n\u00famero par (0, 2, 4, 6, 8), d\u00eda par;<\/li>\n<li>DNI terminado en n\u00famero impar (1, 3, 5, 7, 9), d\u00eda impar.\n<\/li>\n<\/ul>\n<\/li>\n<li>Gastronom\u00eda: para llevar\n<\/li>\n<li>Administrativos de instituciones educativas\n<\/li>\n<li>Escribanos\n<\/li>\n<li>Streaming de m\u00fasica\n<\/li>\n<li>Actividad f\u00edsica individual con horario ampliado de <strong>18 a 10 de la ma\u00f1ana<\/strong>:\n<ul>\n<li>Se implementa un sistema de salidas a trav\u00e9s del n\u00famero de DNI, tal como para las compras en los comercios no esenciales.<\/li>\n<li>DNI terminado en n\u00famero par (0, 2, 4, 6, 8), d\u00eda par; y DNI terminado en n\u00famero impar (1, 3, 5, 7, 9), d\u00eda impar.<\/li>\n<li>No m\u00e1s de 2 personas ejercit\u00e1ndose juntas.<br \/>\n*Distanciamiento m\u00ednimo de 2 metros.<br \/>\n*El tapabocas no es de uso obligatorio mientras se corre. S\u00ed es obligatorio para ciclistas y los que salen a caminar.<br \/>\n*Se mantiene restringido el uso de las postas aer\u00f3bicas.<br \/>\n*No est\u00e1 permitido el traslado en auto o transporte p\u00fablico para hacer ejercicio.<br \/>\n*Habr\u00e1 cortes de tr\u00e1nsito para facilitar la actividad en parques y plazas seleccionados. Ver mapas de corte<\/p>\n<\/li>\n<\/ul>\n<\/li>\n<li>Salidas recreativas con chicos\n<ul>\n<li>Se ampl\u00edan en el horario de <strong>10 a 18<\/strong> a 500 metros del domicilio de residencia.<\/li>\n<li>Distanciamiento social y uso de tapabocas para mayores de 6.<\/li>\n<li>Duraci\u00f3n m\u00e1xima: 60 minutos por d\u00eda.<\/li>\n<li>Apertura de plazas y parques sin permanencia, sin uso de patio de juegos ni postas aer\u00f3bicas.\n<\/li>\n<\/ul>\n<\/li>\n<li>Culto: apertura para tareas administrativas, celebraciones online y rezo individual con aforo y tope.\n<\/li>\n<li>Lavaderos de auto\n<\/li>\n<li>Paseadores de perros\n<\/li>\n<li>Industria del juguete\n<\/li>\n<li>Mudanzas: s\u00f3lo los fines de semana\n<\/li>\n<li>Abogados\n<\/li>\n<li>Contadores\n<\/li>\n<li>Galer\u00edas de arte con turno\n<\/li>\n<li>Peluquer\u00edas, depilaci\u00f3n, manicur\u00eda y pedicur\u00eda\n<\/li>\n<li>Psic\u00f3logos\n<\/li>\n<li>Psicopedagogos\n<\/li>\n<li>Terapistas ocupacionales\n<\/li>\n<li>Kinesi\u00f3logos que trabajan con trastornos del neurodesarrollo y para la tercera edad\n<\/li>\n<li>Fonoaudi\u00f3logos que trabajan con trastorno del espectro autista (TEA)\n<\/li>\n<li>Comercios de cercan\u00eda en avenidas de alta circulaci\u00f3n\n<ul>\n<li>Incluye los rubros de indumentaria y calzado con DNI seg\u00fan el d\u00eda.<\/li>\n<li>No incluye a los Centros de Trasbordo como Liniers, Retiro y Constituci\u00f3n y la calle Avellaneda y zona de Once.<\/li>\n<\/ul>\n<\/li>\n<\/ul>\n<p>\n<br \/>\n<img decoding=\"async\" loading=\"lazy\" src=\"https:\/\/www.diario5.com.ar\/wp-content\/uploads\/2020\/08\/parque_lezama_sin_logo.jpg\" width=\"2000\" height=\"1771\" alt=\"\" title=\"Corte por actividad f\u00edsica Parque Patricios\"><br \/>\n<br \/>\n<img decoding=\"async\" loading=\"lazy\" src=\"https:\/\/www.diario5.com.ar\/wp-content\/uploads\/2020\/08\/parque_patricios_sin_logo.jpg\" width=\"2000\" height=\"1604\" alt=\"\" title=\"Corte por actividad f\u00edsica Parque Patricios\"><br \/>\n<br \/>\n<img decoding=\"async\" loading=\"lazy\" src=\"https:\/\/www.diario5.com.ar\/wp-content\/uploads\/2020\/08\/parque_chacabuco_sin_logo.jpg\" width=\"2000\" height=\"1970\" alt=\"\" title=\"Corte por actividad f\u00edsica Parque Patricios\"><br \/>\n<br \/>\n<img decoding=\"async\" loading=\"lazy\" src=\"https:\/\/www.diario5.com.ar\/wp-content\/uploads\/2020\/08\/parque_saavedra_sin_logo.jpg\" width=\"2000\" height=\"1970\" alt=\"\" title=\"Corte por actividad f\u00edsica Parque Patricios\"><br \/>\n<br \/>\n<img decoding=\"async\" loading=\"lazy\" src=\"https:\/\/www.diario5.com.ar\/wp-content\/uploads\/2020\/08\/parque_centenario_sin_logo.jpg\" width=\"2000\" height=\"1970\" alt=\"\" title=\"Corte por actividad f\u00edsica Parque Patricios\"><br \/>\n<br \/>\n<img decoding=\"async\" loading=\"lazy\" src=\"https:\/\/www.diario5.com.ar\/wp-content\/uploads\/2020\/08\/parque_tres_de_febrero_sin_logo.jpg\" width=\"2500\" height=\"2597\" alt=\"\" title=\"Corte por actividad f\u00edsica Parque Patricios\"><br \/>\n<br \/>\n<img decoding=\"async\" loading=\"lazy\" src=\"https:\/\/www.diario5.com.ar\/wp-content\/uploads\/2020\/08\/plaza_arenales_sin_logo.jpg\" width=\"3500\" height=\"2492\" alt=\"\" title=\"Corte por actividad f\u00edsica Parque Patricios\"><br \/>\n<br \/>\n<img decoding=\"async\" loading=\"lazy\" src=\"https:\/\/www.diario5.com.ar\/wp-content\/uploads\/2020\/08\/plaza_uruguay_sin_logo.jpg\" width=\"3300\" height=\"2448\" alt=\"\" title=\"Corte por actividad f\u00edsica Parque Patricios\"><\/p>\n<\/div>\n<p><!--googleon: index--><\/p>","protected":false},"excerpt":{"rendered":"<p>En el marco del aislamiento social, preventivo y obligatorio por el coronavirus, del lunes 3 de agosto al domingo 16 de agosto la Ciudad va a mantener y consolidar todo lo que estaba previsto en la etapa 1 del Plan Integral y Gradual de Puesta en Marcha. Las actividades contempladas durante esta etapa Comercios barriales, [&hellip;]<\/p>","protected":false},"author":20,"featured_media":619005,"comment_status":"open","ping_status":"closed","sticky":false,"template":"","format":"standard","meta":[],"categories":[57,22,3],"tags":[],"series":[],"_links":{"self":[{"href":"https:\/\/www.diario5.com.ar\/es\/wp-json\/wp\/v2\/posts\/619004"}],"collection":[{"href":"https:\/\/www.diario5.com.ar\/es\/wp-json\/wp\/v2\/posts"}],"about":[{"href":"https:\/\/www.diario5.com.ar\/es\/wp-json\/wp\/v2\/types\/post"}],"author":[{"embeddable":true,"href":"https:\/\/www.diario5.com.ar\/es\/wp-json\/wp\/v2\/users\/20"}],"replies":[{"embeddable":true,"href":"https:\/\/www.diario5.com.ar\/es\/wp-json\/wp\/v2\/comments?post=619004"}],"version-history":[{"count":1,"href":"https:\/\/www.diario5.com.ar\/es\/wp-json\/wp\/v2\/posts\/619004\/revisions"}],"predecessor-version":[{"id":619033,"href":"https:\/\/www.diario5.com.ar\/es\/wp-json\/wp\/v2\/posts\/619004\/revisions\/619033"}],"wp:featuredmedia":[{"embeddable":true,"href":"https:\/\/www.diario5.com.ar\/es\/wp-json\/wp\/v2\/media\/619005"}],"wp:attachment":[{"href":"https:\/\/www.diario5.com.ar\/es\/wp-json\/wp\/v2\/media?parent=619004"}],"wp:term":[{"taxonomy":"category","embeddable":true,"href":"https:\/\/www.diario5.com.ar\/es\/wp-json\/wp\/v2\/categories?post=619004"},{"taxonomy":"post_tag","embeddable":true,"href":"https:\/\/www.diario5.com.ar\/es\/wp-json\/wp\/v2\/tags?post=619004"},{"taxonomy":"series","embeddable":true,"href":"https:\/\/www.diario5.com.ar\/es\/wp-json\/wp\/v2\/series?post=619004"}],"curies":[{"name":"wp","href":"https:\/\/api.w.org\/{rel}","templated":true}]}}