{"id":618928,"date":"2020-07-28T10:03:34","date_gmt":"2020-07-28T13:03:34","guid":{"rendered":"https:\/\/www.diario5.com.ar\/espacios-culturales-de-la-ciudad-ya-pueden-solicitar-la-condonacion-de-abl-de-junio-y-julio\/"},"modified":"2020-07-31T15:45:46","modified_gmt":"2020-07-31T18:45:46","slug":"espacios-culturales-de-la-ciudad-ya-pueden-solicitar-la-condonacion-de-abl-de-junio-y-julio","status":"publish","type":"post","link":"https:\/\/www.diario5.com.ar\/es\/espacios-culturales-de-la-ciudad-ya-pueden-solicitar-la-condonacion-de-abl-de-junio-y-julio\/","title":{"rendered":"Condonaci\u00f3n de ABL para Espacios Culturales"},"content":{"rendered":"<h2 class=\"sub-title-primary\"><\/h2> <div>\n<p>El Gobierno de la Ciudad de Buenos Aires aprob\u00f3  la Ley N\u00ba 6.315, a trav\u00e9s de la cual se disponen medidas tendientes espec\u00edficamente al alivio fiscal de los contribuyentes ante las consecuencias econ\u00f3micas y financieras derivadas de la Pandemia COVID-19.<\/p>\n<p>En ese sentido, permite a aquellos comercios considerados no esenciales solicitar la condonaci\u00f3n del Impuesto Inmobiliario y Tasa Retributiva de los Servicios de Alumbrado, Barrido y Limpieza, Mantenimiento y Conservaci\u00f3n de Sumideros, correspondientes a los meses de junio y julio del corriente a\u00f1o, a los titulares de dominio, los usufructuarios, los titulares de derechos de superficie y los poseedores a t\u00edtulo de due\u00f1o de los locales comerciales en los cuales se desarrollan actividades de venta de bienes muebles y prestaciones de servicios. Con excepci\u00f3n de las entidades financieras, las de cobranzas de servicios y tributos y aquellas dispuestas en los incisos 1 a 24 del art\u00edculo 6\u00ba del Decreto de Necesidad y Urgencia N\u00b0 297\/PEN\/2020.<\/p>\n<p>El beneficio liberatorio alcanza a librer\u00edas, cines, espacios de exhibici\u00f3n, galer\u00edas de arte, bares notables, disquer\u00edas, teatros comerciales y locales de baile. Representan, en su conjunto, unos 1000 establecimientos dedicados a actividades culturales.<\/p>\n<p>La tramitaci\u00f3n del beneficio de la eximici\u00f3n del pago de las cuotas N\u00ba 6\/2020 y N\u00ba 7\/2020 ( correspondientes a los meses de junio y julio)  mediante el aplicativo \u201cAlivio Fiscal Pandemia COVID-19\u201d puede hacerse a trav\u00e9s de la web de la Administraci\u00f3n Gubernamental de Ingresos P\u00fablicos (www.agip.gob.ar), accediendo con Clave Ciudad Nivel 2.  Quienes ya hayan abonado los meses de junio y julio, tendr\u00e1n reconocimiento de un cr\u00e9dito fiscal equivalente al importe ingresado en dicho concepto.<\/p>\n<blockquote>\n<p>La resoluci\u00f3n abarca a aproximadamente 1.000 espacios culturales<\/p>\n<\/blockquote>\n<p><\/p>\n<p>Esta medida se suma a las que se vienen trabajando para seguir acompa\u00f1ando al sector  y sostener el trabajo de espacios culturales, artistas y gestores culturales de la Ciudad ante la obligada suspensi\u00f3n de actividades. En ese sentido, el 5 de mayo el Ministerio abri\u00f3 la convocatoria del Fondo Metropolitano de la Cultura, las Artes y la Ciencia, con un refuerzo econ\u00f3mico extraordinario y con  flexibilizaci\u00f3n en los requisitos de inscripci\u00f3n.<\/p>\n<p>Dicha convocatoria, que cerr\u00f3 el 28 de mayo y est\u00e1 destinada espec\u00edficamente al funcionamiento de espacios culturales, creadores, formaci\u00f3n y capacitaci\u00f3n, se encuentra en etapa de control documental, selecci\u00f3n y posterior publicaci\u00f3n.<\/p>\n<p>Finalmente y con el objetivo de promover la reactivaci\u00f3n del sector cultural y fomentar una proyecci\u00f3n a futuro, el 14 de julio, el Ministerio de Cultura de la Ciudad abri\u00f3 la convocatoria de Mecenazgo Participaci\u00f3n Cultural, el programa que m\u00e1s apoyo financiero genera a los proyectos art\u00edsticos-culturales, incentivando la inversi\u00f3n p\u00fablico-privada.<\/p>\n<p>Mecenazgo Participaci\u00f3n Cultura es un programa de financiamiento que permite el desarrollo de proyectos art\u00edstico culturales, a trav\u00e9s del cual las empresas que tributan en CABA el impuesto sobre los Ingresos Brutos, puedan destinar parte del mismo al apoyo de las propuestas mencionadas. Este programa tiene el fin de permitir al sector poder planificar de modo tal de generar la reactivaci\u00f3n de la cultura de la Ciudad.<\/p>\n<\/div>","protected":false},"excerpt":{"rendered":"<p>El Gobierno de la Ciudad de Buenos Aires aprob\u00f3 la Ley N\u00ba 6.315, a trav\u00e9s de la cual se disponen medidas tendientes espec\u00edficamente al alivio fiscal de los contribuyentes ante las consecuencias econ\u00f3micas y financieras derivadas de la Pandemia COVID-19. En ese sentido, permite a aquellos comercios considerados no esenciales solicitar la condonaci\u00f3n del Impuesto [&hellip;]<\/p>","protected":false},"author":8,"featured_media":618929,"comment_status":"open","ping_status":"closed","sticky":false,"template":"","format":"standard","meta":[],"categories":[5],"tags":[],"series":[],"_links":{"self":[{"href":"https:\/\/www.diario5.com.ar\/es\/wp-json\/wp\/v2\/posts\/618928"}],"collection":[{"href":"https:\/\/www.diario5.com.ar\/es\/wp-json\/wp\/v2\/posts"}],"about":[{"href":"https:\/\/www.diario5.com.ar\/es\/wp-json\/wp\/v2\/types\/post"}],"author":[{"embeddable":true,"href":"https:\/\/www.diario5.com.ar\/es\/wp-json\/wp\/v2\/users\/8"}],"replies":[{"embeddable":true,"href":"https:\/\/www.diario5.com.ar\/es\/wp-json\/wp\/v2\/comments?post=618928"}],"version-history":[{"count":1,"href":"https:\/\/www.diario5.com.ar\/es\/wp-json\/wp\/v2\/posts\/618928\/revisions"}],"predecessor-version":[{"id":618944,"href":"https:\/\/www.diario5.com.ar\/es\/wp-json\/wp\/v2\/posts\/618928\/revisions\/618944"}],"wp:featuredmedia":[{"embeddable":true,"href":"https:\/\/www.diario5.com.ar\/es\/wp-json\/wp\/v2\/media\/618929"}],"wp:attachment":[{"href":"https:\/\/www.diario5.com.ar\/es\/wp-json\/wp\/v2\/media?parent=618928"}],"wp:term":[{"taxonomy":"category","embeddable":true,"href":"https:\/\/www.diario5.com.ar\/es\/wp-json\/wp\/v2\/categories?post=618928"},{"taxonomy":"post_tag","embeddable":true,"href":"https:\/\/www.diario5.com.ar\/es\/wp-json\/wp\/v2\/tags?post=618928"},{"taxonomy":"series","embeddable":true,"href":"https:\/\/www.diario5.com.ar\/es\/wp-json\/wp\/v2\/series?post=618928"}],"curies":[{"name":"wp","href":"https:\/\/api.w.org\/{rel}","templated":true}]}}