{"id":618904,"date":"2020-07-25T10:00:09","date_gmt":"2020-07-25T13:00:09","guid":{"rendered":"https:\/\/www.diario5.com.ar\/las-galerias-de-arte-de-la-ciudad-de-buenos-aires-podran-volver-a-abrir\/"},"modified":"2020-07-25T12:13:58","modified_gmt":"2020-07-25T15:13:58","slug":"las-galerias-de-arte-de-la-ciudad-de-buenos-aires-podran-volver-a-abrir","status":"publish","type":"post","link":"https:\/\/www.diario5.com.ar\/es\/las-galerias-de-arte-de-la-ciudad-de-buenos-aires-podran-volver-a-abrir\/","title":{"rendered":"Reabrir\u00e1n las galerias de arte porte\u00f1as"},"content":{"rendered":"<h2 class=\"sub-title-primary\"><\/h2> <div>\n<p>Ya se habilit\u00f3 la reapertura de las galer\u00edas de arte de la Ciudad desde este lunes 27 de julio. Por supuesto, se realiza todo bajo un protocolo de seguridad por el coronavirus.<\/p>\n<p>El Ministerio de Cultura de la Ciudad y la C\u00e1mara Argentina de Galer\u00edas de Arte Contempor\u00e1neo, Meridiano, que agrupa 48 espacios, elaboraron el esquema de medidas que deber\u00e1n seguir las  personas involucradas en las visitas a muestras de arte<\/p>\n<p>De este modo, el Gobierno de la Ciudad de Buenos Aires, va encontrando, una a una actividades que est\u00e1n posibilitadas a retomar sus actividades de manera segura, en un trabajo conjunto con los interesados.<\/p>\n<p><!--googleoff:index--><\/p>\n<p>Acorde al protocolo podr\u00e1n estar en funcionamiento de <strong>lunes a viernes, entre las 11 y las 21 hs<\/strong> pudiendo recibir visitas con <strong>turno previo de acuerdo a la terminaci\u00f3n del n\u00famero de DNI<\/strong>: d\u00eda par personas con terminaci\u00f3n en n\u00famero par, d\u00eda impar personas con DNI terminado en n\u00famero impar. Las personas deben concurrir con DNI. A su vez, las visitas deben organizarse con espacios de 30 min entre una y otra.<\/p>\n<p>El p\u00fablico concurrente al local debe calcularse en la medida de una persona cada 15m2 del espacio destinado a la atenci\u00f3n al p\u00fablico.<\/p>\n<p><a class=\"btn btn-small btn-default\" href=\"http:\/\/www.buenosaires.gob.ar\/sites\/gcaba\/files\/if-2020-15462368-gcaba-mcgc.pdf\" target=\"_blank\" rel=\"noopener noreferrer\">Descarg\u00e1 el protocolo<\/a><\/p>\n<p>Asimismo, el 20 de julio, en la Ciudad de Buenos Aires, volvieron a habilitarse las actividades musicales de creaci\u00f3n, interpretaci\u00f3n y grabaci\u00f3n en estudio y la realizaci\u00f3n de transmisiones v\u00eda streaming en los establecimientos o espacios cuya habilitaci\u00f3n o permiso sea compatible con la actividad bajo el protocolo ya aprobado por las autoridades sanitarias nacionales. Y la apertura de las librer\u00edas de la Ciudad para poder seguir vendiendo por comercio electr\u00f3nico con env\u00edo a domicilio tambi\u00e9n bajo el protocolo de seguridad aprobado como comercio minorista.<\/p>\n<\/div>\n<p><!--googleoff:index--><\/p>","protected":false},"excerpt":{"rendered":"<p>Ya se habilit\u00f3 la reapertura de las galer\u00edas de arte de la Ciudad desde este lunes 27 de julio. Por supuesto, se realiza todo bajo un protocolo de seguridad por el coronavirus. El Ministerio de Cultura de la Ciudad y la C\u00e1mara Argentina de Galer\u00edas de Arte Contempor\u00e1neo, Meridiano, que agrupa 48 espacios, elaboraron el [&hellip;]<\/p>","protected":false},"author":8,"featured_media":617231,"comment_status":"open","ping_status":"closed","sticky":false,"template":"","format":"standard","meta":[],"categories":[5],"tags":[],"series":[],"_links":{"self":[{"href":"https:\/\/www.diario5.com.ar\/es\/wp-json\/wp\/v2\/posts\/618904"}],"collection":[{"href":"https:\/\/www.diario5.com.ar\/es\/wp-json\/wp\/v2\/posts"}],"about":[{"href":"https:\/\/www.diario5.com.ar\/es\/wp-json\/wp\/v2\/types\/post"}],"author":[{"embeddable":true,"href":"https:\/\/www.diario5.com.ar\/es\/wp-json\/wp\/v2\/users\/8"}],"replies":[{"embeddable":true,"href":"https:\/\/www.diario5.com.ar\/es\/wp-json\/wp\/v2\/comments?post=618904"}],"version-history":[{"count":2,"href":"https:\/\/www.diario5.com.ar\/es\/wp-json\/wp\/v2\/posts\/618904\/revisions"}],"predecessor-version":[{"id":618911,"href":"https:\/\/www.diario5.com.ar\/es\/wp-json\/wp\/v2\/posts\/618904\/revisions\/618911"}],"wp:featuredmedia":[{"embeddable":true,"href":"https:\/\/www.diario5.com.ar\/es\/wp-json\/wp\/v2\/media\/617231"}],"wp:attachment":[{"href":"https:\/\/www.diario5.com.ar\/es\/wp-json\/wp\/v2\/media?parent=618904"}],"wp:term":[{"taxonomy":"category","embeddable":true,"href":"https:\/\/www.diario5.com.ar\/es\/wp-json\/wp\/v2\/categories?post=618904"},{"taxonomy":"post_tag","embeddable":true,"href":"https:\/\/www.diario5.com.ar\/es\/wp-json\/wp\/v2\/tags?post=618904"},{"taxonomy":"series","embeddable":true,"href":"https:\/\/www.diario5.com.ar\/es\/wp-json\/wp\/v2\/series?post=618904"}],"curies":[{"name":"wp","href":"https:\/\/api.w.org\/{rel}","templated":true}]}}