{"id":618676,"date":"2020-06-27T21:37:41","date_gmt":"2020-06-28T00:37:41","guid":{"rendered":"https:\/\/www.diario5.com.ar\/?p=618676"},"modified":"2021-06-03T21:00:31","modified_gmt":"2021-06-04T00:00:31","slug":"quien-es-quien-en-la-verdadera-grieta","status":"publish","type":"post","link":"https:\/\/www.diario5.com.ar\/es\/quien-es-quien-en-la-verdadera-grieta\/","title":{"rendered":"Qui\u00e9n es qui\u00e9n en la grieta menos importante de la Argentina"},"content":{"rendered":"<h2 class=\"sub-title-primary\">El editor de Diario 5 redobla su apuesta en cuanto a su posici\u00f3n que deja afuera al kirchnerismo y al macrismo de ser las brasas para encender la definitiva dignidad argentina.<\/h2> <p style=\"text-align: left;\">Ciertos artistas populares que alguna vez fueron muy exitosos en televisi\u00f3n sintieron, aunque experimentalmente, el roce fragante de la palabra \u00abcapoc\u00f3mico\u00bb en boca o letra de alguna cr\u00edtica aduladora. Cuando esta gente pasa por per\u00edodos de abstinencia de aplausos, corre siempre, indefectiblemente siempre, el riesgo de transformarse en molestos, dejando abierta la sospecha de estar secretamente rezando plegarias por recuperar atenci\u00f3n. Eso, en realidad, a nadie le importa, a no ser que se trate de figurines que aprovecharon su notoriedad para exteriorizar su ideolog\u00eda <em>pour la galerie.<\/em> Ah\u00ed, s\u00ed, el p\u00fablico puede regalarles una oportunidad m\u00e1s, ya que es bufoner\u00eda asegurada.<\/p>\n<p>Nadie necesita a Dady Brieva para empatizar con el kirchnerismo y nadie necesita a Alfredo Casero para darle la derecha a la derecha. De hecho, Brieva ridiculiza al kirchnerismo y Casero averg\u00fcenza a los conservadores. \u00bfA qui\u00e9n podr\u00edan serles \u00fatiles? Son almas enfermas de vanidad que saben que, a trav\u00e9s de la opini\u00f3n pol\u00edtica, satisfacen su hambre de secreci\u00f3n endorf\u00ednica cuando hay todav\u00eda un cierto p\u00fablico que reacciona ante sus nimiedades expresadas gracias a micr\u00f3fonos amigos. Es que por la vieja v\u00eda de demostraci\u00f3n de sus talentos, hoy resultan un saquito usado para varios t\u00e9s. No tienen gusto. Ni a revolucionario ni a gorila.<\/p>\n<hr \/>\n<p>Si bien no sobran los ejemplos fuertes de antag\u00f3nicos gladiadores de juguete -algunos, est\u00fapidamente cl\u00e1sicos-, siempre hay alg\u00fan productor televisivo deleznable que prepara el ring y lo deja disponible para que los burros de carga vayan a demostrar sus habilidades cloacales: Eduardo Feinmann vs. Roberto Navarro es algo as\u00ed como un sue\u00f1o inalcanzable. No ha nacido el Don King que los logre enfrentar delante de una misma c\u00e1mara para deleite del p\u00fablico hip\u00f3crita que aportar\u00eda muchos puntos de rating, mientras m\u00e1s de la mitad del pa\u00eds sigue penando hambre, marginalidad y vida triste.<\/p>\n<p>Ra\u00fal Rizzo y Juan Acosta s\u00ed son carne de pelea f\u00e1cil y se los ha usado como a coballos en varias oportunidades. Incluso se recuerda la baba que le cay\u00f3 al sector del periodismo que los estimula y fogonea, cuando por la redes sociales se viraliz\u00f3 que todos estos tirifilos cobraban lindos manguitos por sus salidas a la arena del Coliseo virtual, data, desafortunadamente, jam\u00e1s confirmada.<\/p>\n<p>&nbsp;<\/p>\n<hr \/>\n<p>En el periodismo personalizado, con nombre y apellido, cuando us\u00e1s tu prestigio alguna vez ganado para endulzarte con las popularidades que brindan las ideol\u00f3gicas -quiz\u00e1s, entendiendo que la carrera \u00abya la hiciste\u00bb y viendo que tu nueva forma de trascendencia es m\u00e1s amable, glamorosa y rentable- corr\u00e9s el riesgo de engrasarlo (al prestigio, claro).<\/p>\n<p>Jorge Lanata y V\u00edctor Hugo Morales son dos periodistas prestigiosos. Y son tan inteligentes que saben -desde la a hasta la z- que est\u00e1n arriando ovejas, es decir, lo que ambos, en sendos a\u00f1os mozos, detestaron de otros periodistas. Reconocemos que se trata de dos tipos acostumbrados a caer parados. Se destacan de verdad y por brillo propio. Cargan con kilos de bronce en m\u00e9ritos. Son \u00abTop\u00bb. Pero la posici\u00f3n que hoy adoptaron los aleja -bien lejitos- de aquella amada libertad que los sedujo el primer d\u00eda de ejercicio de su compartida profesi\u00f3n. Y no porque haya ninguna dictadura que les impida expresarse, sino porque ambos \u00abforzaron su propia coherencia\u00bb hacia lo ideol\u00f3gico. Bien antiperiod\u00edstico. Bien acorde con estos tiempos en los que el trabajo de ser objetivo y equilibrado no se lo quiere tomar ni un cronista cuando pregunta en carnicer\u00edas el precio del osobuco.<\/p>\n<p>No obstante, trat\u00e1ndose de dos otrora <em>veletas del pensar<\/em>, en cualquier momento se reinventan y Jorge encarrilar\u00eda un regreso a su hist\u00f3rico progresismo infantojuvenil, mientras que V\u00edctor Hugo volver\u00eda a posar para las revistas especiales de Clar\u00edn, como lo hizo en \u00abArgentinos, Retratos del Fin de Milenio\u00bb. Mientras tanto, les pueden seguir vendiendo sus pescados del d\u00eda anterior a los dos grandes grupos de trogloditas de la Argentina. A este boludo, por ahora, no.<\/p>\n<hr \/>\n<p>No vamos a incluir mujeres en estos duelos con espadas de apio, porque no se registran bochornos mayores entre ellas, siempre hablando de este rubro. Si bien hay algunas chicas que se manifiestan ideol\u00f3gicamente en medios p\u00fablicos, el amper\u00edmetro no ha llevado al grado de papel\u00f3n por desbocamiento ideol\u00f3gico ni nada que se le parezca a ninguna dama del \u00e1mbito art\u00edstico -incluso period\u00edstico- de la Argentina. Y si as\u00ed ocurri\u00f3, un caballero no tiene memoria.<\/p>\n<p>\u00bfLa Argentina es m\u00e1s divertida con tipos como Luis D&#8217;El\u00eda y Fernando Iglesias?<\/p>\n<p>El pelotudaje que se divierte con ellos, tuerce la respuesta a un claro \u00abs\u00ed\u00bb.<\/p>\n<p><strong>La nueva \u00abverdadera Grieta\u00bb<\/strong><\/p>\n<p><img decoding=\"async\" loading=\"lazy\" class=\"alignnone size-full wp-image-626372\" src=\"https:\/\/www.diario5.com.ar\/wp-content\/uploads\/2021\/04\/grieta_real_120210409.jpg\" width=\"850\" height=\"660\" srcset=\"https:\/\/www.diario5.com.ar\/wp-content\/uploads\/2021\/04\/grieta_real_120210409.jpg 850w, https:\/\/www.diario5.com.ar\/wp-content\/uploads\/2021\/04\/grieta_real_120210409-300x233.jpg 300w, https:\/\/www.diario5.com.ar\/wp-content\/uploads\/2021\/04\/grieta_real_120210409-768x596.jpg 768w\" sizes=\"(max-width: 850px) 100vw, 850px\" \/>Es costoso aceptarlo. Pero si est\u00e1s del lado Alfredo Casero o de Dady Brieva, pas\u00e1s a juicio por parte de los que vemos una grieta m\u00e1s grande de la que ves vos. Digamos que al tomar partido por cualquiera de ellos, ingres\u00e1s en un \u00e1rea en el que ser\u00e1s considerado\/a \u00abINDEPLA\u00bb (Individuo Nocivo al Desarrollo del Pensamiento Libre en la Argentina) hasta que demuestres lo contrario.<\/p>\n<p>\u00bfc\u00f3mo se demuestra lo contrario?<\/p>\n<p><em>Ejemplo 1: Si ten\u00e9s perro y levant\u00e1s la caca cuando lo pase\u00e1s, ten\u00e9s derecho a ser o macrista o kirchneristra.<\/em><\/p>\n<p>Nadie te observa. Nadie te toma con la camarita de seguridad. Es a conciencia. Si no lo hac\u00e9s&#8230; \u00bfqu\u00e9 importancia tiene que seas macrista o kirchnerista, si en realidad son un hijo de puto que, dejando la cagada de tu perro en la vereda, se caga soberanamente en los dem\u00e1s? Muchas veces, estos lapidables hasta se justifican, como fue el caso de un pendejo caradura ecologista, a quien encar\u00e9 en Combate de los Pozos y Cochabamba, frente a la estaci\u00f3n de GNC, cuando abandonaba el proof-pack que hab\u00eda dejado su labrador. Me dijo: \u00ab\u00bfno entend\u00e9s que si hace junto al arbolito est\u00e1 aportando abono a la tierra?<\/p>\n<p><em>Ejemplo 2: Si al circular manejando, en una esquina sin sem\u00e1foros deten\u00e9s la marcha para que una persona que est\u00e1 esperando cruzar, lo haga delante de tu autom\u00f3vil. <\/em><\/p>\n<p>Ahora&#8230; \u00bfqu\u00e9 m\u00e1s da que seas de La C\u00e1mpora o de la UCD, miembro de una organizaci\u00f3n de Derechos Humanos o simpatizante de Bolsonaro, si vas a pasar la esquina vos primero? Y encima, la eterna -siempre canallesca- justificaci\u00f3n: \u00abEs que yo vengo r\u00e1pido. Aparte estoy solo yo. No hay m\u00e1s autos. El peat\u00f3n puede esperar unos segundos m\u00e1s\u00bb. T\u00edpico. Y hay decenas de detalles que pueden agregarse. Pero la provocaci\u00f3n va m\u00e1s lejos: la mayor\u00eda dice no saber que donde no hay sem\u00e1foro, el peat\u00f3n tiene prioridad estricta.<\/p>\n<p>Hay unos 18 ejemplos m\u00e1s pero no van a quedar escritos aqu\u00ed para generar diversi\u00f3n gratuita. Porque -tal como fue advertido en observaciones anteriores- aunque reciban la advertencia de d\u00f3nde est\u00e1 el problema, lo m\u00e1s probable es que sigan apostando a la grietita K\/M. Eso los divierte a los argentinitos falaces, que cuando se les hace notar este bochorno intelectual en el que viven, reaccionan como corresponde a ellos: endilg\u00e1ndote, junto al insulto que te profieren, que tu posici\u00f3n ideol\u00f3gica es la adversaria en el partidito de barrio que juegan ellos.<\/p>\n<p>Es genial ver que si un\u00a0<span style=\"letter-spacing: 0.8px;\">fan\u00e1tico del PRO<\/span><span style=\"letter-spacing: 0.05em;\"> discute sobre atribuciones del Estado con un kirchnerista o un militante de la C\u00e1mpora le plantea a un\u00a0<\/span><span style=\"letter-spacing: 0.8px;\">macrista los excesos en que caen los empresarios, en esa pol\u00e9mica, ninguno se enoja tanto con el otro, como se enojan conmigo cuando les digo lo parecidos que son entre s\u00ed.<\/span><\/p>\n<p>La verdadera grieta, como lo indica el gr\u00e1fico, divide a los que pelean por la supremac\u00eda una mirada ideol\u00f3gica, de los que trabajan cada d\u00eda para demostrar que la dignidad no es una manta corta, que si se la tira hacia un lado abriga a una parte de la sociedad y, al arrastrarla hacia el otro extremo, abriga a los otros.<\/p>\n<p>Y nada de acusar a estas personas de \u00abdespolitizados\u00bb. Mucho cuidado. Algunos fanatizados en creer que su bander\u00eda o su l\u00edder representan el Nirvana de la Patria, se abalanzan sobre el independiente y los librepensadores con gran agresividad pero carentes de armas intelectuales y morales, a plantearle que s\u00f3lo de la pol\u00edtica (y de los pol\u00edticos que la practican) pueden surgir \u00abresultados pol\u00edticos\u00bb que favorezcan al pa\u00eds. Chocolate por la Noticia. Es precisamente. por eso que existe este planteo de ubicarnos en la otra orilla de una grieta mayor: Levantar la caca del perro es una forma de candidatearse mejor a hacer pol\u00edtica. No pasar con el auto en una esquina sin sem\u00e1foro en la que un peat\u00f3n est\u00e1 esperando para cruzar, es una manera clara de estar mejor posicionado para ser un pol\u00edtico. \u00bfQuer\u00e9s m\u00e1s? Leeme ma\u00f1ana.<\/p>\n<p>Nunca estuvimos tan cerca de la divisi\u00f3n social que tuvo la Uni\u00f3n Sovi\u00e9tica: Dirigentes y Dirigidos. No hay otra cosa. Ponerse de un solo lado apoyando a un dirigente para denostar al otro nos hace miserables. Y a muchos les encanta.<\/p>\n<p>&nbsp;<\/p>","protected":false},"excerpt":{"rendered":"<p>El editor de Diario 5 redobla su apuesta en cuanto a su posici\u00f3n que deja afuera al kirchnerismo y al macrismo de ser las brasas para encender la definitiva dignidad argentina. Ciertos artistas populares que alguna vez fueron muy exitosos en televisi\u00f3n sintieron, aunque experimentalmente, el roce fragante de la palabra \u00abcapoc\u00f3mico\u00bb en boca o [&hellip;]<\/p>","protected":false},"author":4,"featured_media":628823,"comment_status":"open","ping_status":"open","sticky":false,"template":"","format":"standard","meta":[],"categories":[75,1],"tags":[],"series":[],"_links":{"self":[{"href":"https:\/\/www.diario5.com.ar\/es\/wp-json\/wp\/v2\/posts\/618676"}],"collection":[{"href":"https:\/\/www.diario5.com.ar\/es\/wp-json\/wp\/v2\/posts"}],"about":[{"href":"https:\/\/www.diario5.com.ar\/es\/wp-json\/wp\/v2\/types\/post"}],"author":[{"embeddable":true,"href":"https:\/\/www.diario5.com.ar\/es\/wp-json\/wp\/v2\/users\/4"}],"replies":[{"embeddable":true,"href":"https:\/\/www.diario5.com.ar\/es\/wp-json\/wp\/v2\/comments?post=618676"}],"version-history":[{"count":15,"href":"https:\/\/www.diario5.com.ar\/es\/wp-json\/wp\/v2\/posts\/618676\/revisions"}],"predecessor-version":[{"id":628824,"href":"https:\/\/www.diario5.com.ar\/es\/wp-json\/wp\/v2\/posts\/618676\/revisions\/628824"}],"wp:featuredmedia":[{"embeddable":true,"href":"https:\/\/www.diario5.com.ar\/es\/wp-json\/wp\/v2\/media\/628823"}],"wp:attachment":[{"href":"https:\/\/www.diario5.com.ar\/es\/wp-json\/wp\/v2\/media?parent=618676"}],"wp:term":[{"taxonomy":"category","embeddable":true,"href":"https:\/\/www.diario5.com.ar\/es\/wp-json\/wp\/v2\/categories?post=618676"},{"taxonomy":"post_tag","embeddable":true,"href":"https:\/\/www.diario5.com.ar\/es\/wp-json\/wp\/v2\/tags?post=618676"},{"taxonomy":"series","embeddable":true,"href":"https:\/\/www.diario5.com.ar\/es\/wp-json\/wp\/v2\/series?post=618676"}],"curies":[{"name":"wp","href":"https:\/\/api.w.org\/{rel}","templated":true}]}}