{"id":618668,"date":"2020-06-26T00:17:33","date_gmt":"2020-06-26T03:17:33","guid":{"rendered":"https:\/\/www.diario5.com.ar\/?p=618668"},"modified":"2020-07-01T15:58:14","modified_gmt":"2020-07-01T18:58:14","slug":"las-tapas-de-diarios-con-los-muertos-por-coronavirus","status":"publish","type":"post","link":"https:\/\/www.diario5.com.ar\/es\/las-tapas-de-diarios-con-los-muertos-por-coronavirus\/","title":{"rendered":"Las tapas de diarios con los muertos por coronavirus"},"content":{"rendered":"<h2 class=\"sub-title-primary\">En un ciclo televisivo se anunci\u00f3 que los peri\u00f3dicos har\u00e1n diferencia con la tradicional forma de comunicar las noticias de la pandemia.<\/h2> <p>En el programa de televisi\u00f3n que conduce Viviana Canosa por canal nueve, el equipo period\u00edstico que lo integra revel\u00f3 que el pr\u00f3ximo domingo, 28 de junio, los diarios m\u00e1s importantes de la Argentina publicar\u00e1n en su portada el n\u00famero de muertos por coronavirus. Una de las frases que se le escuch\u00f3 decir a la conductora es que se trata de una campa\u00f1a para generar miedo. No cabe ninguna duda de que la Argentina sigue siendo un pa\u00eds con una mayor\u00eda de personas dispuestas que les traten como criaturas de jard\u00edn de infantes, tengan la edad que tenga.<\/p>\n<p>Lo curioso que complementa esa situaci\u00f3n es que existe un peque\u00f1o grupo de comunicadores, pol\u00edticos, profesionales y adscriptos a todo tipo de notoriedad dispuestos a hacer cumplir a rajatabla tal premisa, por lo que se sienten encantados de ponerse el guardapolvos de maestra jardinera.<\/p>\n<p style=\"text-align: left;\"><a href=\"https:\/\/ensamble19.com.ar\/argentina.php\" target=\"_blank\" rel=\"noopener noreferrer\"><img decoding=\"async\" loading=\"lazy\" class=\"size-full wp-image-4663 alignleft\" src=\"http:\/\/diario5.com.ar\/wp-content\/uploads\/2013\/08\/E19.gif\" alt=\"\" width=\"126\" height=\"65\" \/><\/a>Como editor de <a href=\"https:\/\/ensamble19.com.ar\/argentina.php\" target=\"_blank\" rel=\"noopener noreferrer\">Ensamble 19<\/a>, web dedicada a mostrar las tapas de diarios de todo el pa\u00eds todos los d\u00edas,me v\u00ed una vez en la inc\u00f3moda situaci\u00f3n de tener que responder mensajes de gente inc\u00f3moda que se molest\u00f3 por la fotograf\u00eda de una modelo que se hab\u00eda suicidado, publicada en la portada de un matutino porte\u00f1o.<\/p>\n<p>\u00bfSe viene una coordinaci\u00f3n editorial por parte del periodismo de gran llegada, como para que, de un zarpazo, se encarrile la tan mentada \u00abconcientizaci\u00f3n\u00bb sobre la pandemia? No s\u00e9 si se trata de una manera de generar miedo. S\u00ed considero que hay algunos comunicadores que tienen miedo de que la gente tenga miedo.<\/p>\n<p>Veamos diferencias entre una cosa y otras.<\/p>\n<p>Durante mucho tiempo opositores a los distintos gobiernos, incluyendo los \u00abperiodismo los opositores\u00bb, alzaban sus voces contra el poder en momentos en los que quer\u00edan que se estaba intentando hacer cundir el miedo en pos de mantener controlada la conducta de una buena parte de la sociedad. Yo mismo estuve del lado del reclamo. El miedo pol\u00edtico es una mierda.<\/p>\n<p>Ahora, la vieja costumbre de querer eliminar a cualquier tendencia a producir miedo en los habitantes, no se est\u00e1 haciendo apurar en algunas tomas de decisiones y corremos el riesgo de excedernos en la audacia, justo en la oportunidad en la que el cuidado es el bien m\u00e1s preciado que podemos poseer.<\/p>\n<p>Estamos ante una bisagra bastante parecida a la que se accion\u00f3 cuando, despu\u00e9s de d\u00e9cadas o siglos de ser una sociedad en la que una de las peores cosas con las que se no pod\u00eda se\u00f1alar con el dedo era la de \u00abser bot\u00f3n\u00bb, pasamos a escrachar desde a todo delincuente que en otros tiempos era celebrado: primero, al ladr\u00f3n de guante blanco o estafador de bancos grandes, gente simp\u00e1tica y envidiada. Y luego vinieron los escraches a todos aquellos que nos daban miedo: desde poderosos de pueblos que violaban jovencitas o asesinaban gente pobre sin que el resto de la poblaci\u00f3n los denunciara, hasta criminales que en su momento se adue\u00f1aron del Estado.<\/p>\n<p>Pues bien, la bisagra actual es: o entr\u00e1s en la nueva conciencia o est\u00e1s afuera. \u00bfy c\u00f3mo se puede estar afuera? Desde actuando de una manera est\u00fapida hasta haci\u00e9ndolo de una forma canallesca. En los ejemplos de la estupidez podemos caer todos, por o que es necesario mantenerse atento a los cuidados que nos estamos recomendando mutua y permanentemente como sociedad desde el primer d\u00eda que no cambi\u00f3 en lo m\u00e1s m\u00ednimo: lavarnos las manos varias veces al d\u00eda y usar tapabocas cuando tenemos que salir. Poner un ejemplo de los casos de riesgo que pueden surgir sin tanta inocencia, es expresar de una vez por todas que se observa a muchas personas j\u00f3venes especular con el supuesto conocimiento les han inculcado acerca de que ellos tienen muchas menos posibilidades de contagiarse. As\u00ed, entonces, una de las combinaciones m\u00e1s peligrosas que puede existir en la sociedad que le har\u00e1 correr el riesgo de que muchas personas se contagian coronavirus es la que amalgama ignorancia que hijaputez en argentinos j\u00f3venes.<\/p>","protected":false},"excerpt":{"rendered":"<p>En un ciclo televisivo se anunci\u00f3 que los peri\u00f3dicos har\u00e1n diferencia con la tradicional forma de comunicar las noticias de la pandemia. En el programa de televisi\u00f3n que conduce Viviana Canosa por canal nueve, el equipo period\u00edstico que lo integra revel\u00f3 que el pr\u00f3ximo domingo, 28 de junio, los diarios m\u00e1s importantes de la Argentina [&hellip;]<\/p>","protected":false},"author":3,"featured_media":618672,"comment_status":"open","ping_status":"open","sticky":false,"template":"","format":"standard","meta":[],"categories":[1],"tags":[],"series":[],"_links":{"self":[{"href":"https:\/\/www.diario5.com.ar\/es\/wp-json\/wp\/v2\/posts\/618668"}],"collection":[{"href":"https:\/\/www.diario5.com.ar\/es\/wp-json\/wp\/v2\/posts"}],"about":[{"href":"https:\/\/www.diario5.com.ar\/es\/wp-json\/wp\/v2\/types\/post"}],"author":[{"embeddable":true,"href":"https:\/\/www.diario5.com.ar\/es\/wp-json\/wp\/v2\/users\/3"}],"replies":[{"embeddable":true,"href":"https:\/\/www.diario5.com.ar\/es\/wp-json\/wp\/v2\/comments?post=618668"}],"version-history":[{"count":3,"href":"https:\/\/www.diario5.com.ar\/es\/wp-json\/wp\/v2\/posts\/618668\/revisions"}],"predecessor-version":[{"id":618673,"href":"https:\/\/www.diario5.com.ar\/es\/wp-json\/wp\/v2\/posts\/618668\/revisions\/618673"}],"wp:featuredmedia":[{"embeddable":true,"href":"https:\/\/www.diario5.com.ar\/es\/wp-json\/wp\/v2\/media\/618672"}],"wp:attachment":[{"href":"https:\/\/www.diario5.com.ar\/es\/wp-json\/wp\/v2\/media?parent=618668"}],"wp:term":[{"taxonomy":"category","embeddable":true,"href":"https:\/\/www.diario5.com.ar\/es\/wp-json\/wp\/v2\/categories?post=618668"},{"taxonomy":"post_tag","embeddable":true,"href":"https:\/\/www.diario5.com.ar\/es\/wp-json\/wp\/v2\/tags?post=618668"},{"taxonomy":"series","embeddable":true,"href":"https:\/\/www.diario5.com.ar\/es\/wp-json\/wp\/v2\/series?post=618668"}],"curies":[{"name":"wp","href":"https:\/\/api.w.org\/{rel}","templated":true}]}}