{"id":618360,"date":"2020-06-03T22:44:02","date_gmt":"2020-06-04T01:44:02","guid":{"rendered":"https:\/\/www.diario5.com.ar\/618360-2\/"},"modified":"2023-07-06T01:53:17","modified_gmt":"2023-07-06T04:53:17","slug":"618360-2","status":"publish","type":"post","link":"https:\/\/www.diario5.com.ar\/es\/618360-2\/","title":{"rendered":"El trabajo conjunto Naci\u00f3n-Ciudad"},"content":{"rendered":"<h2 class=\"sub-title-primary\"><\/h2> <p><!--googleoff: index--><br \/>\nHoracio Rodr\u00edguez <\/span><a style=\"font-family: 'Cantata One', serif; letter-spacing: 0.05em;\" href=\"https:\/\/www.telam.com.ar\/notas\/202006\/472023-larreta-planteo-al-presidente-diseno-de-protocolo-para-regreso-a-clases-y-recreacion-de-ninos.html\" target=\"_blank\" rel=\"noopener noreferrer\">Larreta le plante\u00f3 al Presidente un dise\u00f1o de protocolo para regreso a clases y recreaci\u00f3n de ni\u00f1os<\/a><\/p>\n<div>\n<div class=\"cuadros1\">\n<p>Entre los planteos presentados al Presidente, se incluy\u00f3 la \u00abpreparaci\u00f3n del protocolo de reapertura de escuelas en conjunto con expertos, para analizar qui\u00e9nes, cu\u00e1ndo y c\u00f3mo podr\u00edan regresar presencialmente\u00bb.<\/p>\n<\/div>\n<div class=\"cuadros1\">\n<div class=\"time\"><a style=\"font-family: 'Cantata One', serif; letter-spacing: 0.05em;\" href=\"https:\/\/www.telam.com.ar\/notas\/202006\/471927-alberto-fernandez-horacio-rodriguez-larreta-ciudad-aislamiento-social-coronavirus.html\" target=\"_blank\" rel=\"noopener noreferrer\">Fern\u00e1ndez analiz\u00f3 junto a Rodr\u00edguez Larreta c\u00f3mo ser\u00e1 la nueva fase del aislamiento en la ciudad<\/a><\/div>\n<\/div>\n<div class=\"cuadros1\">\n<p>En el encuentro se estudi\u00f3 la posibilidad de \u201campliar\u201d las salidas recreativas de ni\u00f1os y adolescentes y otra serie de flexibilizaciones.<\/p>\n<div class=\"time\">\n<div class=\"cuadros1\">\n<div class=\"time\"><a style=\"font-family: 'Cantata One', serif; letter-spacing: 0.05em;\" href=\"https:\/\/www.telam.com.ar\/notas\/202006\/471999-analizan-medidas-para-el-bienestar-fisico-y-emocional-de-ninos-y-adolescentes.html\" target=\"_blank\" rel=\"noopener noreferrer\">Analizan medidas para el bienestar f\u00edsico y emocional de ni\u00f1os y adolescentes<\/a><\/div>\n<\/div>\n<div class=\"cuadros1\">\n<p>El dise\u00f1o de protocolos para un futuro regreso a clases, el miedo de los ni\u00f1os y ni\u00f1as al contagio, la disrupci\u00f3n de los chequeos habituales de salud y un abordaje diferenciado para adolescentes, fueron algunos de los ejes analizados por el presidente Alberto Fern\u00e1ndez, el jefe de gobierno porte\u00f1o Horacio Rodr\u00edguez Larreta y especialistas.<\/p>\n<hr \/>\n<p><a style=\"font-family: 'Cantata One', serif; letter-spacing: 0.05em;\" href=\"https:\/\/www.telam.com.ar\/notas\/202006\/471873-movilizaciones-con-distancia-social-y-activismo-en-internet-para-gritar-ni-una-menos.html\" target=\"_blank\" rel=\"noopener noreferrer\">Movilizaciones con distancia social y activismo en Internet para gritar \u00abNi una menos\u00bb<\/a><\/p>\n<\/div>\n<\/div>\n<\/div>\n<div class=\"cuadros1\">\n<p>Con activismo en redes, un ruidazo federal y movilizaciones en al menos diez ciudades, los colectivos feministas del pa\u00eds se manifiestan contra de los femicidos, la violencia machista y el aborto clandestino.<\/p>\n<div class=\"time\"><\/div>\n<\/div>\n<div class=\"cuadros1\">\n<h4><a href=\"https:\/\/www.telam.com.ar\/notas\/202006\/472020-villa-crespo-incendio-bomberos-policia-de-la-ciudad-sus-sirenas.html\" target=\"_blank\" rel=\"noopener noreferrer\">Homenaje a los Bomberos fallecidos en el incendio de Villa Crespo<\/a><\/h4>\n<p>Las dependencias de la Policia de la Ciudad y los cuarteles de Bomberos porte\u00f1os har\u00e1n sonar sus sirenas ma\u00f1ana a las 11.30, en homenaje a los dos bomberos fallecidos durante el incendio del martes en una perfumer\u00eda en el barrio de Villa Crespo.<\/p>\n<div class=\"time\"><\/div>\n<\/div>\n<div class=\"cuadros1\">\n<h4><a href=\"https:\/\/www.telam.com.ar\/notas\/202006\/472017-deportivo-riestra-practica-cuarentena.html\" target=\"_blank\" rel=\"noopener noreferrer\">A un grupo de jugadores de Deportivo Riestra se los vio entrenando en plena cuarentena<\/a><\/h4>\n<p>Un grupo de jugadores de Deportivo Riestra fue registrado entrenando en su estadio en plena cuarentena y uno de los miembros m\u00e1s influyentes del Comit\u00e9 Ejecutivo como el presidente de Lan\u00fas, Nicol\u00e1s Russo, se mostr\u00f3 \u00abextra\u00f1ado, porque eso no se puede hacer, ya que no hay autorizaci\u00f3n para practicar\u00bb.<\/p>\n<div class=\"time\"><\/div>\n<\/div>\n<div class=\"cuadros1\">\n<h4><a href=\"https:\/\/www.telam.com.ar\/notas\/202006\/472011-massa-recibio-al-gobernador-manzur-en-la-camara-de-diputados.html\" target=\"_blank\" rel=\"noopener noreferrer\">Massa recibi\u00f3 al gobernador Manzur en la C\u00e1mara de Diputados<\/a><\/h4>\n<p>\u00abContinuando con nuestras gestiones en Buenos Aires rubricamos una asistencia financiera de m\u00e1s de $1.800 millones de pesos a trav\u00e9s del Ente Nacional de Obras H\u00eddricas de Saneamiento, que nos permitir\u00e1 ejecutar m\u00e1s obras de agua potable y saneamiento general en la provincia\u00bb, expres\u00f3 el mandatario provincial al t\u00e9rmino del encuentro.<\/p>\n<div class=\"time\"><\/div>\n<\/div>\n<div class=\"cuadros1\">\n<h4><a href=\"https:\/\/www.telam.com.ar\/notas\/202006\/472014-la-cgt-la-cta-autonoma-y-la-cartera-de-salud-lanzaron-plan-nacional-de-cuidados.html\" target=\"_blank\" rel=\"noopener noreferrer\">LA CGT, la CTA Aut\u00f3noma y la cartera de Salud lanzaron Plan Nacional de Cuidados<\/a><\/h4>\n<p>El Ministerio de Salud de la Naci\u00f3n y las conducciones de la CGT y la CTA Aut\u00f3noma lanzaron de forma consensuada el Plan Nacional de Cuidados para proteger a los trabajadores de la salud, ocasi\u00f3n en la cual el ministro Gin\u00e9s Gonz\u00e1lez Garc\u00eda, afirm\u00f3 que \u00abel \u00e9xito para controlar el virus es fruto de la unidad\u00bb.<\/p>\n<div class=\"time\"><\/div>\n<\/div>\n<div class=\"cuadros1\">\n<h4><a href=\"https:\/\/www.telam.com.ar\/notas\/202006\/472008-advierten-que-las-muertes-por-coronavirus-pueden-aumentar-exponencialmente.html\" target=\"_blank\" rel=\"noopener noreferrer\">Advierten que las muertes por coronavirus pueden aumentar exponencialmente <\/a><\/h4>\n<p>Las muertes por coronavirus en Brasil, que con m\u00e1s de 32.500 es el cuarto pa\u00eds en todo el mundo y volvi\u00f3 a batir hoy su r\u00e9cord diario, pueden aumentar hasta 150% en los pr\u00f3ximos 10 d\u00edas en aquellas ciudades donde se levant\u00f3 la cuarentena, advirtieron investigadores de varias universidades.<\/p>\n<div class=\"time\"><\/div>\n<\/div>\n<div class=\"cuadros1\">\n<h4><a href=\"https:\/\/www.telam.com.ar\/notas\/202006\/472005-diputadas-y-funcionarias-repudiaron-el-cambio-de-calificacion-por-una-violacion-en-manada.html\" target=\"_blank\" rel=\"noopener noreferrer\">Diputadas y funcionarias repudiaron el cambio de calificaci\u00f3n por una violaci\u00f3n en manada<\/a><\/h4>\n<p>Referentes de espacios pol\u00edticos, sociales y sindicales repudiaron al fiscal que cambi\u00f3 a \u00ababuso sexual simple\u00bb la calificaci\u00f3n de la violaci\u00f3n perpetrada en Rawson y rechazaron la figura del \u00abdesahogo sexual\u00bb con la que intent\u00f3 justificar su decisi\u00f3n.<\/p>\n<div class=\"time\"><\/div>\n<\/div>\n<div class=\"cuadros1\">\n<h4><a href=\"https:\/\/www.telam.com.ar\/notas\/202006\/471894-imputan-a-mas-policias-en-minneapolis-y-la-tension-se-mantiene-en-las-calles-de-eeuu.html\" target=\"_blank\" rel=\"noopener noreferrer\">Imputan a m\u00e1s polic\u00edas en Minneapolis y la tensi\u00f3n se mantiene en las calles<\/a><\/h4>\n<p>La tensi\u00f3n segu\u00eda alta este mi\u00e9rcoles en Estados Unidos, ya que las protestas antiracistas no pierden fuerza y los reclamos contra la brutalidad policial se multiplican, especialmente en Minneapolis, donde la familia de George Floyd anunci\u00f3 que todos los polic\u00edas que participaron de su detenci\u00f3n y no evitaron su muerte fueron acusados y detenidos.<\/p>\n<div class=\"time\"><\/div>\n<\/div>\n<div class=\"cuadros1\"><\/div>\n<div class=\"cuadros1\">\n<div class=\"time\"><a style=\"font-family: 'Cantata One', serif; letter-spacing: 0.05em;\" href=\"https:\/\/www.telam.com.ar\/notas\/202006\/471786-condenas-estupor-y-protestas-el-crimen-de-floyd-sigue-resonando-en-el-mundo.html\" target=\"_blank\" rel=\"noopener noreferrer\">Condenas, estupor y protestas: el crimen de Floyd sigue resonando en el mundo<\/a><\/div>\n<\/div>\n<div class=\"cuadros1\">\n<p>L\u00edderes del mundo cuestionaron el asesinato del afroamericano George Floyd a manos de un polic\u00eda blanco y llamaron a terminar con el racismo y la violencia policial.<\/p>\n<div class=\"time\"><\/div>\n<\/div>\n<div class=\"cuadros1\">\n<h4><a href=\"https:\/\/www.telam.com.ar\/notas\/202006\/471978-la-onu-celebro-el-acuerdo-entre-maduro-y-guado-para-hacer-frente-al-coronavirus.html\" target=\"_blank\" rel=\"noopener noreferrer\">La ONU celebr\u00f3 el acuerdo entre Maduro y Guaid\u00f3 para hacer frente al coronavirus<\/a><\/h4>\n<p>El secretario general de la Organizaci\u00f3n de Naciones Unidas llam\u00f3, a trav\u00e9s de su vocero, a \u00abimplementar este acuerdo en cumplimiento con los principios de humanidad, neutralidad, imparcialidad e independencia\u00bb y los inst\u00f3 a \u00absuperar la enquistada crisis del pa\u00eds\u00bb.<\/p>\n<div class=\"time\"><\/div>\n<\/div>\n<div class=\"cuadros1\">\n<h4><a href=\"https:\/\/www.telam.com.ar\/notas\/202006\/471993-daer-recorrio-un-centro-de-aislamiento-con-el-subsecretario-laboral-porteno.html\" target=\"_blank\" rel=\"noopener noreferrer\">Daer recorri\u00f3 un centro de aislamiento con el subsecretario laboral porte\u00f1o<\/a><\/h4>\n<p>El lugar alojar\u00e1 a 798 pacientes que requieren cuidados leves y provienen de paradores de la ciudad.<\/p>\n<div class=\"time\"><\/div>\n<\/div>\n<div style=\"clear: both;\"><\/div>\n<div class=\"cuadros1\">\n<h4><a href=\"https:\/\/www.buenosaires.gob.ar\/museos\/museo-de-arte-popular-jose-hernandez\/noticias\/dialogo-con-carmela-blanco\" target=\"_blank\" rel=\"noopener noreferrer\">Di\u00e1logo con Carmela Blanco<\/a><\/h4>\n<p>La charla virtual se llevar\u00e1 a cabo el jueves 4 de junio a las 17.30 a trav\u00e9s de la plataforma Zoom. La actividad es gratuita y con inscripci\u00f3n previa en su p\u00e1gina web Asociaci\u00f3n de Amigos Carmela Blanco es escultora y utiliza materiales que recicla como el metal, la madera, aquello que alguna vez fue, resignifica y crea una obra arm\u00f3nica con un muy buen uso del espacio y el volumen. Con reminiscencias a Joaqu\u00edn Torres Garc\u00eda, Jos\u00e9 Gurvich y al grupo el Ojo del R\u00edo. Naci\u00f3 en Buenos Aires, estudi\u00f3 dibujo y pintura en el taller de KazuTakeda. Pero fue en el taller del reconocido escultor Ricardo de la Serna donde encontrar\u00e1 en la escultura otra forma de expresarse. La escultora ha realizado exposiciones individuales y colectivas en Nueva York, en Montevideo y en Buenos Aires, entre otras en el Centro cultural Borges, en la Municipalidad de Vicente L\u00f3pez, en el Sal\u00f3n Nacional de Artes Visuales \u201cPalais de Glace\u201d, Expotrastiendas. Esta actividad se realiza en el&#8230;<\/p>\n<div class=\"time\"><\/div>\n<\/div>\n<div class=\"cuadros1\">\n<h4><a href=\"https:\/\/www.buenosaires.gob.ar\/justiciayseguridad\/agencia-gubernamental-de-control\/noticias\/recomendaciones-para-comercios-con\" target=\"_blank\" rel=\"noopener noreferrer\">Recomendaciones para comercios con autoservicio de alimentos<\/a><\/h4>\n<p>En el caso de las panader\u00edas que exhiben las facturas, es importante que tanto la bandeja como las pinzas que se usan para extraerlas, sean manipuladas solamente por personal del comercio, es decir que los consumidores no tengan acceso a las mismas. De esta manera evitaremos una mala manipulaci\u00f3n y\/o una posible contaminaci\u00f3n. Del mismo modo se aconseja proceder en los locales que venden comida por kilo ubicada en islas o g\u00f3ndolas. En todos los casos los alimentos mencionados deben estar distanciados y de ser posible protegidos del publico que ingrese al local. En referencia al interior del comercio, debemos respetar siempre el distanciamiento social, dependiendo de las dimensiones del mismo. Si se trata de un lugar de menos de 15 mts cuadrados, no puede haber m\u00e1s de un cliente en el interior, esto deber\u00e1 constar en un cartel colocado en la puerta o un lugar visible. Respecto a zonas de elaboraci\u00f3n se debe cumplir con los protocolos de manipulaci\u00f3n y el uso obligatorio&#8230;<\/p>\n<div class=\"time\"><\/div>\n<\/div>\n<div class=\"cuadros1\">\n<h4><a href=\"https:\/\/www.buenosaires.gob.ar\/vicejefatura\/desarrollofamiliar\/noticias\/familiaba-en-la-campana-de-vacunacion\" target=\"_blank\" rel=\"noopener noreferrer\">#FamiliaBA en la campa\u00f1a de vacunaci\u00f3n<\/a><\/h4>\n<p>Dentro de la campa\u00f1a de vacunaci\u00f3n antigripal para vecinos y vecinas de la Ciudad, ejecutado durante los meses de Abril y Mayo y enmarcada en las estrategias de protecci\u00f3n y combate al COVID-19, el equipo de la Direcci\u00f3n de Desarrollo Familiar estuvo a cargo de la gesti\u00f3n y organizaci\u00f3n de los vacunatorios ubicados en las Comunas 6 y 12. De lunes a viernes se acercaron a los vacunatorios m\u00e1s de 250 vecinos de distintas edades, especialmente adultos mayores, embarazadas, ni\u00f1os y ni\u00f1as. Con responsabilidad y compromiso, hemos acompa\u00f1ado a los abuelos y abuelas que sal\u00edan por primera vez de sus casas solamente para vacunarse y a quienes tambi\u00e9n escuchamos y atendimos sus inquietudes en este momento tan dif\u00edcil que nos atraviesa. Asimismo, padres, ni\u00f1os y ni\u00f1as recibieron la vacuna y la contenci\u00f3n de los profesionales en un \u00e1mbito totalmente apto para la ocasi\u00f3n. Gracias al trabajo en equipo y junto a los voluntarios, lograremos cuidar a nuestras&#8230;<\/p>\n<div class=\"time\"><\/div>\n<\/div>\n<div class=\"cuadros1\">\n<h4><a href=\"https:\/\/www.buenosaires.gob.ar\/laciudad\/noticias\/trece-peliculas-para-seguir-disfrutando-del-cine-en-la-cuarentena\" target=\"_blank\" rel=\"noopener noreferrer\">Catorce pel\u00edculas para seguir disfrutando del cine en la cuarentena<\/a><\/h4>\n<p>Con los cines cerrados la \u00fanica opci\u00f3n de poder disfrutar de una pel\u00edcula es dentro de casa. Cultura en casa ofrece xx t\u00edtulos de distintos g\u00e9neros en las diferentes plataformas para ver sin moverse del hogar. Mauro. Pel\u00edcula de Hern\u00e1n Rosselli, premio especial del jurado en el Festival BAFICI 2014. Mauro (Hern\u00e1n Rosselli, 2014) from un resentimiento de provincia on Vimeo. La mujer de los perros. Pel\u00edcula presentada en el Bafici que retrata a una mujer que elige vivir alejada de la sociedad de consumo. Ostende. Pel\u00edcula de Laura Citarella, una de las mejores exponentes del nuevo cine argentino, que retrata un grupo de j\u00f3venes en la Costa Atl\u00e1ntica. El cuento de la comadreja. El making off (detr\u00e1s de c\u00e1maras) de la c\u00e9lebre pel\u00edcula de Juan Jos\u00e9 Campanella. El invierno llega despu\u00e9s del oto\u00f1o. Pel\u00edcula presentada en el Bafici. Una historia de gente com\u00fan viviendo en la gran ciudad. Dirigida por Malena Solarz y Nicol\u00e1s Zukerfeld, con&#8230;<\/p>\n<div class=\"time\"><\/div>\n<\/div>\n<div class=\"cuadros1\">\n<h4><a href=\"https:\/\/www.buenosaires.gob.ar\/laciudad\/noticias\/nuevos-mecanismos-de-atencion-de-pacientes-sospechosos-de-coronavirus\" target=\"_blank\" rel=\"noopener noreferrer\">Nuevos mecanismos de atenci\u00f3n de pacientes sospechosos de coronavirus<\/a><\/h4>\n<p>El Ministerio de Salud incorpor\u00f3 los Hospitales Generales de Agudos y Pedi\u00e1tricos, las nuevas Unidades Febriles (UFU), espacios anexados de las guardias. El objetivo fue crear un circuito especial de atenci\u00f3n a pacientes febriles sospechosos de COVID-19, evitar la aglomeraci\u00f3n de personas en las guardias, cuidar al personal de salud en que contin\u00faan con sus actividades en otros espacios de los hospitales y a los pacientes que deben seguir concurriendo a consultas o emergencias. Cada una de ellas equipada con todos los medios de prevenci\u00f3n para el personal sanitario. La arquitecta Sol D\u00edaz, Jefa de Gabinete de la Direcci\u00f3n de Recursos F\u00edsicos del Ministerio de Salud, destaca la importancia del proceso de derivaci\u00f3n de los pacientes. Cuando \u00e9stos se dirigen inicialmente a un hospital, los estar\u00e1 esperando un orientador para determinar si su caso es sospechoso. Para ello, se indagar\u00e1 sobre la temperatura, dolor de garganta, dificultad para respirar y tos contin\u00faa. En el&#8230;<\/p>\n<div class=\"time\"><\/div>\n<\/div>\n<div class=\"cuadros1\">\n<h4><a href=\"https:\/\/www.buenosaires.gob.ar\/cultura\/museos\/noticias\/sabias-que-5\" target=\"_blank\" rel=\"noopener noreferrer\">\u00bfSab\u00edas qu\u00e9?<\/a><\/h4>\n<p>\u00bfCu\u00e1nto sab\u00e9s del patrimonio de nuestros museos? Para descubrirlo, s\u00f3lo ten\u00e9s que ingresar en nuestro Instagram y ver las stories donde vas a encontrar una trivia de preguntas y respuestas sobre los MuseosBA o alguna de sus obras, para que desde tu casa puedas aprender jugando. La Torre Monumental es un monumento de estilo renacentista donado por los residentes brit\u00e1nicos con motivo del centenario del primer gobierno patrio. Inaugurada el 24 de mayo de 1916, se erige en la plaza Fuerza A\u00e9rea Argentina, en el barrio de Retiro. Conocida durante muchos a\u00f1os como la Torre de los ingleses, la Torre Monumental se convirti\u00f3 en fiel testigo del desarrollo urbano del siglo XX y durante a\u00f1os, fue la puerta de entrada a la Ciudad de Buenos Aires por su vecindad con la terminal de los ferrocarriles de la Estaci\u00f3n Retiro, el Puerto de la Ciudad y el Hotel de Inmigrantes, hoy convertido en museo. Con sesenta metros de altura, la Torre, dise\u00f1ada por el arquitecto Ambrose Macdonald&#8230;<\/p>\n<div class=\"time\"><\/div>\n<\/div>\n<div class=\"cuadros1\">\n<h4><a href=\"https:\/\/www.buenosaires.gob.ar\/subte\/noticias\/avanzamos-en-la-obra-de-la-central-obelisco\" target=\"_blank\" rel=\"noopener noreferrer\">Retomamos los trabajos en la obra de la Central Obelisco<\/a><\/h4>\n<p>Seguimos avanzando en las obras de la Central Obelisco, con las medidas de prevenci\u00f3n necesarias frente al COVID-19. As\u00ed, estamos trabajando en tareas de excavaci\u00f3n y hormigones. La Central Obelisco es el espacio donde combinan las l\u00edneas B, C y D que hist\u00f3ricamente fue uno de los puntos m\u00e1s congestionados de la red, donde transitaban unas 300 mil personas por d\u00eda. En este sentido, ya finalizamos la primera etapa del proyecto, parte de la segunda y resta una tercera. Al terminar, minimizaremos la congesti\u00f3n de usuarios en los andenes, facilitaremos el acceso y la combinaci\u00f3n entre las l\u00edneas y mejoraremos la seguridad en caso de emergencia. Etapas de la obra: Primera etapa (finalizada) Consisti\u00f3 en la construcci\u00f3n de un t\u00fanel de hormig\u00f3n armado con sus respectivos empalmes con el and\u00e9n sentido a Catedral de la L\u00ednea D y el and\u00e9n mano a Constituci\u00f3n de la L\u00ednea C. Las obras incluyeron los accesos por escalera fija y ascensor. Segunda etapa (en&#8230;<\/p>\n<div class=\"time\"><\/div>\n<\/div>\n<div class=\"cuadros1\">\n<h4><a href=\"https:\/\/www.buenosaires.gob.ar\/vicejefatura\/deportes\/noticias\/dady-gallardo-en-mano-mano-el-nuevo-ciclo-de-entrevistas-de\" target=\"_blank\" rel=\"noopener noreferrer\">Dady Gallardo en \u201cMano a mano\u201d, el nuevo ciclo de entrevistas de #DeportesBA<\/a><\/h4>\n<p>Eduardo \u00abDady\u00bb Gallardo, entrenador de la selecci\u00f3n argentina de handball, se suma al \u201cMano a mano\u201d con Juan Mart\u00edn Rinaldi este jueves 4 de junio a las 19 horas, desde @DeportesBA, la cuenta de Instagram Live de la Subsecretar\u00eda de Deportes de la Ciudad. El entrenador, que dirigiendo a la selecci\u00f3n masculina obtuvo el oro en los Panamericanos de Toronto 2015, tambien llev\u00f3 al equipo a los Mundiales de Qatar 2015 y Francia 2017 y a los Juegos Ol\u00edmpicos de Londres 2012 y R\u00edo de Janeiro 2016. Este jueves a las 19 horas, sumate a la entrevista y dejale tu pregunta para conocer m\u00e1s de su experimentada carrera. \u00a1Te esperamos! Slider Tramites:\u00a00Group roles and permissions:\u00a0Use default roles and permissionsGroup Audience:\u00a0DeportesFecha:\u00a0Mi\u00e9rcoles, Junio 3,&#8230;<\/p>\n<div class=\"time\"><\/div>\n<\/div>\n<div class=\"cuadros1\">\n<h4><a href=\"https:\/\/www.buenosaires.gob.ar\/desarrolloeconomico\/noticias\/planes-de-facilidades-para-pymes\" target=\"_blank\" rel=\"noopener noreferrer\">Planes de facilidades para PyMEs<\/a><\/h4>\n<p>Debido al contexto del coronavirus, la AFIP en Nacio\u0301n y la AGIP en la Ciudad postergaron los vencimientos de pago de determinadas obligaciones para las empresas, como una forma de aliviar la emergencia econo\u0301mica que atravesamos. Planes de facilidades vigentes: \u2022 Moratoria para MiPyMEs, monotributistas y entidades sin fines de lucro (AFIP) \u2022 Financiaci\u00f3n de planes de pago caducos (AFIP) \u2022 Plan de Facilidades para Contribuyentes Locales, R\u00e9gimen Simplificado y Convenio Multilateral (AGIP) Para conocer todos los detalles, segu\u00ed este link: Plan de FacilidadesSlider Tramites:\u00a00Group roles and permissions:\u00a0Use default roles and permissionsGroup Audience:\u00a0Desarrollo Econ\u00f3mico y Producci\u00f3nFecha:\u00a0Mi\u00e9rcoles, Junio 3,&#8230;<\/p>\n<div class=\"time\"><\/div>\n<\/div>\n<div class=\"cuadros1\">\n<h4><a href=\"https:\/\/www.buenosaires.gob.ar\/cultura\/casco-historico\/noticias\/concurso-bid-lab-ciudades-taller-digital\" target=\"_blank\" rel=\"noopener noreferrer\">Concurso BID Lab Ciudades: Taller Participativo Digital<\/a><\/h4>\n<p>\u00bfSos vecina o vecino de San Telmo? En el marco de la continuaci\u00f3n del Concurso BID Lab Ciudades 2019 te invitamos a participar en un taller digital para seguir pensando c\u00f3mo mejoramos la conexi\u00f3n entre la Plaza Dorrego y el Parque Lezama. El taller se realizar\u00e1 v\u00eda Zoom el s\u00e1bado 6 de junio a las 11:00 h. Inscripci\u00f3n \u00bbSlider Tramites:\u00a00Imagenes Inline:\u00a0Group roles and permissions:\u00a0Use default roles and permissionsGroup Audience:\u00a0Casco Hist\u00f3ricoFecha:\u00a0Mi\u00e9rcoles, Junio 3,&#8230;<\/p>\n<div class=\"time\"><\/div>\n<\/div>\n<div style=\"clear: both;\"><\/div>\n<p><center>CRONICA<\/center><br \/>\n<img decoding=\"async\" src=\"http:\/\/img8.kiosko.net\/2020\/06\/03\/ar\/ar_cronica.jpg\" width=\"750\" border=\"1\" \/>https:\/\/www.diario5.com.ar\/wp-admin\/media-upload.php?post_id=618360&amp;type=image&amp;TB_iframe=1<\/p>\n<p><center>EL CRONISTA COMERCIAL<\/center><br \/>\n<img decoding=\"async\" src=\"http:\/\/img8.kiosko.net\/2020\/06\/03\/ar\/ar_cronista.jpg\" width=\"750\" border=\"1\" \/><\/p>\n<p><center>LA NACION<\/center><br \/>\n<img decoding=\"async\" loading=\"lazy\" class=\"aligncenter size-full wp-image-678653\" src=\"https:\/\/www.diario5.com.ar\/wp-content\/uploads\/2023\/07\/nacion20230706.jpg\" width=\"700\" height=\"1057\" srcset=\"https:\/\/www.diario5.com.ar\/wp-content\/uploads\/2023\/07\/nacion20230706.jpg 700w, https:\/\/www.diario5.com.ar\/wp-content\/uploads\/2023\/07\/nacion20230706-199x300.jpg 199w, https:\/\/www.diario5.com.ar\/wp-content\/uploads\/2023\/07\/nacion20230706-678x1024.jpg 678w\" sizes=\"(max-width: 700px) 100vw, 700px\" \/><\/p>\n<p><center>OLE<\/center><br \/>\n<img decoding=\"async\" src=\"http:\/\/img8.kiosko.net\/2020\/06\/03\/ar\/ole.jpg\" width=\"750\" border=\"1\" \/><\/p>\n<p><center>PAGINA 12<\/center><br \/>\n<img decoding=\"async\" src=\"http:\/\/img8.kiosko.net\/2020\/06\/03\/ar\/ar_pagina12.jpg\" width=\"750\" border=\"1\" \/><\/p>\n<p><center>PERFIL<\/center><br \/>\n<img decoding=\"async\" src=\"http:\/\/img8.kiosko.net\/2020\/06\/03\/ar\/ar_perfil.jpg\" width=\"750\" border=\"1\" \/><\/p>\n<p><center>DIARIO POPULAR<\/center><br \/>\n<img decoding=\"async\" src=\"http:\/\/img8.kiosko.net\/2020\/06\/03\/ar\/ar_diario_popular.jpg\" width=\"750\" border=\"1\" \/><\/p>\n<p><center><span style=\"font-family: arial;\"><b>LA PRENSA<\/b><\/span><\/center><br \/>\n<img decoding=\"async\" src=\"http:\/\/img8.kiosko.net\/2020\/06\/03\/ar\/ar_laprensa.jpg\" width=\"750\" border=\"1\" \/><\/p>\n<p><center>CLARIN<\/center><br \/>\n<img decoding=\"async\" src=\"http:\/\/img8.kiosko.net\/2020\/06\/03\/ar\/ar_clarin.jpg\" width=\"750\" border=\"1\" \/><\/p>\n<\/div>\n<p><!--googleon: index--><\/p>","protected":false},"excerpt":{"rendered":"<p>Horacio Rodr\u00edguez Larreta le plante\u00f3 al Presidente un dise\u00f1o de protocolo para regreso a clases y recreaci\u00f3n de ni\u00f1os Entre los planteos presentados al Presidente, se incluy\u00f3 la \u00abpreparaci\u00f3n del protocolo de reapertura de escuelas en conjunto con expertos, para analizar qui\u00e9nes, cu\u00e1ndo y c\u00f3mo podr\u00edan regresar presencialmente\u00bb. Fern\u00e1ndez analiz\u00f3 junto a Rodr\u00edguez Larreta c\u00f3mo [&hellip;]<\/p>","protected":false},"author":8,"featured_media":618364,"comment_status":"open","ping_status":"closed","sticky":false,"template":"","format":"standard","meta":[],"categories":[7,56],"tags":[126,474,630,87,59,373,665,637,92,537,705,60],"series":[],"_links":{"self":[{"href":"https:\/\/www.diario5.com.ar\/es\/wp-json\/wp\/v2\/posts\/618360"}],"collection":[{"href":"https:\/\/www.diario5.com.ar\/es\/wp-json\/wp\/v2\/posts"}],"about":[{"href":"https:\/\/www.diario5.com.ar\/es\/wp-json\/wp\/v2\/types\/post"}],"author":[{"embeddable":true,"href":"https:\/\/www.diario5.com.ar\/es\/wp-json\/wp\/v2\/users\/8"}],"replies":[{"embeddable":true,"href":"https:\/\/www.diario5.com.ar\/es\/wp-json\/wp\/v2\/comments?post=618360"}],"version-history":[{"count":8,"href":"https:\/\/www.diario5.com.ar\/es\/wp-json\/wp\/v2\/posts\/618360\/revisions"}],"predecessor-version":[{"id":678654,"href":"https:\/\/www.diario5.com.ar\/es\/wp-json\/wp\/v2\/posts\/618360\/revisions\/678654"}],"wp:featuredmedia":[{"embeddable":true,"href":"https:\/\/www.diario5.com.ar\/es\/wp-json\/wp\/v2\/media\/618364"}],"wp:attachment":[{"href":"https:\/\/www.diario5.com.ar\/es\/wp-json\/wp\/v2\/media?parent=618360"}],"wp:term":[{"taxonomy":"category","embeddable":true,"href":"https:\/\/www.diario5.com.ar\/es\/wp-json\/wp\/v2\/categories?post=618360"},{"taxonomy":"post_tag","embeddable":true,"href":"https:\/\/www.diario5.com.ar\/es\/wp-json\/wp\/v2\/tags?post=618360"},{"taxonomy":"series","embeddable":true,"href":"https:\/\/www.diario5.com.ar\/es\/wp-json\/wp\/v2\/series?post=618360"}],"curies":[{"name":"wp","href":"https:\/\/api.w.org\/{rel}","templated":true}]}}