{"id":618097,"date":"2020-05-14T15:06:35","date_gmt":"2020-05-14T18:06:35","guid":{"rendered":"https:\/\/www.diario5.com.ar\/?p=618097"},"modified":"2020-05-14T15:06:35","modified_gmt":"2020-05-14T18:06:35","slug":"vuelven-las-bicicletas-publicas","status":"publish","type":"post","link":"https:\/\/www.diario5.com.ar\/es\/vuelven-las-bicicletas-publicas\/","title":{"rendered":"Vuelven las bicicletas p\u00fablicas"},"content":{"rendered":"<h2 class=\"sub-title-primary\">Hay protocolo nuevo de uso. <\/h2> <p><img decoding=\"async\" loading=\"lazy\" class=\"alignleft\" src=\"http:\/\/diario5.com.ar\/img\/ecobici_04.jpg\" width=\"524\" height=\"301\" \/>A partir de hoy, se vuelve a poner en funcionamiento el servicio de BA Ecobici a trav\u00e9s de la aplicaci\u00f3n Tembici en la Ciudad de Buenos Aires.<\/p>\n<p>El gobierno est\u00e1 enviando mails a los habituales usuarios ofreciendo el sistema como una alternativa de viaje a la que considera segura y saludable en caso de tener que salir.<\/p>\n<p>Hay cambios que tendr\u00e1n que formar parte de la rutina de los usuarios<\/p>\n<p>Se podr\u00e1n usar las bicicletas s\u00f3lo 30 minutos cada d\u00eda. Habr\u00e1 200 estaciones disponibles. Hay que chequear la m\u00e1s cercana en la app de BAEcobici por Tembici.<\/p>\n<p>Muchas personas van a usar las bicicletas, por lo que se recomienda cuidar las unidades respetando las medidas de higiene.<\/p>\n<p>Estas son las indicaciones nuevas, aunque todas son parte de los protocolos por el coronavirus.<\/p>\n<p>Antes de subirte a una bicicleta, hay que lavarse o desinfectrse bien las manos y usar siempre tapaboca mientras se circula por las ciclov\u00eda. Y, luego de anclar una bicicleta, esperar la luz verde y asegurarse de que quede bien anclada. Ah\u00ed hay que volver a lavarse o desinfectarse bien las manos.<\/p>\n<p>El Gobierno de la Ciudad hace mucho hincapi\u00e9 en que al viajar en bici se colabora con las personas que no tienen otro medio de movilidad que el transporte p\u00fablico para llegar a sus destinos.<\/p>\n<p>La bicicleta p\u00fablica va a ganar m\u00e1s valor que antes, por lo que es necesario usarla responsablemente para el cuidado de todos.<\/p>","protected":false},"excerpt":{"rendered":"<p>Hay protocolo nuevo de uso. A partir de hoy, se vuelve a poner en funcionamiento el servicio de BA Ecobici a trav\u00e9s de la aplicaci\u00f3n Tembici en la Ciudad de Buenos Aires. El gobierno est\u00e1 enviando mails a los habituales usuarios ofreciendo el sistema como una alternativa de viaje a la que considera segura y [&hellip;]<\/p>","protected":false},"author":1,"featured_media":618100,"comment_status":"open","ping_status":"open","sticky":false,"template":"","format":"standard","meta":[],"categories":[1],"tags":[],"series":[],"_links":{"self":[{"href":"https:\/\/www.diario5.com.ar\/es\/wp-json\/wp\/v2\/posts\/618097"}],"collection":[{"href":"https:\/\/www.diario5.com.ar\/es\/wp-json\/wp\/v2\/posts"}],"about":[{"href":"https:\/\/www.diario5.com.ar\/es\/wp-json\/wp\/v2\/types\/post"}],"author":[{"embeddable":true,"href":"https:\/\/www.diario5.com.ar\/es\/wp-json\/wp\/v2\/users\/1"}],"replies":[{"embeddable":true,"href":"https:\/\/www.diario5.com.ar\/es\/wp-json\/wp\/v2\/comments?post=618097"}],"version-history":[{"count":1,"href":"https:\/\/www.diario5.com.ar\/es\/wp-json\/wp\/v2\/posts\/618097\/revisions"}],"predecessor-version":[{"id":618099,"href":"https:\/\/www.diario5.com.ar\/es\/wp-json\/wp\/v2\/posts\/618097\/revisions\/618099"}],"wp:featuredmedia":[{"embeddable":true,"href":"https:\/\/www.diario5.com.ar\/es\/wp-json\/wp\/v2\/media\/618100"}],"wp:attachment":[{"href":"https:\/\/www.diario5.com.ar\/es\/wp-json\/wp\/v2\/media?parent=618097"}],"wp:term":[{"taxonomy":"category","embeddable":true,"href":"https:\/\/www.diario5.com.ar\/es\/wp-json\/wp\/v2\/categories?post=618097"},{"taxonomy":"post_tag","embeddable":true,"href":"https:\/\/www.diario5.com.ar\/es\/wp-json\/wp\/v2\/tags?post=618097"},{"taxonomy":"series","embeddable":true,"href":"https:\/\/www.diario5.com.ar\/es\/wp-json\/wp\/v2\/series?post=618097"}],"curies":[{"name":"wp","href":"https:\/\/api.w.org\/{rel}","templated":true}]}}