{"id":618074,"date":"2020-05-10T21:26:26","date_gmt":"2020-05-11T00:26:26","guid":{"rendered":"https:\/\/www.diario5.com.ar\/?p=618074"},"modified":"2020-05-10T21:26:26","modified_gmt":"2020-05-11T00:26:26","slug":"regreso-desde-argentina-de-ciudadanos-franceses","status":"publish","type":"post","link":"https:\/\/www.diario5.com.ar\/es\/regreso-desde-argentina-de-ciudadanos-franceses\/","title":{"rendered":"Regreso desde Argentina de ciudadanos franceses"},"content":{"rendered":"<h2 class=\"sub-title-primary\">La Documentaci\u00f3n que deben completar ante las medidas adoptadas por las autoridades argentinas<\/h2> <p>El t\u00edtulo de bienvenida que ofrece la representaci\u00f3n diplom\u00e1tica francesa es: Covid-19 &#8211; Informaci\u00f3n para el regreso de franceses que pasan por Argentina.<\/p>\n<p>La parte m\u00e1s curiosa de la gu\u00eda que la Embajada francesa es una recomendaci\u00f3n especial que facilitar\u00eda las cosas a los franceses: \u00abLa Embajada de Francia recomienda que los franceses que no sean residentes de Argentina se denuncien a s\u00ed mismos utilizando un nuevo formulario de censo\u00bb.<\/p>\n<p>Luego remarca que \u00abLa Embajada de Francia en Argentina contin\u00faa siendo totalmente movilizada para ayudar a todos los ciudadanos a regresar a Francia\u00bb.<\/p>\n<p>Ya en el desarrollo de la p\u00e1gina especial, dise\u00f1ada por los equipos de la \u00abAmbassade de France en Argentine\u00bb, se expresa de la siguiente manera: \u00abLa embajada recomienda a los no residentes franceses en Argentina (turistas, estudiantes, PVTists &#8230;) que deseen beneficiarse de las nuevas posibilidades de regresar a Francia para registrarse utilizando el formulario establecido por la embajada\u00bb (*).<\/p>\n<p>Gracias por completar toda la informaci\u00f3n solicitada y por notificarnos sobre cualquier cambio en la situaci\u00f3n, rellenando este formulario nuevamente cada vez que cambia su situaci\u00f3n (nueva ubicaci\u00f3n, nueva observaci\u00f3n, etc.).<\/p>\n<p>Los servicios de la Embajada de Francia en Argentina solo procesar\u00e1n las solicitudes que les lleguen a trav\u00e9s de este formulario del censo .<\/p>\n<p>Para mantenerse informado sobre el estado de los vuelos y las posibilidades de regresar a Francia, \u00a1mant\u00e9ngase conectado!<\/p>\n<p>La Embajada de Francia transmite informaci\u00f3n sobre el estado del vuelo desde sus redes sociales Facebook y Twitter .<\/p>\n<p>Todos los vuelos a Europa despegan del aeropuerto internacional \u00abMinistro Pistarini\u00bb en Ezeiza (EZE).<\/p>\n<p>&nbsp;<\/p>\n<p>(*)<\/p>\n<div class=\"freebirdFormviewerViewHeaderTitleRow\">\n<div class=\"freebirdFormviewerViewHeaderTitle exportFormTitle freebirdCustomFont\" dir=\"auto\" role=\"heading\" aria-level=\"1\"><span>Actualizaci\u00f3n de la situaci\u00f3n: los franceses tienen que regresar a Francia antes del 1 de septiembre de 2020<\/span><\/div>\n<\/div>\n<div class=\"freebirdFormviewerViewHeaderDescription\" dir=\"auto\"><span>Si Usted es franc\u00e9s o un miembro de la familia de una persona francesa (casado, PACS, padre de un hijo menor de edad). y lleg\u00f3 a la Argentina como turista, estudiante para un semestre de intercambio, pasante, programa de vacaciones de trabajo, etc. tiene que partir antes del 1 de septiembre de 2020 hacia Francia, en caso de que no haya podido o no haya querido regresar en vuelos anteriores.<\/span><br \/>\n<span>Para permitirnos identificarlo, le agradecemos que complete el cuestionario a continuaci\u00f3n de manera completa y precisa. <\/span><br \/>\n<span>Despu\u00e9s de la validaci\u00f3n del formulario, recibir\u00e1, en la direcci\u00f3n de correo electr\u00f3nico indicada, un resumen de la informaci\u00f3n proporcionada.<\/span><\/div>\n<div dir=\"auto\">Los detalles que exige el formulario:<\/div>\n<div dir=\"auto\"><\/div>\n<div dir=\"auto\">Direcci\u00f3n de correo electr\u00f3nico *<br \/>\nApellido *<br \/>\nNombre *<br \/>\nOtros nombres<br \/>\nG\u00e9nero *<br \/>\nFecha de nacimiento *<br \/>\nPa\u00eds de residencia habitual *<br \/>\nFrancia<br \/>\nOtros:<br \/>\nNacionalidad *<br \/>\nOtros:<br \/>\nSi no tiene nacionalidad francesa, especifique el v\u00ednculo de su familia con un ciudadano franc\u00e9s<br \/>\nC\u00f3nyuge (matrimonio o PACS)<br \/>\nPadre de un ni\u00f1o menor<br \/>\nN\u00famero de pasaporte *<br \/>\nUn n\u00famero de pasaporte franc\u00e9s contiene 9 caracteres (ej .: 11AA12345): no incluya m\u00e1s caracteres o espacios<br \/>\nFecha de vencimiento del pasaporte *<br \/>\nPa\u00eds emisor del pasaporte *<br \/>\nSi viaja con su familia, indique el nombre y apellido del jefe de la familia.<br \/>\nSi viaja solo, deje esta casilla vac\u00eda.<br \/>\nFecha de llegada a Argentina *<br \/>\nFecha<br \/>\nFecha de salida inicialmente prevista *<br \/>\nFecha<br \/>\nCompa\u00f1\u00eda en la que iba a volar el vuelo de regreso *<br \/>\nAir France<br \/>\nKLM<br \/>\nOtra empresa<br \/>\nNo hay boleto de regreso<br \/>\nMotivo de la estad\u00eda en Argentina *<br \/>\nSi marca \u00abOtro\u00bb, especifique en los comentarios<br \/>\nTurismo (o cualquier visita de menos de 90 d\u00edas)<br \/>\nTurismo (m\u00e1s de 90 d\u00edas)<br \/>\nEstudios<br \/>\nPrograma de vacaciones de trabajo<br \/>\nEscenario<br \/>\nVIDA, VIA, Voluntariado<br \/>\nOtros<br \/>\nDirecci\u00f3n de su alojamiento en Argentina *<br \/>\nPor favor, especifique la ciudad principal m\u00e1s cercana *<br \/>\nProvincia de su alojamiento en Argentina *<br \/>\nTel\u00e9fono \/ WhatsApp *<\/div>","protected":false},"excerpt":{"rendered":"<p>La Documentaci\u00f3n que deben completar ante las medidas adoptadas por las autoridades argentinas El t\u00edtulo de bienvenida que ofrece la representaci\u00f3n diplom\u00e1tica francesa es: Covid-19 &#8211; Informaci\u00f3n para el regreso de franceses que pasan por Argentina. La parte m\u00e1s curiosa de la gu\u00eda que la Embajada francesa es una recomendaci\u00f3n especial que facilitar\u00eda las cosas [&hellip;]<\/p>","protected":false},"author":1,"featured_media":618077,"comment_status":"open","ping_status":"open","sticky":false,"template":"","format":"standard","meta":[],"categories":[1],"tags":[],"series":[],"_links":{"self":[{"href":"https:\/\/www.diario5.com.ar\/es\/wp-json\/wp\/v2\/posts\/618074"}],"collection":[{"href":"https:\/\/www.diario5.com.ar\/es\/wp-json\/wp\/v2\/posts"}],"about":[{"href":"https:\/\/www.diario5.com.ar\/es\/wp-json\/wp\/v2\/types\/post"}],"author":[{"embeddable":true,"href":"https:\/\/www.diario5.com.ar\/es\/wp-json\/wp\/v2\/users\/1"}],"replies":[{"embeddable":true,"href":"https:\/\/www.diario5.com.ar\/es\/wp-json\/wp\/v2\/comments?post=618074"}],"version-history":[{"count":1,"href":"https:\/\/www.diario5.com.ar\/es\/wp-json\/wp\/v2\/posts\/618074\/revisions"}],"predecessor-version":[{"id":618076,"href":"https:\/\/www.diario5.com.ar\/es\/wp-json\/wp\/v2\/posts\/618074\/revisions\/618076"}],"wp:featuredmedia":[{"embeddable":true,"href":"https:\/\/www.diario5.com.ar\/es\/wp-json\/wp\/v2\/media\/618077"}],"wp:attachment":[{"href":"https:\/\/www.diario5.com.ar\/es\/wp-json\/wp\/v2\/media?parent=618074"}],"wp:term":[{"taxonomy":"category","embeddable":true,"href":"https:\/\/www.diario5.com.ar\/es\/wp-json\/wp\/v2\/categories?post=618074"},{"taxonomy":"post_tag","embeddable":true,"href":"https:\/\/www.diario5.com.ar\/es\/wp-json\/wp\/v2\/tags?post=618074"},{"taxonomy":"series","embeddable":true,"href":"https:\/\/www.diario5.com.ar\/es\/wp-json\/wp\/v2\/series?post=618074"}],"curies":[{"name":"wp","href":"https:\/\/api.w.org\/{rel}","templated":true}]}}