{"id":618064,"date":"2020-05-10T19:25:53","date_gmt":"2020-05-10T22:25:53","guid":{"rendered":"https:\/\/www.diario5.com.ar\/?p=618064"},"modified":"2020-05-10T20:37:53","modified_gmt":"2020-05-10T23:37:53","slug":"la-argentina-de-2020-con-ojos-italianos","status":"publish","type":"post","link":"https:\/\/www.diario5.com.ar\/es\/la-argentina-de-2020-con-ojos-italianos\/","title":{"rendered":"Reportes de la Argentina del Covid 19 para Italia"},"content":{"rendered":"<h2 class=\"sub-title-primary\">Mar del Plata es el centro de este informe con opiniones de profesionales binacionales. <\/h2> <div>Un informe de las \u00faltimas horas indica que el sector tur\u00edstico de Italia perdi\u00f3 20.000 millones de euros desde el mes de marzo. La ecepci\u00f3n de viajeros representa el 13 por ciento del PBI italiano. El pa\u00eds registr\u00f3 81 millones de turistas menos que en el mismo per\u00edodo de 2019. Un derrumbe. En la Argentina se discute de qu\u00e9 manera se puede regresar a rearmar la actividad econ\u00f3mica sin sufrir las consecuencias sanitarias del norte de Italia. El Coronavirus hace despertar las ideas de todos los que estaban desacostumbr\u00e1ndose a tenerlas.<\/div>\n<div><\/div>\n<div>\n<figure class=\"entry-thumbnail\"><img decoding=\"async\" loading=\"lazy\" class=\"size-medium alignright\" src=\"http:\/\/diario5.com.ar\/img\/ba_cel_italia.jpg\" width=\"678\" height=\"381\" \/><\/figure>\n<div class=\"post-content\">\n<div class=\"clearfix entry-content post-content__side-padding\">\n<p><strong>Riccardo Giumelli, <\/strong>de\u00a0<a href=\"https:\/\/www.heraldo.it\/2020\/04\/24\/il-mondo-italiano-alla-fine-del-mondo\/\" target=\"_blank\" rel=\"noopener noreferrer\">Heraldo.it presenta un panorama desde nuestro pa\u00eds para que pueda tenerse un panorama claro de la Argentina en la pen\u00ednsula.<\/a><\/p>\n<p>Argentina, \u00abel fin del mundo\u00bb, como lo llam\u00f3 el Papa Bergoglio el d\u00eda de su proclamaci\u00f3n hace siete a\u00f1os, luchando contra el coronavirus.\u00a0Entonces esa Argentina, para nosotros los italianos, no est\u00e1 tan lejos, si olvidamos la distancia espacial.\u00a0Todos parecen tener \u00abcaras italianas\u00bb.\u00a0Borges tambi\u00e9n dijo que por ser el\u00a0<em>porte\u00f1o<\/em>(habitante de Buenos Aires) t\u00edpico le faltaba sangre italiana.\u00a0Ah, s\u00ed, porque si en el mundo tuvi\u00e9ramos que pensar en un lugar que est\u00e9 en la misma moneda con Italia, el otro lado ser\u00eda precisamente el de Argentina.\u00a0No es dif\u00edcil respirar un aire dom\u00e9stico entre banderas tricolores colgantes, apellidos, lugares, platos, monumentos que saben a italiano o, como me gusta decir desde hace alg\u00fan tiempo, a Italicity.\u00a0\u00bfC\u00f3mo es la lucha contra el coronavirus en esta naci\u00f3n?\u00a0Le preguntamos a dos argentinos de origen italiano:\u00a0<strong>Daniel Antenucci<\/strong>\u00a0(de Trentino y B\u00e9rgamo), vicerrector de la Universidad de Mar del Plata y\u00a0<strong>Alberto Becchi.<\/strong>(Or\u00edgenes emilianos), ingeniero y presidente de Proter (la red de profesionales y t\u00e9cnicos de origen Emilia-Romagna en Argentina) y de la Federaci\u00f3n Argentina de Emilia Romagna.\u00a0Viven en Mar del Plata, un lugar din\u00e1mico y tur\u00edstico, con una fuerte presencia italiana e it\u00e1lica: de 920,000 habitantes, aproximadamente 60,000 tienen ciudadan\u00eda italiana y si contamos las it\u00e1licas, aquellos que tienen or\u00edgenes italianos pueden llegar f\u00e1cilmente a 300,000 personas.<\/p>\n<figure class=\"wp-block-image size-large\"><img decoding=\"async\" loading=\"lazy\" class=\"wp-image-47603\" src=\"https:\/\/i0.wp.com\/www.heraldo.it\/wp-content\/uploads\/2020\/04\/Main_mar-del-plata-argentina.jpg?w=678&amp;ssl=1\" sizes=\"(max-width: 696px) 100vw, 696px\" srcset=\"https:\/\/i0.wp.com\/www.heraldo.it\/wp-content\/uploads\/2020\/04\/Main_mar-del-plata-argentina.jpg?w=678&amp;ssl=1 696w, https:\/\/www.heraldo.it\/wp-content\/uploads\/2020\/04\/Main_mar-del-plata-argentina-300x103.jpg 300w\" alt=\"\" width=\"678\" height=\"233\" \/><figcaption><em>Una vista a\u00e9rea de Mar de la Plata<\/em><\/figcaption><\/figure>\n<p>Mar del Plata es un balneario por excelencia.\u00a0En verano, la poblaci\u00f3n se triplica: 3 millones de personas, casi todas argentinas.\u00a0Alguna vez fue el Biarritz de Am\u00e9rica del Sur, luego se convirti\u00f3 cada vez m\u00e1s en Rimini, debido a la \u00abfalla\u00bb de la intensa urbanizaci\u00f3n masiva resultante del turismo generalizado.\u00a0Los edificios altos y sombreados se alternan con curiosos pero hermosos chalets de piedra, similares a los del Tirol del Sur combinados con una arquitectura universitaria anglosajona, Harry Potter para dar una idea.\u00a0La cifra actualizada al 22 de abril es 3144 con 152 muertes totales en Argentina.\u00a0\u00bfY ahora qu\u00e9 pasa?\u00a0Que va a pasar\u00a0Antenucci y Becchi confirman que no ha habido m\u00e1s casos de contagio desde hace varios d\u00edas.\u00a0Pero la situaci\u00f3n a\u00fan es tensa porque, dice Becchi: \u00abMar del Plata es considerada una ciudad de alto riesgo,\u00a0donde la cantidad de personas mayores es muy alta, 160,000 para ser precisos.\u00a0Por esta raz\u00f3n, el Municipio ha activado medidas anteriores a las del gobierno nacional.\u00a0Por el momento se habla de 38 muertos \u00bb.\u00a0Antenucci agrega: \u00abPero otro es el camino que est\u00e1 tomando tanto la provincia de Buenos Aires (una vez y media tan grande como Italia,<em>nota del editor<\/em>\u00a0) que la ciudad de Buenos Aires, donde reside la mayor parte de la poblaci\u00f3n argentina y donde el virus se ha propagado m\u00e1s \u00bb.<\/p>\n<div class=\"wp-block-image\">\n<figure class=\"alignright size-large is-resized\"><img decoding=\"async\" loading=\"lazy\" class=\"wp-image-47609\" src=\"https:\/\/i0.wp.com\/www.heraldo.it\/wp-content\/uploads\/2020\/04\/PHOTO-2020-04-03-19-21-27-1024x682.jpg?resize=304%2C202&amp;ssl=1\" sizes=\"(max-width: 304px) 100vw, 304px\" srcset=\"https:\/\/i0.wp.com\/www.heraldo.it\/wp-content\/uploads\/2020\/04\/PHOTO-2020-04-03-19-21-27-1024x682.jpg?resize=304%2C202&amp;ssl=1 1024w, https:\/\/www.heraldo.it\/wp-content\/uploads\/2020\/04\/PHOTO-2020-04-03-19-21-27-300x200.jpg 300w, https:\/\/www.heraldo.it\/wp-content\/uploads\/2020\/04\/PHOTO-2020-04-03-19-21-27-768x512.jpg 768w, https:\/\/www.heraldo.it\/wp-content\/uploads\/2020\/04\/PHOTO-2020-04-03-19-21-27-978x652.jpg 978w, https:\/\/www.heraldo.it\/wp-content\/uploads\/2020\/04\/PHOTO-2020-04-03-19-21-27.jpg 1280w\" alt=\"\" width=\"304\" height=\"202\" \/><figcaption><em>Alberto Becchi<\/em><\/figcaption><\/figure>\n<\/div>\n<p><strong>\u00bfY c\u00f3mo est\u00e1 respondiendo la gran comunidad italiana a las medidas tomadas?<\/strong><br \/>\nPara Antenucci: \u00abNo hay diferencia entre la gran comunidad italiana y la sociedad argentina en general.\u00a0Hasta ahora, la poblaci\u00f3n ha respondido a las medidas tomadas por el gobierno nacional que incluyen restricciones de cuarentena y ocupacionales en todas las actividades, excepto las vitales, como la producci\u00f3n y venta de alimentos, las comunicaciones y el transporte.\u00a0Becchi confirma: \u00abLa respuesta es absolutamente positiva.\u00a0Se tomaron todas las medidas, e incluso antes de que el gobierno emitiera sus decretos, todas las actividades grupales, reuniones,<br \/>\nalmuerzos, teatros, espect\u00e1culos, etc.\u00a0ya hab\u00edan sido suspendidas\u00a0\u00ab.<\/p>\n<p><strong>\u00bfC\u00f3mo est\u00e1 experimentando la comunidad italiana lo que est\u00e1 sucediendo en Italia?<\/strong><br \/>\n\u00abLa comunidad argentina italiana supera el mill\u00f3n de ciudadanos con doble ciudadan\u00eda, explica Becchi, si no consideramos a los descendientes que a\u00fan no han podido obtenerla (en este caso estamos hablando de m\u00e1s de veinte millones de descendientes de una poblaci\u00f3n de 45 millones,\u00a0<em>nda<\/em>).\u00a0La situaci\u00f3n se ve con gran preocupaci\u00f3n y angustia m\u00e1s que cualquier otra cosa porque todos tienen parientes en Italia, con quienes habla o env\u00eda mensajes a diario, intentan saber qu\u00e9 est\u00e1 sucediendo y c\u00f3mo est\u00e1n experimentando la situaci\u00f3n.\u00a0Algunas instituciones, especialmente en Buenos Aires, donde reside el mayor n\u00famero de italianos y nativos, est\u00e1n organizando eventos para recaudar fondos, grupos de oraci\u00f3n.\u00a0Las videoconferencias con personas de Italia son continuas y constantes.\u00a0En el caso particular de nuestra instituci\u00f3n Proter, que pertenece a la regi\u00f3n de Emilia Romagna, estamos colaborando con las instituciones de la regi\u00f3n en varios proyectos, con la esperanza de que todo esto termine pronto \u00ab.\u00a0\u00abLa atenci\u00f3n a Italia es muy fuerte en toda la sociedad argentina &#8211; reanuda Antenucci -, precisamente porque gran parte de ella es de origen italiano.<\/p>\n<div class=\"wp-block-image\">\n<figure class=\"alignleft size-large\"><img decoding=\"async\" loading=\"lazy\" class=\"wp-image-47605\" src=\"https:\/\/i2.wp.com\/www.heraldo.it\/wp-content\/uploads\/2020\/04\/mar-del-Plata-chalet.jpg?w=678&amp;ssl=1\" alt=\"\" width=\"259\" height=\"194\" \/><figcaption><em>Un rinc\u00f3n de Mar de la Plata<\/em><\/figcaption><\/figure>\n<\/div>\n<p><strong>La emergencia est\u00e1 afectando a todo el mundo de la educaci\u00f3n, las universidades.\u00a0Antenucci, desde su papel de vicerrector, \u00bfc\u00f3mo se est\u00e1 reorganizando la Universidad de Mar del Plata?<\/strong><br \/>\n\u00abLa situaci\u00f3n no es diferente de la de las otras estructuras educativas.\u00a0En general, ha habido un cambio de un modo de presencia a uno virtual en todos los asuntos que hacen posible este cambio.\u00a0Es mucho m\u00e1s dif\u00edcil en aquellas \u00e1reas donde la presencia es necesaria, por ejemplo en los sectores de experimentaci\u00f3n o en las pr\u00e1cticas de ense\u00f1anza.\u00a0Por otro lado, la investigaci\u00f3n dentro de la Universidad aporta importantes contribuciones a la lucha contra Covid 19. \u00bb<\/p>\n<p><strong>\u00bfQu\u00e9 futuro prev\u00e9 despu\u00e9s de que todo esto haya pasado para Argentina?\u00a0\u00bfY habr\u00e1 m\u00e1s espacio para intensificar las relaciones entre Italia y Argentina?<\/strong><br \/>\n\u00abEn Argentina estamos muy seguros de que las medidas tomadas ser\u00e1n buenas especialmente para los aspectos de salud.\u00a0La preocupaci\u00f3n es, en cambio, la crisis que vendr\u00e1, producida por el aislamiento y la falta de actividad en todos los sectores que mueven la econom\u00eda y la producci\u00f3n.\u00a0Los expertos comienzan a hablar sobre una crisis significativa.\u00a0Esperamos, tambi\u00e9n con fe, que se pueda sacar una oportunidad de esto.\u00a0Con respecto a las relaciones entre Argentina e Italia, es dif\u00edcil saber c\u00f3mo los dos pa\u00edses saldr\u00e1n de esta situaci\u00f3n.\u00a0Existe una relaci\u00f3n muy estrecha entre ellos, lo que seguramente debe ser una ventaja para ambos.\u00a0Depende de nosotros, que vivimos ambas realidades, pensar c\u00f3mo poner en marcha el concepto de complementariedad, aprovechando las caracter\u00edsticas particulares de cada persona para posicionarse en el mercado mundial como socio.\u00a0Los italianos en el mundo, desafortunadamente, han sido un recurso no siempre bien utilizado.\u00a0Pero estoy seguro de que algo bueno para ambos pa\u00edses puede surgir de todo esto \u00bb.<\/p>\n<div class=\"wp-block-image\">\n<figure class=\"alignright size-large is-resized\"><img decoding=\"async\" loading=\"lazy\" class=\"wp-image-47604\" src=\"https:\/\/i0.wp.com\/www.heraldo.it\/wp-content\/uploads\/2020\/04\/daniel-antenucci.jpg?resize=240%2C240&amp;ssl=1\" sizes=\"(max-width: 240px) 100vw, 240px\" srcset=\"https:\/\/i0.wp.com\/www.heraldo.it\/wp-content\/uploads\/2020\/04\/daniel-antenucci.jpg?resize=240%2C240&amp;ssl=1 225w, https:\/\/www.heraldo.it\/wp-content\/uploads\/2020\/04\/daniel-antenucci-150x150.jpg 150w\" alt=\"\" width=\"240\" height=\"240\" \/><figcaption><em>Daniel Antenucci<\/em><\/figcaption><\/figure>\n<\/div>\n<p>Seg\u00fan Antenucci, \u00abla pandemia pasar\u00e1, pero la sensaci\u00f3n de debilidad de las estructuras de salud y de aquellos recursos capaces de restaurar el sistema econ\u00f3mico permanece.\u00a0Estos ser\u00e1n temas de preocupaci\u00f3n, pero tambi\u00e9n de investigaci\u00f3n cient\u00edfica y filos\u00f3fica en todo el mundo.\u00a0La fuerte influencia de la cursiva en la identidad de la sociedad argentina debe ser una gran oportunidad para explorar nuevas formas de interacci\u00f3n entre nuestros pa\u00edses, nuestras industrias y empresas.\u00a0Hay que encontrar sinergias en diferentes planes y actividades<br \/>\nentre Argentina e Italia, aprovechando la gran comunidad it\u00e1lica de la misma sociedad argentina \u00bb.<\/p>\n<p>Despierta de la curiosidad \u00absimple\u00bb para saber que Messi, Zanetti o Papa Bergoglio tienen or\u00edgenes italianos, demos un paso adelante.\u00a0Entendimos que esta relaci\u00f3n puede ser algo m\u00e1s: un gran recurso tambi\u00e9n para la recuperaci\u00f3n econ\u00f3mica de Italia y la propia Argentina.<\/p>\n<\/div>\n<\/div>\n<\/div>","protected":false},"excerpt":{"rendered":"<p>Mar del Plata es el centro de este informe con opiniones de profesionales binacionales. Un informe de las \u00faltimas horas indica que el sector tur\u00edstico de Italia perdi\u00f3 20.000 millones de euros desde el mes de marzo. La ecepci\u00f3n de viajeros representa el 13 por ciento del PBI italiano. El pa\u00eds registr\u00f3 81 millones de [&hellip;]<\/p>","protected":false},"author":1,"featured_media":618067,"comment_status":"open","ping_status":"open","sticky":false,"template":"","format":"standard","meta":[],"categories":[1],"tags":[],"series":[],"_links":{"self":[{"href":"https:\/\/www.diario5.com.ar\/es\/wp-json\/wp\/v2\/posts\/618064"}],"collection":[{"href":"https:\/\/www.diario5.com.ar\/es\/wp-json\/wp\/v2\/posts"}],"about":[{"href":"https:\/\/www.diario5.com.ar\/es\/wp-json\/wp\/v2\/types\/post"}],"author":[{"embeddable":true,"href":"https:\/\/www.diario5.com.ar\/es\/wp-json\/wp\/v2\/users\/1"}],"replies":[{"embeddable":true,"href":"https:\/\/www.diario5.com.ar\/es\/wp-json\/wp\/v2\/comments?post=618064"}],"version-history":[{"count":4,"href":"https:\/\/www.diario5.com.ar\/es\/wp-json\/wp\/v2\/posts\/618064\/revisions"}],"predecessor-version":[{"id":618073,"href":"https:\/\/www.diario5.com.ar\/es\/wp-json\/wp\/v2\/posts\/618064\/revisions\/618073"}],"wp:featuredmedia":[{"embeddable":true,"href":"https:\/\/www.diario5.com.ar\/es\/wp-json\/wp\/v2\/media\/618067"}],"wp:attachment":[{"href":"https:\/\/www.diario5.com.ar\/es\/wp-json\/wp\/v2\/media?parent=618064"}],"wp:term":[{"taxonomy":"category","embeddable":true,"href":"https:\/\/www.diario5.com.ar\/es\/wp-json\/wp\/v2\/categories?post=618064"},{"taxonomy":"post_tag","embeddable":true,"href":"https:\/\/www.diario5.com.ar\/es\/wp-json\/wp\/v2\/tags?post=618064"},{"taxonomy":"series","embeddable":true,"href":"https:\/\/www.diario5.com.ar\/es\/wp-json\/wp\/v2\/series?post=618064"}],"curies":[{"name":"wp","href":"https:\/\/api.w.org\/{rel}","templated":true}]}}