{"id":617588,"date":"2020-03-29T13:29:36","date_gmt":"2020-03-29T16:29:36","guid":{"rendered":"https:\/\/www.diario5.com.ar\/?p=617588"},"modified":"2021-04-09T00:04:21","modified_gmt":"2021-04-09T03:04:21","slug":"bicibletas-robadas","status":"publish","type":"post","link":"https:\/\/www.diario5.com.ar\/es\/bicibletas-robadas\/","title":{"rendered":"Bicibletas robadas"},"content":{"rendered":"<h2 class=\"sub-title-primary\">Un informe de la Secretar\u00eda de Transporte deja en claro que la convivencia es cada vez m\u00e1s inviable. <\/h2> <div>\n<figure style=\"width: 539px\" class=\"wp-caption alignright\"><img decoding=\"async\" loading=\"lazy\" class=\"alignnone size-full wp-image-626374\" src=\"https:\/\/www.diario5.com.ar\/wp-content\/uploads\/2021\/04\/ecobici_0420210409.jpg\" width=\"750\" height=\"422\" srcset=\"https:\/\/www.diario5.com.ar\/wp-content\/uploads\/2021\/04\/ecobici_0420210409.jpg 750w, https:\/\/www.diario5.com.ar\/wp-content\/uploads\/2021\/04\/ecobici_0420210409-300x169.jpg 300w\" sizes=\"(max-width: 750px) 100vw, 750px\" \/><figcaption class=\"wp-caption-text\">Cada vez, menos.<\/figcaption><\/figure>\n<p>En los encuentros entre el Jefe de Gobierno porte\u00f1o y los vecinos en las diferentes comunas, ya se hab\u00eda anticipado la estad\u00edstica. \u00abHay menos bicis porque se las afanan\u00bb, fue la frase del titular de Horacio Rodr\u00edguez Larreta cuando un participante de la reuni\u00f3n en el Centro Cultural Juli\u00e1n Centeya, de San Crist\u00f3bal, le pregunt\u00f3 por la evidente reducci\u00f3n de rodados.<\/p><\/div>\n<div><\/div>\n<div>Ahora, se confirma a desde un informe: El gobierno de la Ciudad de Buenos Aires, a trav\u00e9s de un comunicado de Juan Jos\u00e9 Mendez, secretario de Transporte porte\u00f1o, quien manifest\u00f3 que \u00abse robaron m\u00e1s de la mitad las bicicletas\u00bb del sistema p\u00fablico.<\/div>\n<div><\/div>\n<div>En la Argentina, robar es un deporte para algunos. Y robar lo p\u00fablico, para un sector de esos \u00abalgunos\u00bb redunda en un placer que requiere de un estudio cient\u00edfico, ya que est\u00e1 -para ellos- vinculado con el supuesto \u00abNo son de nadie\u00bb o bien condimentados con una sustanciosa carga de TIABYM (T<strong>ergiversaci\u00f3n Ideol\u00f3gica de la Acci\u00f3n por el bien y el mal),<\/strong> en donde se roba considerando que se \u00abhace justicia\u00bb frente a los gobernantes que ellos no votaron.<\/div>","protected":false},"excerpt":{"rendered":"<p>Un informe de la Secretar\u00eda de Transporte deja en claro que la convivencia es cada vez m\u00e1s inviable. En los encuentros entre el Jefe de Gobierno porte\u00f1o y los vecinos en las diferentes comunas, ya se hab\u00eda anticipado la estad\u00edstica. \u00abHay menos bicis porque se las afanan\u00bb, fue la frase del titular de Horacio Rodr\u00edguez [&hellip;]<\/p>","protected":false},"author":4,"featured_media":617589,"comment_status":"closed","ping_status":"closed","sticky":false,"template":"","format":"standard","meta":[],"categories":[75,4,7],"tags":[],"series":[],"_links":{"self":[{"href":"https:\/\/www.diario5.com.ar\/es\/wp-json\/wp\/v2\/posts\/617588"}],"collection":[{"href":"https:\/\/www.diario5.com.ar\/es\/wp-json\/wp\/v2\/posts"}],"about":[{"href":"https:\/\/www.diario5.com.ar\/es\/wp-json\/wp\/v2\/types\/post"}],"author":[{"embeddable":true,"href":"https:\/\/www.diario5.com.ar\/es\/wp-json\/wp\/v2\/users\/4"}],"replies":[{"embeddable":true,"href":"https:\/\/www.diario5.com.ar\/es\/wp-json\/wp\/v2\/comments?post=617588"}],"version-history":[{"count":3,"href":"https:\/\/www.diario5.com.ar\/es\/wp-json\/wp\/v2\/posts\/617588\/revisions"}],"predecessor-version":[{"id":626375,"href":"https:\/\/www.diario5.com.ar\/es\/wp-json\/wp\/v2\/posts\/617588\/revisions\/626375"}],"wp:featuredmedia":[{"embeddable":true,"href":"https:\/\/www.diario5.com.ar\/es\/wp-json\/wp\/v2\/media\/617589"}],"wp:attachment":[{"href":"https:\/\/www.diario5.com.ar\/es\/wp-json\/wp\/v2\/media?parent=617588"}],"wp:term":[{"taxonomy":"category","embeddable":true,"href":"https:\/\/www.diario5.com.ar\/es\/wp-json\/wp\/v2\/categories?post=617588"},{"taxonomy":"post_tag","embeddable":true,"href":"https:\/\/www.diario5.com.ar\/es\/wp-json\/wp\/v2\/tags?post=617588"},{"taxonomy":"series","embeddable":true,"href":"https:\/\/www.diario5.com.ar\/es\/wp-json\/wp\/v2\/series?post=617588"}],"curies":[{"name":"wp","href":"https:\/\/api.w.org\/{rel}","templated":true}]}}