{"id":617565,"date":"2020-03-27T11:01:33","date_gmt":"2020-03-27T14:01:33","guid":{"rendered":"https:\/\/www.diario5.com.ar\/katopodis-estamos-enfocados-en-obras-para-mejorar-la-oferta-sanitaria\/"},"modified":"2020-04-01T14:24:21","modified_gmt":"2020-04-01T17:24:21","slug":"katopodis-estamos-enfocados-en-obras-para-mejorar-la-oferta-sanitaria","status":"publish","type":"post","link":"https:\/\/www.diario5.com.ar\/es\/katopodis-estamos-enfocados-en-obras-para-mejorar-la-oferta-sanitaria\/","title":{"rendered":"Hospitales Modulares y otras obras de Infraestructura Sanitaria"},"content":{"rendered":"<h2 class=\"sub-title-primary\"><\/h2> <p>El ministro de Obras P\u00fablicas de la Naci\u00f3n, Gabriel Katopodis, asegura que su cartera est\u00e1 focalizada en el objetivo que se propuso el presidente Alberto Fern\u00e1ndez de \u00abcuidar la salud de los argentinos\u00bb ante el avance del coronavirus, \u00abcon obras de infraestructura sanitaria\u00bb para llegar \u00abmejor preparados en el pico\u00bb de la pandemia en el pa\u00eds.<\/p>\n<p>\u00abSeguimos muy enfocados en el objetivo del Presidente, para cuidar la salud de los argentinos, con obras de infraestructura sanitaria, como los ocho hospitales modulares, o el nuevo hospital en La Matanza, adem\u00e1s de m\u00e1s de 40 obras en todo el pa\u00eds para ampliar la oferta sanitaria cuando llegue el pico de la pandemia\u00bb, precis\u00f3 Katopodis en di\u00e1logo con radio Rivadavia.<\/p>\n<p>En paralelo, indic\u00f3 que, desde su cartera, se van \u00abpreparando para reactivar la econom\u00eda cuando esto pase y se deje atr\u00e1s la cuarentena\u00bb.<\/p>\n<p>En ese sentido, el funcionario afirm\u00f3 que su sector \u00abes el que puede ponerse en marcha m\u00e1s r\u00e1pido y reactivar, con el plan de inversiones que ya ven\u00edamos llevando adelante, que suma unos 100.000 millones de pesos, con la ejecuci\u00f3n de peque\u00f1as y medianas obras en cada localidad del pa\u00eds\u00bb<\/p>\n<p>Respecto de la labor que cumplen los denominados curas villeros en barrios vulnerables, con quienes se reuni\u00f3 esta semana, el ministro dijo que se los acompa\u00f1a \u00abcon la infraestructura que se necesita, en concreto, sobre todo en los barrios populosos que tienen problemas para aislarse\u00bb.<\/p>\n<p>Los sacerdotes de la pastoral de las villas de emergencia se reunieron el mi\u00e9rcoles \u00faltimo con Katopodis y con el presidente Fern\u00e1ndez en la residencia de Olivos, donde analizaron la compleja situaci\u00f3n social en los barrios populares a ra\u00edz de la cuarentena por el coronavirus.<\/p>\n<p>El grupo de curas porte\u00f1os y del conurbano bonaerense le pidi\u00f3 al Presidente que refuerce la ayuda alimentaria y econ\u00f3mica a los vecinos de las villas y asentamientos del pa\u00eds en la actual crisis por la pandemia.<\/p>\n<p>En esa l\u00ednea, Katopodis -ex intendente de San Mart\u00edn, en el norte de conurbano bonaerense- asegur\u00f3 que ve que en el Gran Buenos Aires \u00abse est\u00e1 enfrentando la situaci\u00f3n con energ\u00eda y recursos econ\u00f3micos de manera satisfactoria\u00bb.<\/p>\n<p>Por \u00faltimo, insisti\u00f3 en que Argentina, luego de que pase la pandemia, se \u00abva a volver a poner en marcha\u00bb y agreg\u00f3: \u00abhay que reconstruir este pa\u00eds, hay que armarlo de vuelta; vamos a reconstruir la vida cotidiana de cada uno de los argentinos\u00bb.<\/p>","protected":false},"excerpt":{"rendered":"<p>El ministro de Obras P\u00fablicas de la Naci\u00f3n, Gabriel Katopodis, asegura que su cartera est\u00e1 focalizada en el objetivo que se propuso el presidente Alberto Fern\u00e1ndez de \u00abcuidar la salud de los argentinos\u00bb ante el avance del coronavirus, \u00abcon obras de infraestructura sanitaria\u00bb para llegar \u00abmejor preparados en el pico\u00bb de la pandemia en el [&hellip;]<\/p>","protected":false},"author":12,"featured_media":617644,"comment_status":"closed","ping_status":"closed","sticky":false,"template":"","format":"standard","meta":[],"categories":[7,56],"tags":[],"series":[],"_links":{"self":[{"href":"https:\/\/www.diario5.com.ar\/es\/wp-json\/wp\/v2\/posts\/617565"}],"collection":[{"href":"https:\/\/www.diario5.com.ar\/es\/wp-json\/wp\/v2\/posts"}],"about":[{"href":"https:\/\/www.diario5.com.ar\/es\/wp-json\/wp\/v2\/types\/post"}],"author":[{"embeddable":true,"href":"https:\/\/www.diario5.com.ar\/es\/wp-json\/wp\/v2\/users\/12"}],"replies":[{"embeddable":true,"href":"https:\/\/www.diario5.com.ar\/es\/wp-json\/wp\/v2\/comments?post=617565"}],"version-history":[{"count":3,"href":"https:\/\/www.diario5.com.ar\/es\/wp-json\/wp\/v2\/posts\/617565\/revisions"}],"predecessor-version":[{"id":617645,"href":"https:\/\/www.diario5.com.ar\/es\/wp-json\/wp\/v2\/posts\/617565\/revisions\/617645"}],"wp:featuredmedia":[{"embeddable":true,"href":"https:\/\/www.diario5.com.ar\/es\/wp-json\/wp\/v2\/media\/617644"}],"wp:attachment":[{"href":"https:\/\/www.diario5.com.ar\/es\/wp-json\/wp\/v2\/media?parent=617565"}],"wp:term":[{"taxonomy":"category","embeddable":true,"href":"https:\/\/www.diario5.com.ar\/es\/wp-json\/wp\/v2\/categories?post=617565"},{"taxonomy":"post_tag","embeddable":true,"href":"https:\/\/www.diario5.com.ar\/es\/wp-json\/wp\/v2\/tags?post=617565"},{"taxonomy":"series","embeddable":true,"href":"https:\/\/www.diario5.com.ar\/es\/wp-json\/wp\/v2\/series?post=617565"}],"curies":[{"name":"wp","href":"https:\/\/api.w.org\/{rel}","templated":true}]}}