{"id":617559,"date":"2020-03-26T11:04:45","date_gmt":"2020-03-26T14:04:45","guid":{"rendered":"https:\/\/www.diario5.com.ar\/el-viernes-se-abre-la-pre-inscripcion-para-cobrar-el-bono-de-10-000\/"},"modified":"2020-03-26T23:44:10","modified_gmt":"2020-03-27T02:44:10","slug":"el-viernes-se-abre-la-pre-inscripcion-para-cobrar-el-bono-de-10-000","status":"publish","type":"post","link":"https:\/\/www.diario5.com.ar\/es\/el-viernes-se-abre-la-pre-inscripcion-para-cobrar-el-bono-de-10-000\/","title":{"rendered":"Se abre la pre-inscripci\u00f3n para cobrar el bono de $ 10.000"},"content":{"rendered":"<h2 class=\"sub-title-primary\"><\/h2> <div>El cronograma para quienes quieren recibir el Ingreso Familiar de Emergencia contempla la terminaci\u00f3n del documento y arranca el 27 de marzo. Aqu\u00ed, <a href=\"https:\/\/www.anses.gob.ar\/ingreso-familiar-de-emergencia\" target=\"_blank\" rel=\"noopener noreferrer\">el link<\/a> para acceder al sitio web de pre-inscripci\u00f3n.<\/div>\n<div><\/div>\n<div>\n<h2><strong>A qui\u00e9nes les corresponde<\/strong><\/h2>\n<ul>\n<li>Trabajadores y trabajadoras informales.<\/li>\n<li>Trabajadores y trabajadoras de casas particulares.<\/li>\n<li>Monotributistas sociales.<\/li>\n<li>Monotributistas de las categor\u00edas A y B.<\/li>\n<\/ul>\n<h2><strong>Requisitos<\/strong><\/h2>\n<ul>\n<li>Ser argentino nativo o naturalizado y residente, con una residencia legal en el pa\u00eds no inferior a 2 a\u00f1os.<\/li>\n<li>Tener entre 18 y 65 a\u00f1os de edad.<\/li>\n<li>Que el titular o su grupo familiar\u00a0<strong>no tenga<\/strong>\u00a0ingresos provenientes de:\n<ul>\n<li>un trabajo en relaci\u00f3n de dependencia en el sector p\u00fablico o privado.<\/li>\n<li>ser monotributista de categor\u00eda C o superior, o del r\u00e9gimen de aut\u00f3nomos.<\/li>\n<li>una prestaci\u00f3n de desempleo.<\/li>\n<li>jubilaciones, pensiones o retiros contributivos o no contributivos nacionales, provinciales, municipales o de la Ciudad Aut\u00f3noma de Buenos Aires.<\/li>\n<li>planes sociales, salario social complementario, Hacemos Futuro, Potenciar Trabajo u otros programas sociales nacionales, provinciales o municipales.<\/li>\n<\/ul>\n<\/li>\n<\/ul>\n<p><strong>El IFE es compatible con el cobro de la Asignaci\u00f3n Universal por Hijo, la Asignaci\u00f3n por Embarazo y el programa Progresar.<\/strong><\/p>\n<h2><strong>Monto<\/strong><\/h2>\n<p>$10.000 por \u00fanica vez en el mes de abril. Lo cobrar\u00e1 solo un integrante del grupo familiar.<\/p>\n<h2><strong>Tr\u00e1mite<\/strong><\/h2>\n<p><strong>Se realiza \u00fanicamente completando un formulario por internet.<\/strong><\/p>\n<p>Una vez finalizada la preinscripci\u00f3n, ANSES analizar\u00e1 la informaci\u00f3n y podr\u00e1 solicitar datos complementarios, por ejemplo, una cuenta bancaria para el pago.<\/p>\n<p>Quienes cobran\u00a0<strong>Asignaci\u00f3n Universal por Hijo o por Embarazo<\/strong>\u00a0<strong>no deben completar el formulario\u00a0<\/strong>ya que van a cobrar autom\u00e1ticamente<strong>\u00a0<\/strong>si cumplen los requisitos.<\/p>\n<h2><strong>Cu\u00e1ndo completar el formulario<\/strong><\/h2>\n<p>Deb\u00e9s hacerlo\u00a0<strong>entre el 27 y el 31 de marzo<\/strong>, en el d\u00eda espec\u00edfico seg\u00fan el \u00faltimo n\u00famero de tu DNI.<\/p>\n<p><strong>Es importante que respetes la fecha indicada para facilitar tu tr\u00e1mite y el de todas las personas que se inscriban.<\/strong><\/p>\n<ul>\n<li>DNI terminado\u00a0en\u00a0<strong>0 y 1<\/strong>:\u00a0<strong>viernes 27<\/strong><\/li>\n<li>DNI terminado en\u00a0<strong>2 y 3<\/strong>:\u00a0<strong>s\u00e1bado 28<\/strong><\/li>\n<li>DNI terminado en\u00a0<strong>4 y 5<\/strong>:\u00a0<strong>domingo 29<\/strong><\/li>\n<li>DNI terminado\u00a0en\u00a0<strong>6 y 7<\/strong>:\u00a0<strong>lunes 30<\/strong><\/li>\n<li>DNI terminado\u00a0en\u00a0<strong>8 y 9<\/strong>:\u00a0<strong>martes 31<\/strong><\/li>\n<\/ul>\n<p>&nbsp;<\/p>\n<h3><strong>El formulario estar\u00e1 disponible pr\u00f3<\/strong><strong>ximamente.<\/strong><\/h3>\n<\/div>","protected":false},"excerpt":{"rendered":"<p>El cronograma para quienes quieren recibir el Ingreso Familiar de Emergencia contempla la terminaci\u00f3n del documento y arranca el 27 de marzo. Aqu\u00ed, el link para acceder al sitio web de pre-inscripci\u00f3n. A qui\u00e9nes les corresponde Trabajadores y trabajadoras informales. Trabajadores y trabajadoras de casas particulares. Monotributistas sociales. Monotributistas de las categor\u00edas A y B. [&hellip;]<\/p>","protected":false},"author":12,"featured_media":617561,"comment_status":"closed","ping_status":"closed","sticky":false,"template":"","format":"standard","meta":[],"categories":[7,56],"tags":[],"series":[],"_links":{"self":[{"href":"https:\/\/www.diario5.com.ar\/es\/wp-json\/wp\/v2\/posts\/617559"}],"collection":[{"href":"https:\/\/www.diario5.com.ar\/es\/wp-json\/wp\/v2\/posts"}],"about":[{"href":"https:\/\/www.diario5.com.ar\/es\/wp-json\/wp\/v2\/types\/post"}],"author":[{"embeddable":true,"href":"https:\/\/www.diario5.com.ar\/es\/wp-json\/wp\/v2\/users\/12"}],"replies":[{"embeddable":true,"href":"https:\/\/www.diario5.com.ar\/es\/wp-json\/wp\/v2\/comments?post=617559"}],"version-history":[{"count":3,"href":"https:\/\/www.diario5.com.ar\/es\/wp-json\/wp\/v2\/posts\/617559\/revisions"}],"predecessor-version":[{"id":617563,"href":"https:\/\/www.diario5.com.ar\/es\/wp-json\/wp\/v2\/posts\/617559\/revisions\/617563"}],"wp:featuredmedia":[{"embeddable":true,"href":"https:\/\/www.diario5.com.ar\/es\/wp-json\/wp\/v2\/media\/617561"}],"wp:attachment":[{"href":"https:\/\/www.diario5.com.ar\/es\/wp-json\/wp\/v2\/media?parent=617559"}],"wp:term":[{"taxonomy":"category","embeddable":true,"href":"https:\/\/www.diario5.com.ar\/es\/wp-json\/wp\/v2\/categories?post=617559"},{"taxonomy":"post_tag","embeddable":true,"href":"https:\/\/www.diario5.com.ar\/es\/wp-json\/wp\/v2\/tags?post=617559"},{"taxonomy":"series","embeddable":true,"href":"https:\/\/www.diario5.com.ar\/es\/wp-json\/wp\/v2\/series?post=617559"}],"curies":[{"name":"wp","href":"https:\/\/api.w.org\/{rel}","templated":true}]}}