{"id":617484,"date":"2020-03-13T11:01:44","date_gmt":"2020-03-13T14:01:44","guid":{"rendered":"https:\/\/www.diario5.com.ar\/rodriguez-larreta-firmo-un-decreto-que-regira-por-30-dias-con-medidas-para-prevenir-y-afrontar-el-coronavirus\/"},"modified":"2020-03-13T11:01:44","modified_gmt":"2020-03-13T14:01:44","slug":"rodriguez-larreta-firmo-un-decreto-que-regira-por-30-dias-con-medidas-para-prevenir-y-afrontar-el-coronavirus","status":"publish","type":"post","link":"https:\/\/www.diario5.com.ar\/es\/rodriguez-larreta-firmo-un-decreto-que-regira-por-30-dias-con-medidas-para-prevenir-y-afrontar-el-coronavirus\/","title":{"rendered":"Rodr\u00edguez Larreta firm\u00f3 un decreto que regir\u00e1 por 30 d\u00edas con medidas para prevenir y afrontar el coronavirus"},"content":{"rendered":"<h2 class=\"sub-title-primary\"><\/h2> <div>\n<div class=\"field field-name-field-image field-type-image field-label-hidden\">\n<div class=\"field-items\">\n<div class=\"field-item even\"><\/div>\n<\/div>\n<\/div>\n<div class=\"field field-name-body field-type-text-with-summary field-label-hidden\">\n<div class=\"field-items\">\n<div class=\"field-item even\" property=\"content:encoded\">\n<p>El jefe de Gobierno porte\u00f1o, <a href=\"https:\/\/www.facebook.com\/horaciorodriguezlarreta\">Horacio Rodr\u00edguez Larreta<\/a>, firm\u00f3 este jueves un decreto con medidas espec\u00edficas para prevenir y afrontar el coronavirus que regir\u00e1 por los pr\u00f3ximos 30 d\u00edas, aunque este plazo puede modificarse en funci\u00f3n de los resultados que se vayan obteniendo.<\/p>\n<p>En el decreto se establece la suspensi\u00f3n de actividades tur\u00edsticas y eventos masivos, considerando como tales a todos aquellos con una concurrencia superior a las 200 personas. Entre las actividades suspendidas se destacan:<\/p>\n<ul>\n<li>Recitales<\/li>\n<li>Boliches bailables &#8211; locales Clase C<\/li>\n<li>Congresos y conferencias internacionales<\/li>\n<li>Museos p\u00fablicos y privados<\/li>\n<li>Bus tur\u00edstico<\/li>\n<li>Asistencia de p\u00fablico a eventos deportivos<\/li>\n<\/ul>\n<p>Por otro lado, se impone un tope de 200 personas a:<\/p>\n<ul>\n<li>Congresos y conferencias nacionales<\/li>\n<li>Espacios culturales<\/li>\n<li>Casinos<\/li>\n<li>Cines, teatros y templos, que deber\u00e1n reducir su ocupaci\u00f3n en un 50%<\/li>\n<\/ul>\n<blockquote>\n<p><a href=\"https:\/\/rssunify.com\/coronavirus\">Coronavirus: informaci\u00f3n general<\/a><\/p>\n<\/blockquote>\n<p><img decoding=\"async\" loading=\"lazy\" src=\"https:\/\/rssunify.com\/sites\/gcaba\/files\/field\/image\/conferencia_por_coronavirus_12-3_0.jpg\" width=\"1620\" height=\"1080\" alt=\"Rodr\u00edguez Larreta firm\u00f3 un decreto que regir\u00e1 por 30 d\u00edas con medidas para prevenir y afrontar el coronavirus\" title=\"Foto Prensa\/GCBA.\"><\/p>\n<\/div>\n<\/div>\n<\/div>\n<div class=\"field field-name-field-descargas field-type-file field-label-above\">\n<div class=\"field-label\">Descargas:\u00a0<\/div>\n<div class=\"field-items\">\n<div class=\"field-item even\"><span class=\"file\"><img decoding=\"async\" class=\"file-icon\" alt=\"PDF icon\" title=\"application\/pdf\" src=\"https:\/\/rssunify.com\/modules\/file\/icons\/application-pdf.png\"> <a href=\"https:\/\/www.buenosaires.gob.ar\/sites\/gcaba\/files\/decreto_ndeg_140-20_suspende_eventos_y_otras_medidas_-coronavirus.pdf.pdf.pdf\" type=\"application\/pdf; length=175778\" title=\"decreto_ndeg_140-20_suspende_eventos_y_otras_medidas_-coronavirus.pdf.pdf.pdf\">Decreto 140-20<\/a><\/span><\/div>\n<\/div>\n<\/div>\n<div class=\"field field-name-field-slider-tramites field-type-list-boolean field-label-above\">\n<div class=\"field-label\">Slider Tramites:\u00a0<\/div>\n<div class=\"field-items\">\n<div class=\"field-item even\">0<\/div>\n<\/div>\n<\/div>\n<div class=\"field field-name-og-roles-permissions field-type-list-boolean field-label-above\">\n<div class=\"field-label\">Group roles and permissions:\u00a0<\/div>\n<div class=\"field-items\">\n<div class=\"field-item even\">Use default roles and permissions<\/div>\n<\/div>\n<\/div>\n<div class=\"field field-name-group-audience field-type-group field-label-above\">\n<div class=\"field-label\">Group Audience:\u00a0<\/div>\n<div class=\"field-items\">\n<div class=\"field-item even\"><a href=\"https:\/\/rssunify.com\/jefedegobierno\">Jefe de Gobierno<\/a><\/div>\n<div class=\"field-item odd\"><a href=\"https:\/\/rssunify.com\/salud\">Salud<\/a><\/div>\n<\/div>\n<\/div>\n<div class=\"field field-name-field-date field-type-datetime field-label-above\">\n<div class=\"field-label\">Fecha:\u00a0<\/div>\n<div class=\"field-items\">\n<div class=\"field-item even\"><span class=\"date-display-single\" property=\"dc:date\" datatype=\"xsd:dateTime\" content=\"2020-03-13T00:00:00-03:00\">Viernes, Marzo 13, 2020<\/span><\/div>\n<\/div>\n<\/div>\n<p><img decoding=\"async\" loading=\"lazy\" src=\"http:\/\/feeds.feedburner.com\/~r\/gcba\/~4\/DwZoiP3rCVk\" height=\"1\" width=\"1\" alt=\"\"><\/div>","protected":false},"excerpt":{"rendered":"<p>El jefe de Gobierno porte\u00f1o, Horacio Rodr\u00edguez Larreta, firm\u00f3 este jueves un decreto con medidas espec\u00edficas para prevenir y afrontar el coronavirus que regir\u00e1 por los pr\u00f3ximos 30 d\u00edas, aunque este plazo puede modificarse en funci\u00f3n de los resultados que se vayan obteniendo. En el decreto se establece la suspensi\u00f3n de actividades tur\u00edsticas y eventos [&hellip;]<\/p>","protected":false},"author":12,"featured_media":0,"comment_status":"closed","ping_status":"closed","sticky":false,"template":"","format":"standard","meta":[],"categories":[7,56],"tags":[],"series":[],"_links":{"self":[{"href":"https:\/\/www.diario5.com.ar\/es\/wp-json\/wp\/v2\/posts\/617484"}],"collection":[{"href":"https:\/\/www.diario5.com.ar\/es\/wp-json\/wp\/v2\/posts"}],"about":[{"href":"https:\/\/www.diario5.com.ar\/es\/wp-json\/wp\/v2\/types\/post"}],"author":[{"embeddable":true,"href":"https:\/\/www.diario5.com.ar\/es\/wp-json\/wp\/v2\/users\/12"}],"replies":[{"embeddable":true,"href":"https:\/\/www.diario5.com.ar\/es\/wp-json\/wp\/v2\/comments?post=617484"}],"version-history":[{"count":0,"href":"https:\/\/www.diario5.com.ar\/es\/wp-json\/wp\/v2\/posts\/617484\/revisions"}],"wp:attachment":[{"href":"https:\/\/www.diario5.com.ar\/es\/wp-json\/wp\/v2\/media?parent=617484"}],"wp:term":[{"taxonomy":"category","embeddable":true,"href":"https:\/\/www.diario5.com.ar\/es\/wp-json\/wp\/v2\/categories?post=617484"},{"taxonomy":"post_tag","embeddable":true,"href":"https:\/\/www.diario5.com.ar\/es\/wp-json\/wp\/v2\/tags?post=617484"},{"taxonomy":"series","embeddable":true,"href":"https:\/\/www.diario5.com.ar\/es\/wp-json\/wp\/v2\/series?post=617484"}],"curies":[{"name":"wp","href":"https:\/\/api.w.org\/{rel}","templated":true}]}}