{"id":617483,"date":"2020-03-13T10:04:21","date_gmt":"2020-03-13T13:04:21","guid":{"rendered":"https:\/\/www.diario5.com.ar\/medidas-del-ministerio-de-cultura-de-la-ciudad-respecto-al-coronavirus\/"},"modified":"2020-03-13T11:58:29","modified_gmt":"2020-03-13T14:58:29","slug":"medidas-del-ministerio-de-cultura-de-la-ciudad-respecto-al-coronavirus","status":"publish","type":"post","link":"https:\/\/www.diario5.com.ar\/es\/medidas-del-ministerio-de-cultura-de-la-ciudad-respecto-al-coronavirus\/","title":{"rendered":"Medidas del Ministerio de Cultura de la Ciudad respecto del Coronavirus"},"content":{"rendered":"<h2 class=\"sub-title-primary\"><\/h2> <div>\n<p>Desde el Ministerio de Cultura de la Ciudad, del cual dependen <strong>teatros, museos y espacios culturales<\/strong>, entre otras dependencias, estamos muy atentos\/as a la evoluci\u00f3n de la situaci\u00f3n del coronavirus en nuestro pa\u00eds; y en constante di\u00e1logo con el Ministerio de Salud de Ciudad y de Naci\u00f3n para aplicar iniciativas de prevenci\u00f3n para proteger <strong>la seguridad de nuestros p\u00fablicos, artistas y equipos de trabajo<\/strong> bajo un protocolo que se revisa cada 72 hs por las entidades ya mencionadas.<\/p>\n<p>En este sentido, seg\u00fan el art 4 del decreto DECTO-2020-140-GCBA-AJG y tal como anunci\u00f3 el jefe de gobierno porte\u00f1o Horacio Rodr\u00edguez Larreta en la ma\u00f1ana de hoy, <strong>a partir del d\u00eda de la fecha y por un periodo inicial de 30 d\u00edas quedan suspendidas las actividades que se desarrollan en los museos y en los centros culturales y teatros<\/strong> gestionados por el Gobierno de la Ciudad de Buenos Aires.<\/p>\n<p>En cuanto a las <strong>actividades privadas<\/strong> el decreto prev\u00e9 en el art 2 la restricci\u00f3n a la capacidad de ocupaci\u00f3n en un cincuenta por ciento (50%), la que no podr\u00e1 superar los doscientos (200) asistentes, para todas las actividades que se desarrollen en salas de teatro, cines, centros culturales de gesti\u00f3n privada y todo otro tipo de establecimiento en los que se realicen convenciones o congresos.<\/p>\n<p>A su vez, continuamos con las acciones preventivas definidas por el Ministerio de Salud de la Naci\u00f3n. Reforzamos la frecuencia de <strong>limpieza y desinfecci\u00f3n<\/strong> de todas las \u00e1reas p\u00fablicas; intensificamos provisi\u00f3n de jab\u00f3n, toallas descartables y recipientes de residuos e intensificamos la limpieza de estos espacios. A su vez,  se dispusieron carteles en todos los ba\u00f1os p\u00fablicos para estimular y recordar el <strong>correcto lavado de manos con jab\u00f3n<\/strong> y recordar permanentemente el comportamiento a seguir: cubrirse la nariz y la boca con el pliegue del codo o usar un pa\u00f1uelo descartable al toser o estornudar.<\/p>\n<blockquote>\n<p>Estamos llevando a cabo las medidas de prevenci\u00f3n necesarias en consonancia con lo comunicado esta ma\u00f1ana por el jefe de gobierno y el ministro de salud de la Ciudad.<\/p>\n<\/blockquote>\n<p>En este sentido, detallamos abajo <strong>espacios culturales<\/strong> dependientes del \u00e1rea de cultura de la Ciudad <strong>que se ver\u00e1n afectados<\/strong>.<\/p>\n<h3>Listado de espacios de la Ciudad cerrados al p\u00fablico hasta dentro de 30 d\u00edas por afluencia de turismo y por ser espacios culturales masivos<\/h3>\n<ul>\n<li>Museos: actividades suspendidas, cerrado al p\u00fablico.   <\/li>\n<li>Teatro Col\u00f3n: actividades suspendidas, cerrado al p\u00fablico. <\/li>\n<li>Usina del Arte: actividades suspendidas, cerrado al p\u00fablico. <\/li>\n<li>Centro Cultural Recoleta: actividades suspendidas, cerrado al p\u00fablico. <\/li>\n<li>Centro Cultural San Mart\u00edn: actividades suspendidas, cerrado al p\u00fablico. <\/li>\n<li>Centro Cultural 25 de Mayo: actividades suspendidas, cerrado al p\u00fablico.<\/li>\n<li>Complejo Teatral de Buenos Aires: actividades suspendidas, cerrado al p\u00fablico. <\/li>\n<li>Anfiteatro del Parque Centenario: actividades suspendidas, cerrado al p\u00fablico. <\/li>\n<li>Centros culturales: actividades suspendidas, cerrado al p\u00fablico. <\/li>\n<li>Feria Mataderos: actividades suspendidas, cerrado al p\u00fablico. <\/li>\n<li>Bibliotecas: actividades suspendidas, cerrado al p\u00fablico. <\/li>\n<li>Programa Cultural en Barrios: se pospone el inicio de los talleres. <\/li>\n<li>Torre Monumental: actividades suspendidas por 30 d\u00edas, cerrada al p\u00fablico. <\/li>\n<\/ul>\n<h3>Listado de eventos suspendidos<\/h3>\n<ul>\n<li>Semana del Arte: suspendida. <\/li>\n<li>BAFICI: se analizar\u00e1 una vez que finalicen los 30 d\u00edas establecidos por decreto. <\/li>\n<\/ul>\n<hr>\n<p><em>Para mayor informaci\u00f3n, seguir el <a href=\"https:\/\/www.argentina.gob.ar\/salud\/coronavirus-COVID-19\">canal oficial del Ministerio de Salud<\/a>, \u00fanica entidad competente para abordar protocolos.<\/em><\/p>\n<p><em>Y el <a href=\"http:\/\/www.buenosaires.gob.ar\/coronavirus\">canal oficial del Ministerio de Salud de la Ciudad<\/a><\/em><\/p>\n<\/div>","protected":false},"excerpt":{"rendered":"<p>Desde el Ministerio de Cultura de la Ciudad, del cual dependen teatros, museos y espacios culturales, entre otras dependencias, estamos muy atentos\/as a la evoluci\u00f3n de la situaci\u00f3n del coronavirus en nuestro pa\u00eds; y en constante di\u00e1logo con el Ministerio de Salud de Ciudad y de Naci\u00f3n para aplicar iniciativas de prevenci\u00f3n para proteger la [&hellip;]<\/p>","protected":false},"author":8,"featured_media":0,"comment_status":"open","ping_status":"closed","sticky":false,"template":"","format":"standard","meta":[],"categories":[5],"tags":[],"series":[],"_links":{"self":[{"href":"https:\/\/www.diario5.com.ar\/es\/wp-json\/wp\/v2\/posts\/617483"}],"collection":[{"href":"https:\/\/www.diario5.com.ar\/es\/wp-json\/wp\/v2\/posts"}],"about":[{"href":"https:\/\/www.diario5.com.ar\/es\/wp-json\/wp\/v2\/types\/post"}],"author":[{"embeddable":true,"href":"https:\/\/www.diario5.com.ar\/es\/wp-json\/wp\/v2\/users\/8"}],"replies":[{"embeddable":true,"href":"https:\/\/www.diario5.com.ar\/es\/wp-json\/wp\/v2\/comments?post=617483"}],"version-history":[{"count":1,"href":"https:\/\/www.diario5.com.ar\/es\/wp-json\/wp\/v2\/posts\/617483\/revisions"}],"predecessor-version":[{"id":617485,"href":"https:\/\/www.diario5.com.ar\/es\/wp-json\/wp\/v2\/posts\/617483\/revisions\/617485"}],"wp:attachment":[{"href":"https:\/\/www.diario5.com.ar\/es\/wp-json\/wp\/v2\/media?parent=617483"}],"wp:term":[{"taxonomy":"category","embeddable":true,"href":"https:\/\/www.diario5.com.ar\/es\/wp-json\/wp\/v2\/categories?post=617483"},{"taxonomy":"post_tag","embeddable":true,"href":"https:\/\/www.diario5.com.ar\/es\/wp-json\/wp\/v2\/tags?post=617483"},{"taxonomy":"series","embeddable":true,"href":"https:\/\/www.diario5.com.ar\/es\/wp-json\/wp\/v2\/series?post=617483"}],"curies":[{"name":"wp","href":"https:\/\/api.w.org\/{rel}","templated":true}]}}