{"id":617455,"date":"2020-03-12T00:40:07","date_gmt":"2020-03-12T03:40:07","guid":{"rendered":"https:\/\/www.diario5.com.ar\/alberto-fernandez-fue-a-dar-clase-a-la-facultad-de-derecho\/"},"modified":"2021-02-04T15:16:58","modified_gmt":"2021-02-04T18:16:58","slug":"alberto-fernandez-fue-a-dar-clase-a-la-facultad-de-derecho","status":"publish","type":"post","link":"https:\/\/www.diario5.com.ar\/es\/alberto-fernandez-fue-a-dar-clase-a-la-facultad-de-derecho\/","title":{"rendered":"Las divisiones que hoy se hacen notar en el periodismo no son las correctas"},"content":{"rendered":"<h2 class=\"sub-title-primary\"><\/h2> <p>Medio pa\u00eds hablando de que Alberto Fern\u00e1ndez fue a dar clase a la Facultad de Derecho, es \u00abun centro de Messi para el cabezazo de gol\u00bb en este medio de comunicaci\u00f3n, lamentablemente demasiado exclusivo para freethinkers, cuando quienes no lo son, deber\u00edan acudir a esta p\u00e1ginas para ir empezando a ganar un poco de criterio.<\/p>\n<p>Bueno, ok. El Presidente concurri\u00f3 a la la Facultad de Derecho de la Universidad de Buenos Aires a dar un clase. Aj\u00e1. \u00bfY?<\/p>\n<p>La noticia fue tal, la primera vez que Fern\u00e1ndez fue all\u00ed a tomar un examen. \u00bfAhora, otra vez vamos a estar observando que \u00e9l hace eso? Cada presidente argentino ha demostrado que pod\u00eda mantener durante el ejercicio del poder, parte de sus actividades previas. Alguno corr\u00eda en Ferrari, uno iba a programas humor\u00edsticos, estuvo el que iba a ver partidos de Banfield, los que viajaban al Calafate, el que armaba retiros espirituales y el que va a la Facultad de Derecho a ejercer como profesor, igual que antes. Cualquiera que lo ve desde afuera (vaya uno a saber cu\u00e1l es el \u00abafuera\u00bb), lo puede plantear como que si se corresponde con sus propias convicciones, estamos hablando de un ejemplo a seguir.<\/p>\n<p>Somos nosotros los que nos tenemos que dejar de comentar pavadas. A ver&#8230; qui\u00e9nes creemos nosotros que son los periodistas que se regodean con la noticia tangencial? \u00bflos que est\u00e1n a favor del gobierno? \u00bfLos que est\u00e1n en contra? No. Los que est\u00e1n al pedo o los formuleros que leen twitters de medi\u00e1ticos por radio y encima los analizan y los tituleros de los diarios que se creen pulitzerables por jugar con las palabras, entre otros. Merecen un cap\u00edtulo estelar los cuasi analfabetos que se engolosinan con un generador de caracteres de TV, para armar z\u00f3calos desconceptuaizados y con errores ortogr\u00e1ficos hasta en el nombre del entrevistado que tienen en pantalla.<\/p>\n<p>Muchachos, quieren hacer algo trascendente en los medios de mucha llegada el p\u00fablico? Ded\u00edquense al seguimiento de los precios de manera met\u00f3dica y ordenada. En pa\u00edses con problemas inflacionarios, caso Grecia, los medios de comunicaci\u00f3n jugaron un papel importante en la salida de la crisis de los 2000. Los generadores de precios nunca se sintieron tan observados como en esa etapa. Ning\u00fan diario dej\u00f3 de identificar a los sectores y hasta las marcas que sub\u00edan sus valores m\u00e1s all\u00e1 de los que cualquier observador atento considerara equilibrados. Presi\u00f3n bien entendida.<\/p>\n<p>En la Argentina, el periodismo ni siquiera est\u00e1 dividido entre derecha e izquierda. Digamos que sigue la \u00abgrieta\u00bb que va de Kirchnerismo a Macrismo. O sea, h\u00edbridos ideol\u00f3gicos. Nadita. M\u00e1s que mantener f\u00e9rreas convicciones, claramente trabajan para intereses. Y la mayor\u00eda de ellos, gratis. \u00bfGratis? Obvio, porque ellos mismos creen que est\u00e1n haciendo valer sus convicciones. \u00bfPero, entonces, no son gente inteligente? Para no hacer explota un misil de soberbia, dejaremos sentado que se trata de gente inteligente. Tienen grandes capacidades para el tratamiento de grandes temas institucionales, de comprensi\u00f3n de variables de la econom\u00eda y hasta son buenos en la deducci\u00f3n de las roscas pol\u00edticas. Adem\u00e1s son gente informada en temas energ\u00e9ticos, ecol\u00f3gicos, sociales y culturales. \u00bfY entonces?<\/p>\n<p>Entonces, quienes realizamos diversas actividades intelectuales, quedamos expuestos a situaciones que nos pueden llegar a exigir adoptar alguna actitud, que casi siempre mantenemos. Las variables y motivos son m\u00faltiples: si durante nuestra adolescencia fuimos simpatizantes del Club Atlanta y hoy nos sentimos atra\u00eddos por Chacarita, es probable que podamos ejercer ese cambio sin problemas. Pero si cuando fuimos de Atlanta nos manifestamos ultra fan\u00e1ticos del club y se lo cont\u00e1bamos a toda persona que quisiera escucharlo o no, algo pasar\u00e1 por nuestro pensamiento y percepci\u00f3n de la mirada ajena hacia nosotros si hoy se nos ocurre mostrarnos hinchas de Chacarita, el gran rival de Atlanta.<\/p>\n<p>En proyecci\u00f3n, el periodismo liviano y defensor de intereses, aplica -entre otras complejidades- esa regla. Mostrarse desarraigado, cambiante y migratorio de conceptos no es para cualquiera. Incluso si se trata de personas muy inteligentes. Volemos a la \u00faltima pregunta \u00bfY entonces? Entonces hay que banc\u00e1rsela y eso es mucho m\u00e1s dif\u00edcil que ubicarse en alg\u00fan margen de la famosa grieta argentina actual. La actual divisi\u00f3n del periodismo pasa por ser seria y <strong>sustentablemente<\/strong> profesional, o ir por el mundo gritando por supuestos ideales de los -muchas veces- ni siquiera nos henos puesto a pensar si coinciden con alguno de los nuestros, si es que alguna vez los tuvimos.<\/p>","protected":false},"excerpt":{"rendered":"<p>Medio pa\u00eds hablando de que Alberto Fern\u00e1ndez fue a dar clase a la Facultad de Derecho, es \u00abun centro de Messi para el cabezazo de gol\u00bb en este medio de comunicaci\u00f3n, lamentablemente demasiado exclusivo para freethinkers, cuando quienes no lo son, deber\u00edan acudir a esta p\u00e1ginas para ir empezando a ganar un poco de criterio. [&hellip;]<\/p>","protected":false},"author":4,"featured_media":617461,"comment_status":"closed","ping_status":"closed","sticky":false,"template":"","format":"standard","meta":[],"categories":[75,7,56],"tags":[],"series":[],"_links":{"self":[{"href":"https:\/\/www.diario5.com.ar\/es\/wp-json\/wp\/v2\/posts\/617455"}],"collection":[{"href":"https:\/\/www.diario5.com.ar\/es\/wp-json\/wp\/v2\/posts"}],"about":[{"href":"https:\/\/www.diario5.com.ar\/es\/wp-json\/wp\/v2\/types\/post"}],"author":[{"embeddable":true,"href":"https:\/\/www.diario5.com.ar\/es\/wp-json\/wp\/v2\/users\/4"}],"replies":[{"embeddable":true,"href":"https:\/\/www.diario5.com.ar\/es\/wp-json\/wp\/v2\/comments?post=617455"}],"version-history":[{"count":6,"href":"https:\/\/www.diario5.com.ar\/es\/wp-json\/wp\/v2\/posts\/617455\/revisions"}],"predecessor-version":[{"id":617463,"href":"https:\/\/www.diario5.com.ar\/es\/wp-json\/wp\/v2\/posts\/617455\/revisions\/617463"}],"wp:featuredmedia":[{"embeddable":true,"href":"https:\/\/www.diario5.com.ar\/es\/wp-json\/wp\/v2\/media\/617461"}],"wp:attachment":[{"href":"https:\/\/www.diario5.com.ar\/es\/wp-json\/wp\/v2\/media?parent=617455"}],"wp:term":[{"taxonomy":"category","embeddable":true,"href":"https:\/\/www.diario5.com.ar\/es\/wp-json\/wp\/v2\/categories?post=617455"},{"taxonomy":"post_tag","embeddable":true,"href":"https:\/\/www.diario5.com.ar\/es\/wp-json\/wp\/v2\/tags?post=617455"},{"taxonomy":"series","embeddable":true,"href":"https:\/\/www.diario5.com.ar\/es\/wp-json\/wp\/v2\/series?post=617455"}],"curies":[{"name":"wp","href":"https:\/\/api.w.org\/{rel}","templated":true}]}}