{"id":617453,"date":"2020-03-11T10:01:35","date_gmt":"2020-03-11T13:01:35","guid":{"rendered":"https:\/\/www.diario5.com.ar\/noches-de-musica-cine-y-astrologia-en-la-terraza-del-cc25\/"},"modified":"2020-03-11T10:01:35","modified_gmt":"2020-03-11T13:01:35","slug":"noches-de-musica-cine-y-astrologia-en-la-terraza-del-cc25","status":"publish","type":"post","link":"https:\/\/www.diario5.com.ar\/es\/noches-de-musica-cine-y-astrologia-en-la-terraza-del-cc25\/","title":{"rendered":"Noches de m\u00fasica, cine y astrolog\u00eda en la Terraza del CC25"},"content":{"rendered":"<h2 class=\"sub-title-primary\"><\/h2> <div>\n<p>En el mes de las mujeres, el cl\u00e1sico de Villa Urquiza se ilumina con la energ\u00eda de la Luna. Seis fechas para disfrutar de charlas astrol\u00f3gicas, cine mudo musicalizado y un espacio de encuentro con bar para compartir junto a amigos.<\/p>\n<p>Los viernes est\u00e1n dedicados a un serie de charlas sobre astrolog\u00eda y los s\u00e1bados para compartir proyecciones de cine mudo musicalizadas y performances musicales de mujeres.<\/p>\n<blockquote>\n<p>Las entradas gratuitas se retiran una hora antes de cada funci\u00f3n hasta colmar la capacidad de la terraza<\/p>\n<\/blockquote>\n<p><\/p>\n<blockquote>\n<p>Viernes lun\u00e1ticos<\/p>\n<\/blockquote>\n<p>Una serie de charlas con lo mejor de la astrolog\u00eda para descubrir una historia fascinante de los astros y su relaci\u00f3n con todos nosotros.<\/p>\n<p><strong>Viernes 13<\/strong>, a las 20, M\u00edstica y delincuencia. Historia criminal de la magia y prontuario de la astrolog\u00eda. Astro Mostra con Tom\u00e1s Rebord (abogado).<\/p>\n<p><strong>Viernes 20<\/strong>, a las 20, Escritoras y Hechiceras. Autoras y brujas en la literatura argentina. Astro Mostra con Lu Martinez (tarotista y guionista).<\/p>\n<p><strong>Viernes 27<\/strong>, a las 20, Far\u00e1ndula y Espiritualidad. Chantas, c\u00e1balas y lo m\u00e1s turbio de las estrellas argentinas. Astro Mostra con Noelia Custodio, (comediante).<\/p>\n<p><img decoding=\"async\" loading=\"lazy\" src=\"https:\/\/www.diario5.com.ar\/wp-content\/uploads\/2020\/03\/cinemudo01.jpg\" width=\"2079\" height=\"1386\" alt=\"Noches de m\u00fasica, cine y astrolog\u00eda en la Terraza del CC25\" title=\"CC25\"><\/p>\n<blockquote>\n<p>S\u00e1bados de cine y m\u00fasica por mujeres<\/p>\n<\/blockquote>\n<p>Los s\u00e1bados ser\u00e1n para compartir proyecciones y performance de directoras y cantantes en el marco del mes de las mujeres.<\/p>\n<p><strong>S\u00e1bado 14<\/strong>, a las 20, Proyecci\u00f3n de la pel\u00edcula Banda de chicas, de Marilina Gim\u00e9nez. Presentaci\u00f3n de la directora, equipo e invitadas especiales para responder preguntas.<\/p>\n<p><strong>S\u00e1bado 21<\/strong>, a las 20, Obra perform\u00e1tica de cine y m\u00fasica. Sr Woman en Lady Ray Van Ring de Marianela Portillo. Performers: Carla Crespo, Guillermina Etkin, Marianela Portillo del Rayo.<\/p>\n<p><strong>S\u00e1bado 28<\/strong>, a las 20, Proyecci\u00f3n de pel\u00edculas mudas con m\u00fasica en vivo: cortometrajes de Alice Guy,  curados y presentados por Eva Noriega, con m\u00fasica de Mar\u00eda Ezquiaga.<\/p>\n<\/div>","protected":false},"excerpt":{"rendered":"<p>En el mes de las mujeres, el cl\u00e1sico de Villa Urquiza se ilumina con la energ\u00eda de la Luna. Seis fechas para disfrutar de charlas astrol\u00f3gicas, cine mudo musicalizado y un espacio de encuentro con bar para compartir junto a amigos. Los viernes est\u00e1n dedicados a un serie de charlas sobre astrolog\u00eda y los s\u00e1bados [&hellip;]<\/p>","protected":false},"author":8,"featured_media":617454,"comment_status":"open","ping_status":"closed","sticky":false,"template":"","format":"standard","meta":[],"categories":[5],"tags":[],"series":[],"_links":{"self":[{"href":"https:\/\/www.diario5.com.ar\/es\/wp-json\/wp\/v2\/posts\/617453"}],"collection":[{"href":"https:\/\/www.diario5.com.ar\/es\/wp-json\/wp\/v2\/posts"}],"about":[{"href":"https:\/\/www.diario5.com.ar\/es\/wp-json\/wp\/v2\/types\/post"}],"author":[{"embeddable":true,"href":"https:\/\/www.diario5.com.ar\/es\/wp-json\/wp\/v2\/users\/8"}],"replies":[{"embeddable":true,"href":"https:\/\/www.diario5.com.ar\/es\/wp-json\/wp\/v2\/comments?post=617453"}],"version-history":[{"count":0,"href":"https:\/\/www.diario5.com.ar\/es\/wp-json\/wp\/v2\/posts\/617453\/revisions"}],"wp:featuredmedia":[{"embeddable":true,"href":"https:\/\/www.diario5.com.ar\/es\/wp-json\/wp\/v2\/media\/617454"}],"wp:attachment":[{"href":"https:\/\/www.diario5.com.ar\/es\/wp-json\/wp\/v2\/media?parent=617453"}],"wp:term":[{"taxonomy":"category","embeddable":true,"href":"https:\/\/www.diario5.com.ar\/es\/wp-json\/wp\/v2\/categories?post=617453"},{"taxonomy":"post_tag","embeddable":true,"href":"https:\/\/www.diario5.com.ar\/es\/wp-json\/wp\/v2\/tags?post=617453"},{"taxonomy":"series","embeddable":true,"href":"https:\/\/www.diario5.com.ar\/es\/wp-json\/wp\/v2\/series?post=617453"}],"curies":[{"name":"wp","href":"https:\/\/api.w.org\/{rel}","templated":true}]}}