{"id":617401,"date":"2020-03-04T10:01:43","date_gmt":"2020-03-04T13:01:43","guid":{"rendered":"https:\/\/www.diario5.com.ar\/un-mes-lleno-de-actividades-por-el-dia-internacional-de-la-mujer\/"},"modified":"2020-03-04T10:01:43","modified_gmt":"2020-03-04T13:01:43","slug":"un-mes-lleno-de-actividades-por-el-dia-internacional-de-la-mujer","status":"publish","type":"post","link":"https:\/\/www.diario5.com.ar\/es\/un-mes-lleno-de-actividades-por-el-dia-internacional-de-la-mujer\/","title":{"rendered":"Un mes lleno de actividades por el D\u00eda Internacional de la Mujer"},"content":{"rendered":"<h2 class=\"sub-title-primary\"><\/h2> <div>\n<p>Con el objetivo de amplificar las voces de las mujeres desde la cultura y visibilizar las problem\u00e1ticas vinculadas a los temas de g\u00e9nero, <strong>durante todo el mes se llevar\u00e1n a cabo actividades culturales gratuitas o accesibles en la Ciudad<\/strong>, relacionadas al 8 de marzo. Alrededor de la fecha que conmemora la lucha por los derechos de las mujeres y la igualdad de g\u00e9nero, se ofrecer\u00e1n espect\u00e1culos musicales, jornadas de debate, pel\u00edculas, talleres, teatro, m\u00fasica en vivo, entre otras expresiones art\u00edsticas, que cuentan con el protagonismo de las mujeres.<\/p>\n<\/p>\n<blockquote>\n<p>Habr\u00e1 teatro, talleres, performances, m\u00fasica en vivo, ferias, pel\u00edculas y charlas con referentes como Rita Segato, para conmemorar esta fecha de lucha por los derechos, el respeto y la igualdad.<\/p>\n<\/blockquote>\n<h3>#FuerzaHermana<\/h3>\n<p>En marzo y abril, el <a href=\"http:\/\/www.centroculturalrecoleta.org\/\">Centro Cultural Recoleta<\/a> acompa\u00f1a la fuerza de la lucha y la sororidad que est\u00e1n transformando el mundo, con actividades y encuentros encabezados por referentes culturales, art\u00edsticos y proyectos que proponen pensar los contextos actuales y modos posibles de hacer las cosas: Rita Segato, Susy Shock, Thelma Fardin, Luciana Peker, Naty Menstrual, Irana Douer, el colectivo Onaire, entre otros grupos y solistas, integran una programaci\u00f3n de incluye <strong>charlas, ciclos de lectura, talleres, performances, recitales, ferias, pel\u00edculas<\/strong>, entre otras propuestas.<\/p>\n<p><strong>Direcci\u00f3n<\/strong>: Jun\u00edn 1930<br \/>\n<a class=\"btn btn-small btn-primary\" href=\"http:\/\/www.centroculturalrecoleta.org\/\" target=\"_blank\" rel=\"noopener noreferrer\">Visit\u00e1 el sitio<\/a><\/p>\n<hr>\n<h3>Semana de La Mujer y el Cine<\/h3>\n<p>Desde el 9 al 13 de marzo, <a href=\"http:\/\/www.buenosaires.gob.ar\/cultura\/ba-audiovisual\">BA Audiovisual<\/a> en articulaci\u00f3n con \u201cLa Mujer y el Cine\u201d, llevar\u00e1n adelante estas jornadas de debate con la presencia de importantes referentes del cine; habr\u00e1 una amplia programaci\u00f3n de cortometrajes vinculados a las tem\u00e1ticas de g\u00e9nero, m\u00fasica en vivo y una exposici\u00f3n de afiches de pel\u00edculas que fueron dirigidas por directoras mujeres.<\/p>\n<p>Casa de la Cultura &#8211; Sala de exposiciones Subsuelo<br \/>\n<strong>Direcci\u00f3n<\/strong>: Av de Mayo 575<br \/>\n<strong>Horario<\/strong>: 18h.<br \/>\n<em>Entrada libre y gratuita, sujeta a la capacidad de la sala.<\/em><\/p>\n<p><a class=\"btn btn-small btn-primary\" href=\"http:\/\/www.buenosaires.gob.ar\/cultura\/impulso-cultural\" target=\"_blank\" rel=\"noopener noreferrer\">Visit\u00e1 el sitio<\/a><\/p>\n<hr>\n<h3>Las Modernas toman el museo<\/h3>\n<p>La <strong>jornada art\u00edstica de acciones de mujeres<\/strong> incluye:<\/p>\n<p><em>Retrat\u00f3n<\/em><br \/>\nMarat\u00f3n de Retratos de Familia, a cargo de la ilustradora Titi-Hoon. Un encuentro que propone pensar en conjunto un concepto m\u00e1s amplio y diverso de familias, invitando a cada visitante a retratarse junto a las y los suyos en el Museo Moderno.<\/p>\n<p><em>Taller de estampa<\/em><br \/>\nEstampado de obras de artistas mujeres del museo, a cargo del colectivo Estampa Feminista y el colectivo Viva Estampa, Programa Cultural de Inclusi\u00f3n Comunitaria de la DGSAM (Direcci\u00f3n General de Salud Mental). Cada visitante puede traer sus propias telas, prendas y objetos textiles para estampar.<\/p>\n<p>Museo de Arte Moderno de Buenos Aires &#8211; Espacio \u00danico<br \/>\n<strong>Direcci\u00f3n<\/strong>: Av. San Juan 350<br \/>\n<strong>Horario<\/strong>: de 14 a 17h.<br \/>\n<em>Entrada libre y gratuita para todas.<\/em><\/p>\n<p><a class=\"btn btn-small btn-primary\" href=\"https:\/\/www.museomoderno.org\/es\" target=\"_blank\" rel=\"noopener noreferrer\">Visit\u00e1 el sitio<\/a><\/p>\n<hr>\n<h3>Mujeres en los Museos de la Ciudad<\/h3>\n<p>La Direcci\u00f3n de Patrimonio, Museos y Casco Hist\u00f3rico presenta el <strong>Ciclo Mujeres en Escena, para celebrar el rol de la mujer dentro de la cultura<\/strong>, como creadora y portadora de las historias que hacen a nuestra identidad. El esp\u00edritu de este ciclo es que mujeres muy diversas y de una amplia gama de disciplinas puedan expresar su arte y conocer la historia del casco a trav\u00e9s de mujeres con distintas miradas. Se realizar\u00e1n performances, espect\u00e1culos de danza, musicales, milongas, lecturas, jam de dibujo, visuales, cine y stand up.<\/p>\n<p><em>En los 10 Museos de la Ciudad<\/em><br \/>\n<strong>Fecha y horario<\/strong>: Todos los mi\u00e9rcoles y jueves de marzo &#8211; 19h.<br \/>\n<em>Entrada gratuita<\/em><\/p>\n<p><em>Apertura Museo S\u00edvori<\/em><br \/>\n<strong>Direcci\u00f3n<\/strong>: Av. Infanta Isabel 555<br \/>\n<strong>Fecha y horario<\/strong>: Mi\u00e9rcoles 4\/3 &#8211; 19h.<br \/>\n<strong>Espect\u00e1culos musicales<\/strong>: Vanesa Butera y Silvina Moreno<\/p>\n<p><a class=\"btn btn-small btn-primary\" href=\"http:\/\/www.buenosaires.gob.ar\/museos\" target=\"_blank\" rel=\"noopener noreferrer\">Visit\u00e1 el sitio<\/a><\/p>\n<hr>\n<h3>El D\u00eda de la Mujer en la Usina<\/h3>\n<p>El domingo 8 de marzo habr\u00e1 una <strong>programaci\u00f3n especial con actividades gratuitas protagonizadas por mujeres<\/strong>: shows en vivo, talleres, clases de cocina, charlas, espect\u00e1culos, muestras de visuales, una feria emprendedoras y un gran patio gastron\u00f3mico.<\/p>\n<p><strong>Actividades destacadas<\/strong>:<\/p>\n<p><em>Mim\u00ed Maura<\/em><br \/>\nA las 20 en el Auditorio.<\/p>\n<p><em>Women &#8211; Poder femenino en foco<\/em><br \/>\nde 11 a 21 en la Sala Laberinto.<\/p>\n<p><em>Recetas heredadas<\/em><br \/>\nPasteler\u00eda por Juliana L\u00f3pez May y Anita Ortu\u00f1o.<\/p>\n<p><em>Paula Maffia<\/em><br \/>\nA las 19 en la Sala de C\u00e1mara.<\/p>\n<p>Usina del Arte<br \/>\n<strong>Direcci\u00f3n<\/strong>: Agust\u00edn R. Caffarena 1<br \/>\n<em>Todas las actividades son gratuitas, algunas requieren reserva online.<\/em><br \/>\n<strong>Horario<\/strong>: de 11 a 20h.<\/p>\n<p><a class=\"btn btn-small btn-primary\" href=\"http:\/\/www.buenosaires.gob.ar\/cultura\/noticias\/la-usina-del-arte-prepara-un-gran-homenaje-para-el-dia-de-la-mujer\" target=\"_blank\" rel=\"noopener noreferrer\">Visit\u00e1 el sitio<\/a><\/p>\n<hr>\n<h3>\u00a1Recital ol\u00edmpico!\u00bb de Camila Fabbri y Eugenia P\u00e9rez Tomas<\/h3>\n<p>La atleta rumana Nadia Comaneci y la poeta ucraniana Nika Turbina en un cruce fant\u00e1stico y epistolar. Las directoras Camila Fabbri y Eugenia P\u00e9rez Tomas indagan estas biograf\u00edas como materia de ficci\u00f3n.<\/p>\n<p>Teatro Sarmiento<br \/>\n<strong>Direcci\u00f3n<\/strong>: Av. Sarmiento 2715<br \/>\n<em>Platea: $320 &#8211; D\u00eda popular (jueves): $160.<\/em><br \/>\n<strong>Estreno jueves 12\/03<\/strong><br \/>\n<strong>Fechas<\/strong>: Funciones de jueves a domingo a las 20:30h .<\/p>\n<p><a class=\"btn btn-small btn-primary\" href=\"https:\/\/complejoteatral.gob.ar\/\" target=\"_blank\" rel=\"noopener noreferrer\">Visit\u00e1 el sitio<\/a><\/p>\n<hr>\n<h3>M\u00fasica en el Hall<\/h3>\n<p>\u00a1El martes 10 de marzo, ven\u00ed a disfrutar de este recital en vivo!<\/p>\n<p><em>Miau Tr\u00edo<\/em><br \/>\nInvitada especial: <strong>Julieta Venegas<\/strong><\/p>\n<p>Teatro San Mart\u00edn &#8211; Hall Central Alfredo Alc\u00f3n<br \/>\n<strong>Direcci\u00f3n<\/strong>: Av. Corrientes 1530<br \/>\n<strong>Horario<\/strong>: 19h.<br \/>\n<em>Entrada: libre y gratuita, sujeta a capacidad de la sala<\/em><\/p>\n<p><a class=\"btn btn-small btn-primary\" href=\"https:\/\/complejoteatral.gob.ar\/\" target=\"_blank\" rel=\"noopener noreferrer\">Visit\u00e1 el sitio<\/a><\/p>\n<hr>\n<h3>Autoras y directoras mujeres en la escena contempor\u00e1nea<\/h3>\n<p>En el mes de la mujer, <a href=\"http:\/\/www.elculturalsanmartin.org\/\">El Cultural San Mart\u00edn<\/a> invita a conocer las <strong>obras de autoras y directoras mujeres<\/strong> presentes en la escena contempor\u00e1nea.<\/p>\n<p><em>\u201cMariposas en la Ciudad\u201d<\/em><br \/>\nEn el Patio Cubierto a cargo de Victoria Ferreyra por Fundaci\u00f3n Pinta Argentina. <strong>De martes a domingos de 15 a 21h<\/strong>.<br \/>\n<em>Entrada libre y gratuita.<\/em><\/p>\n<p><em>\u201cJoey\u201d de Cecilia Bassano<\/em><br \/>\nUn reestreno que se podr\u00e1 disfrutar los <strong>viernes y s\u00e1bados a las 20 hs a partir del 13 de marzo<\/strong>.<br \/>\n<em>Entrada general: $350; estudiantes y jubilados: $250<\/em>.<\/p>\n<p><strong>Ciclo de \u201cInyecci\u00f3n de Danza\u201d por Fabiana Capriotti.<\/strong><br \/>\n<em>\u201cDanza y peligro\u201d<\/em><br \/>\n<strong>Fecha y horario<\/strong>: Jueves 19, viernes 20, s\u00e1bado 21 y domingo 22 de marzo a las 20.30h.<br \/>\n<em>Entrada general: $350; estudiantes y jubilados: $250<\/em><br \/>\nSala Alberdi<\/p>\n<p><em>\u201cSexy o insolencia\u201d<\/em><br \/>\n<strong>Fecha y horario<\/strong>: S\u00e1bado 28 y domingo 29 de marzo a las 20.30h.<br \/>\n<em>Entrada general: $350; estudiantes y jubilados: $250<\/em><br \/>\nSala Alberdi<\/p>\n<p><em>Presentaci\u00f3n del libro \u201cLeer danza (ando)\u201d<\/em><br \/>\n<strong>Fecha y horario<\/strong>: Viernes 20 de marzo a las 19h.<br \/>\n<em>Entrada libre y gratuita<\/em><br \/>\nSala D<\/p>\n<p><a class=\"btn btn-small btn-primary\" href=\"http:\/\/www.elculturalsanmartin.org\/\" target=\"_blank\" rel=\"noopener noreferrer\">Visit\u00e1 el sitio<\/a><\/p>\n<hr>\n<h3>M\u00fasica en el Anfiteatro del Parque Centenario<\/h3>\n<p>El viernes 6 de marzo, en conmemoraci\u00f3n del D\u00eda de la Mujer, la <strong>Orquesta del Tango de Buenos Aires<\/strong>, organismo estable de la Direcci\u00f3n General de M\u00fasica del Gobierno de la Ciudad Aut\u00f3noma de Buenos Aires, <strong>realizar\u00e1 una presentaci\u00f3n especial<\/strong> con la participaci\u00f3n de las ganadoras del Certamen Hugo del Carril 2019, Malena Rossi, Ver\u00f3nica Koufatti y Luisina Mathieu.<\/p>\n<p>Anfiteatro del Parque Centenario<br \/>\n<strong>Direcci\u00f3n<\/strong>: Av. Lillo y Leopoldo Marechal<br \/>\n<em>Actividad gratuita<\/em><br \/>\n<strong>Horario<\/strong>: 20h.<\/p>\n<hr>\n<h3>Homenaje a grandes mujeres artistas<\/h3>\n<p>Los homenajes a realizarse ser\u00e1n los siguientes:<\/p>\n<p><em>Las cineastas Emilia Saleny y Alice Guy<\/em><br \/>\nEn el D\u00eda Internacional de la Mujer se exhibir\u00e1 \u00fanica funci\u00f3n especial del film \u00abEl pa\u00f1uelo de Clarita\u00bb dirigido por la pionera del cine argentino y latinoamericano Emilia Saleny, en el a\u00f1o 1919. La exhibici\u00f3n ser\u00e1 acompa\u00f1ada por una breve entrevista a la investigadora Moira Fradinger y el coleccionista Enrique Bouchard, centrada en Saleny, la importancia hist\u00f3rica de su figura y el rescate de la pel\u00edcula. En la misma funci\u00f3n podr\u00e1n verse dos films de un rollo dirigidos por otra cineasta precursora, la francoestadounidense Alice Guy: Hojas que caen (1912, 12\u2019) y La chica del sill\u00f3n (1912, 10\u2019).<\/p>\n<p>Sala Leopoldo Lugones<br \/>\n<strong>Direcci\u00f3n<\/strong>: Av. Corrientes 1529<br \/>\n<strong>Fecha y horario<\/strong>: Domingo 8\/3 a las 16.30h.<\/p>\n<p><em>La compositora y primera bandoneonista profesional del tango Paquita Bernardo<\/em><br \/>\nEn el marco del Mes de la Mujer, la Direcci\u00f3n General de Ense\u00f1anza Art\u00edstica del Ministerio de Cultura de la Ciudad, propone un biodrama ficcionado en homenaje a la compositora y primera bandoneonista profesional de tango Paquita Bernardo, conocida como \u00abla Flor de Villa Crespo\u00bb. Fue una adelantada a su tiempo, llegando a crear su propia orquesta que tuvo el privilegio de contar en sus filas con Osvaldo Pugliese y Elvino Vardaro. Texto y direcci\u00f3n de Andrea Marrazi.<\/p>\n<p>Espacio La Vidriera<br \/>\n<strong>Direcci\u00f3n<\/strong>: Per\u00fa 374<br \/>\n<strong>Fecha y horario<\/strong>: Jueves 19\/03 a las 19:30h.<\/p>\n<\/div>","protected":false},"excerpt":{"rendered":"<p>Con el objetivo de amplificar las voces de las mujeres desde la cultura y visibilizar las problem\u00e1ticas vinculadas a los temas de g\u00e9nero, durante todo el mes se llevar\u00e1n a cabo actividades culturales gratuitas o accesibles en la Ciudad, relacionadas al 8 de marzo. Alrededor de la fecha que conmemora la lucha por los derechos [&hellip;]<\/p>","protected":false},"author":8,"featured_media":617402,"comment_status":"open","ping_status":"closed","sticky":false,"template":"","format":"standard","meta":[],"categories":[5],"tags":[],"series":[],"_links":{"self":[{"href":"https:\/\/www.diario5.com.ar\/es\/wp-json\/wp\/v2\/posts\/617401"}],"collection":[{"href":"https:\/\/www.diario5.com.ar\/es\/wp-json\/wp\/v2\/posts"}],"about":[{"href":"https:\/\/www.diario5.com.ar\/es\/wp-json\/wp\/v2\/types\/post"}],"author":[{"embeddable":true,"href":"https:\/\/www.diario5.com.ar\/es\/wp-json\/wp\/v2\/users\/8"}],"replies":[{"embeddable":true,"href":"https:\/\/www.diario5.com.ar\/es\/wp-json\/wp\/v2\/comments?post=617401"}],"version-history":[{"count":0,"href":"https:\/\/www.diario5.com.ar\/es\/wp-json\/wp\/v2\/posts\/617401\/revisions"}],"wp:featuredmedia":[{"embeddable":true,"href":"https:\/\/www.diario5.com.ar\/es\/wp-json\/wp\/v2\/media\/617402"}],"wp:attachment":[{"href":"https:\/\/www.diario5.com.ar\/es\/wp-json\/wp\/v2\/media?parent=617401"}],"wp:term":[{"taxonomy":"category","embeddable":true,"href":"https:\/\/www.diario5.com.ar\/es\/wp-json\/wp\/v2\/categories?post=617401"},{"taxonomy":"post_tag","embeddable":true,"href":"https:\/\/www.diario5.com.ar\/es\/wp-json\/wp\/v2\/tags?post=617401"},{"taxonomy":"series","embeddable":true,"href":"https:\/\/www.diario5.com.ar\/es\/wp-json\/wp\/v2\/series?post=617401"}],"curies":[{"name":"wp","href":"https:\/\/api.w.org\/{rel}","templated":true}]}}