{"id":617366,"date":"2020-03-03T10:02:47","date_gmt":"2020-03-03T10:02:47","guid":{"rendered":"https:\/\/www.diario5.com.ar\/comienza-colon-en-la-ciudad-con-un-concierto-gratuito-de-la-filarmonica-en-la-usina-del-arte\/"},"modified":"2020-03-04T00:09:34","modified_gmt":"2020-03-04T00:09:34","slug":"comienza-colon-en-la-ciudad-con-un-concierto-gratuito-de-la-filarmonica-en-la-usina-del-arte","status":"publish","type":"post","link":"https:\/\/www.diario5.com.ar\/es\/comienza-colon-en-la-ciudad-con-un-concierto-gratuito-de-la-filarmonica-en-la-usina-del-arte\/","title":{"rendered":"La OFBA va a la Usina para iniciar \u00abCol\u00f3n en la Ciudad\u00bb"},"content":{"rendered":"<h2 class=\"sub-title-primary\"><\/h2> <div>\n<p>La Orquesta Filarm\u00f3nica de la Ciudad realizar\u00e1 el primer concierto gratuito del ciclo \u00abColon en la Ciudad\u00bb. Se trata de una iniciativa del Teatro Col\u00f3n que busca acercar sus dos grandes orquestas \u2013 la Estable y la Filarm\u00f3nica- y el Ballet Estable a sus aficionados y alcanzar nuevos p\u00fablicos en otros escenarios de Buenos Aires, con un repertorio consagrado.<\/p>\n<p>La propuesta es para el pr\u00f3ximo <strong>s\u00e1bado 7 de marzo a las 20<\/strong> en la Usina del Arte (Agust\u00edn Caffarena 1, esquina Av. Don Pedro de Mendoza).<\/p>\n<p>Bajo la direcci\u00f3n musical del maestro Enrique Arturo Diemecke, el programa musical estar\u00e1 conformado por Danzas de Galanta, del compositor Zolt\u00e1n Kodaly y la Sinfon\u00eda N\u00b0 5 en do menor, Op. 67 de Ludwig Van Beethoven.<\/p>\n<h3>Entradas<br \/><\/h3>\n<p>Se podr\u00e1n retirar dos localidades por persona, hasta agotar la capacidad de la sala, el viernes 6 de marzo de 9 a 20 en la boleter\u00eda del Teatro Col\u00f3n, Tucum\u00e1n 1171 (4378-7109). Las entradas sobrantes se retiran el mismo s\u00e1bado 7 de marzo desde las 18 en la Usina.<\/p>\n<h3>Sobre Enrique Arturo Diemecke<br \/><\/h3>\n<p><\/p>\n<p>Desde 2007, el maestro mexicano Enrique Arturo Diemecke es Director Art\u00edstico de la Orquesta Filarm\u00f3nica de Buenos Aires. En 2017 fue nombrado Director General Art\u00edstico y de Producci\u00f3n del Teatro Col\u00f3n. Fue Director Art\u00edstico de la \u00d3pera de Bellas Artes de M\u00e9xico, donde dirigi\u00f3 m\u00e1s de 30 producciones l\u00edricas. Condujo algunas de las orquestas m\u00e1s importantes del mundo y fue galardonado con el prestigioso Gran Prix de l&#8217;Acad\u00e9mie du Disque Lyrique en varias ocasiones.<\/p>\n<p>La Orquesta Filarm\u00f3nica de Buenos Aires obtuvo dos Premios Konex de Platino como la mejor orquesta argentina de las dos \u00faltimas d\u00e9cadas, en 1999 y en 2009. En 2017 la Asociaci\u00f3n de Cr\u00edticos Musicales de la Argentina la distingui\u00f3 con el Premio \u201cMejor Orquesta Sinf\u00f3nica Argentina\u201d de 2016, galard\u00f3n que tambi\u00e9n obtuvo en 2014 y 2012. En el a\u00f1o 2019 recibi\u00f3 el Diploma al M\u00e9rito de la Fundaci\u00f3n Konex en la categor\u00eda orquesta argentina.<\/p>\n<blockquote>\n<p>Programa musical<\/p>\n<\/blockquote>\n<p><strong>Zolt\u00e1n Kodaly<\/strong><\/p>\n<p>Danzas de Galanta<\/p>\n<p><strong>Ludwig Van Beethoven<\/strong><\/p>\n<p>Sinfon\u00eda N\u00ba 5 en do menor, Op. 67<\/p>\n<ul>\n<li>Allegro con brio<\/li>\n<li>Andante con moto<\/li>\n<li>Scherzo. Allegro<\/li>\n<li>Allegro<\/li>\n<\/ul>\n<\/div>","protected":false},"excerpt":{"rendered":"<p>La Orquesta Filarm\u00f3nica de la Ciudad realizar\u00e1 el primer concierto gratuito del ciclo \u00abColon en la Ciudad\u00bb. Se trata de una iniciativa del Teatro Col\u00f3n que busca acercar sus dos grandes orquestas \u2013 la Estable y la Filarm\u00f3nica- y el Ballet Estable a sus aficionados y alcanzar nuevos p\u00fablicos en otros escenarios de Buenos Aires, [&hellip;]<\/p>","protected":false},"author":8,"featured_media":617367,"comment_status":"open","ping_status":"closed","sticky":false,"template":"","format":"standard","meta":[],"categories":[5],"tags":[],"series":[],"_links":{"self":[{"href":"https:\/\/www.diario5.com.ar\/es\/wp-json\/wp\/v2\/posts\/617366"}],"collection":[{"href":"https:\/\/www.diario5.com.ar\/es\/wp-json\/wp\/v2\/posts"}],"about":[{"href":"https:\/\/www.diario5.com.ar\/es\/wp-json\/wp\/v2\/types\/post"}],"author":[{"embeddable":true,"href":"https:\/\/www.diario5.com.ar\/es\/wp-json\/wp\/v2\/users\/8"}],"replies":[{"embeddable":true,"href":"https:\/\/www.diario5.com.ar\/es\/wp-json\/wp\/v2\/comments?post=617366"}],"version-history":[{"count":2,"href":"https:\/\/www.diario5.com.ar\/es\/wp-json\/wp\/v2\/posts\/617366\/revisions"}],"predecessor-version":[{"id":617398,"href":"https:\/\/www.diario5.com.ar\/es\/wp-json\/wp\/v2\/posts\/617366\/revisions\/617398"}],"wp:featuredmedia":[{"embeddable":true,"href":"https:\/\/www.diario5.com.ar\/es\/wp-json\/wp\/v2\/media\/617367"}],"wp:attachment":[{"href":"https:\/\/www.diario5.com.ar\/es\/wp-json\/wp\/v2\/media?parent=617366"}],"wp:term":[{"taxonomy":"category","embeddable":true,"href":"https:\/\/www.diario5.com.ar\/es\/wp-json\/wp\/v2\/categories?post=617366"},{"taxonomy":"post_tag","embeddable":true,"href":"https:\/\/www.diario5.com.ar\/es\/wp-json\/wp\/v2\/tags?post=617366"},{"taxonomy":"series","embeddable":true,"href":"https:\/\/www.diario5.com.ar\/es\/wp-json\/wp\/v2\/series?post=617366"}],"curies":[{"name":"wp","href":"https:\/\/api.w.org\/{rel}","templated":true}]}}