{"id":617170,"date":"2020-02-02T03:23:58","date_gmt":"2020-02-02T03:23:58","guid":{"rendered":"https:\/\/www.diario5.com.ar\/?p=617170"},"modified":"2020-02-02T23:45:52","modified_gmt":"2020-02-02T23:45:52","slug":"dia-super-capicua","status":"publish","type":"post","link":"https:\/\/www.diario5.com.ar\/es\/dia-super-capicua\/","title":{"rendered":"Domingo con fecha s\u00faper Capic\u00faa"},"content":{"rendered":"<h2 class=\"sub-title-primary\"><\/h2> <p style=\"text-align: left;\"><img decoding=\"async\" loading=\"lazy\" class=\"size-full wp-image-617172 alignright\" src=\"https:\/\/www.diario5.com.ar\/wp-content\/uploads\/2020\/02\/20200202.jpg\" alt=\"\" width=\"274\" height=\"172\" srcset=\"https:\/\/www.diario5.com.ar\/wp-content\/uploads\/2020\/02\/20200202.jpg 274w, https:\/\/www.diario5.com.ar\/wp-content\/uploads\/2020\/02\/20200202-260x163.jpg 260w, https:\/\/www.diario5.com.ar\/wp-content\/uploads\/2020\/02\/20200202-160x100.jpg 160w\" sizes=\"(max-width: 274px) 100vw, 274px\" \/>Hoy, 2 de febrero de 2020 es la primera de una serie de tres fechas que ser\u00e1n n\u00fameros capic\u00faa de 8 cifras, contando los ceros para la identificaci\u00f3n de fecha y mes, en algunos casos, necesarios en los formatos digitales. Uno de los n\u00fameros capic\u00faa que pueden conformarse con la fecha de hoy es el 02022020, tomando en cuenta el seguimiento a la forma tradicipnal de identificar d\u00eda, mes y a\u00f1o, en ese orden (2 de febrero de 2020). El otro es 20200202, el que responde al est\u00e1ndar de ordenamiento que ordena de manera correcta en programas como la Hoja de c\u00e1lculo Excel, las fechas en una lista.<\/p>\n<p><img decoding=\"async\" loading=\"lazy\" class=\"alignleft\" src=\"https:\/\/encrypted-tbn0.gstatic.com\/images?q=tbn%3AANd9GcQSpkzHvJDZhGYbyoh4nmgb4bz6jPNKpEGe0mA_GE0DX8kcrPvQ\" alt=\"Resultado de imagen para cortazar\" width=\"190\" height=\"119\" \/>Los pr\u00f3ximos n\u00fameros capic\u00faa conformados por fecha ser\u00e1n el 20211202 y su inverso 12022021, a cumplirse el 12 de febrero de 2021 y el inverso 22022022 correspondiente al 22 e febrero de 2022. Man\u00edas de los personajes literarios de Marcelo Zanotti, inspirados en las explicaciones que, de los propios, sol\u00eda dar Julio Cort\u00e1zar.<\/p>","protected":false},"excerpt":{"rendered":"<p>Hoy, 2 de febrero de 2020 es la primera de una serie de tres fechas que ser\u00e1n n\u00fameros capic\u00faa de 8 cifras, contando los ceros para la identificaci\u00f3n de fecha y mes, en algunos casos, necesarios en los formatos digitales. Uno de los n\u00fameros capic\u00faa que pueden conformarse con la fecha de hoy es el [&hellip;]<\/p>","protected":false},"author":1,"featured_media":617172,"comment_status":"open","ping_status":"open","sticky":false,"template":"","format":"standard","meta":[],"categories":[1],"tags":[],"series":[],"_links":{"self":[{"href":"https:\/\/www.diario5.com.ar\/es\/wp-json\/wp\/v2\/posts\/617170"}],"collection":[{"href":"https:\/\/www.diario5.com.ar\/es\/wp-json\/wp\/v2\/posts"}],"about":[{"href":"https:\/\/www.diario5.com.ar\/es\/wp-json\/wp\/v2\/types\/post"}],"author":[{"embeddable":true,"href":"https:\/\/www.diario5.com.ar\/es\/wp-json\/wp\/v2\/users\/1"}],"replies":[{"embeddable":true,"href":"https:\/\/www.diario5.com.ar\/es\/wp-json\/wp\/v2\/comments?post=617170"}],"version-history":[{"count":7,"href":"https:\/\/www.diario5.com.ar\/es\/wp-json\/wp\/v2\/posts\/617170\/revisions"}],"predecessor-version":[{"id":617180,"href":"https:\/\/www.diario5.com.ar\/es\/wp-json\/wp\/v2\/posts\/617170\/revisions\/617180"}],"wp:featuredmedia":[{"embeddable":true,"href":"https:\/\/www.diario5.com.ar\/es\/wp-json\/wp\/v2\/media\/617172"}],"wp:attachment":[{"href":"https:\/\/www.diario5.com.ar\/es\/wp-json\/wp\/v2\/media?parent=617170"}],"wp:term":[{"taxonomy":"category","embeddable":true,"href":"https:\/\/www.diario5.com.ar\/es\/wp-json\/wp\/v2\/categories?post=617170"},{"taxonomy":"post_tag","embeddable":true,"href":"https:\/\/www.diario5.com.ar\/es\/wp-json\/wp\/v2\/tags?post=617170"},{"taxonomy":"series","embeddable":true,"href":"https:\/\/www.diario5.com.ar\/es\/wp-json\/wp\/v2\/series?post=617170"}],"curies":[{"name":"wp","href":"https:\/\/api.w.org\/{rel}","templated":true}]}}